{"id":37742,"date":"2017-11-06T14:05:29","date_gmt":"2017-11-06T13:05:29","guid":{"rendered":"https:\/\/lexing.ch\/rgpd-avis-clair-prepose-genevois\/"},"modified":"2017-11-06T14:05:29","modified_gmt":"2017-11-06T13:05:29","slug":"rgpd-avis-clair-prepose-genevois","status":"publish","type":"post","link":"https:\/\/lexing.ch\/en\/rgpd-avis-clair-prepose-genevois\/","title":{"rendered":"RGPD : un avis clair du pr\u00e9pos\u00e9 genevois\u00a0!"},"content":{"rendered":"<p><strong>Application du R\u00e8glement g\u00e9n\u00e9ral de protection des donn\u00e9es de l\u2019Union europ\u00e9enne (RGPD) aux institutions publiques\u00a0: le Pr\u00e9pos\u00e9 genevois \u00e0 la protection des donn\u00e9es et \u00e0 la transparence \u00e9met un avis clair\u00a0!<\/strong><\/p>\n<p>Dans le Bulletin d\u2019information n\u00b0 47 de septembre 2017, Monsieur St\u00e9phane Werly, Pr\u00e9pos\u00e9 genevois \u00e0 la protection des donn\u00e9es et \u00e0 la transparence s\u2019exprime en ces termes, en r\u00e9ponse \u00e0 la question de savoir si les institutions publiques genevoises peuvent \u00eatre soumises \u00e0 l\u2019application du RGPD (<a href=\"https:\/\/www.ge.ch\/ppdt\/doc\/bulletin-info\/Bulletin-information-47-septembre-2017.pdf)\" target=\"_blank\" rel=\"noopener\">https:\/\/www.ge.ch\/ppdt\/doc\/bulletin-info\/Bulletin-information-47-septembre-2017.pdf)<\/a> :<\/p>\n<p>\u00ab\u00a0Oui. Le nouveau RGPD a pr\u00e9vu un principe d\u2019extra-territorialit\u00e9 qui vise \u00e0 faire appliquer les r\u00e8gles de l\u2019UE lorsque des donn\u00e9es \u00e0 caract\u00e8re personnel sont trait\u00e9es hors de l\u2019Europe. Ceci signifie que tout citoyen consid\u00e9rant que la protection de ses donn\u00e9es personnelles n\u2019a pas \u00e9t\u00e9 respect\u00e9e dans le contexte d\u2019une offre de biens ou de services ou un suivi par une entit\u00e9 publique genevoise pourra s\u2019adresser \u00e0 son autorit\u00e9 nationale de protection des donn\u00e9es, m\u00eame quand leurs donn\u00e9es sont trait\u00e9es par une entreprise \u00e9tablie en dehors de l\u2019UE. Toute institution publique genevoise doit \u00eatre inform\u00e9e que le nouveau r\u00e8glement de protection des donn\u00e9es qui entrera en vigueur le 1<sup>er<\/sup> juin 2018, sera aussi applicable aux traitements de donn\u00e9es de personnes qui se trouvent sur le territoire de l\u2019Union europ\u00e9enne quand bien m\u00eame l\u2019entit\u00e9 ou le sous-traitant de celle-ci se trouve hors de l\u2019Union europ\u00e9enne \u2013 en Suisse par exemple. Si vous \u00eates une entit\u00e9 publique genevoise, demandez-vous si vos activit\u00e9s vous am\u00e8nent \u00e0 offrir des prestations \u2013 offre de biens ou de services (r\u00e9mun\u00e9r\u00e9es ou non) ou le suivi d\u2019un comportement de personnes qui se trouvent sur le territoire de l\u2019Union europ\u00e9enne.\u00a0\u00bb.<\/p>\n<p>Avec cet avis autoris\u00e9, qui conforte ceux \u00e9mis auparavant par la doctrine, le mythe d\u2019une non-application du RGPD aux institutions publiques s\u2019effondre d\u00e9finitivement. Les collectivit\u00e9s publiques doivent \u00eatre conscientes qu\u2019elles peuvent \u00eatre sanctionn\u00e9es par des amendes consid\u00e9rables, dont le montant d\u00e9pendra notamment des mesures qu\u2019elles auront prises pour se mettre en conformit\u00e9.<\/p>\n","protected":false},"excerpt":{"rendered":"<p>Application du R\u00e8glement g\u00e9n\u00e9ral de protection des donn\u00e9es de l\u2019Union europ\u00e9enne (RGPD) aux institutions publiques\u00a0: le Pr\u00e9pos\u00e9 genevois \u00e0 la protection des donn\u00e9es et \u00e0 la transparence \u00e9met un avis clair\u00a0! Dans le Bulletin d\u2019information n\u00b0 47 de septembre 2017, Monsieur St\u00e9phane Werly, Pr\u00e9pos\u00e9 genevois \u00e0 la protection des donn\u00e9es et \u00e0 la transparence s\u2019exprime [&hellip;]<\/p>\n","protected":false},"author":2,"featured_media":36809,"comment_status":"open","ping_status":"open","sticky":false,"template":"","format":"standard","meta":{"_acf_changed":false,"footnotes":""},"categories":[11],"tags":[],"class_list":["post-37742","post","type-post","status-publish","format-standard","has-post-thumbnail","hentry","category-news-en"],"yoast_head":"<!-- This site is optimized with the Yoast SEO Premium plugin v20.11 (Yoast SEO v27.3) - https:\/\/yoast.com\/product\/yoast-seo-premium-wordpress\/ -->\n<title>RGPD : un avis clair du pr\u00e9pos\u00e9 genevois\u00a0! - Lexing Switzerland<\/title>\n<meta name=\"robots\" content=\"index, follow, max-snippet:-1, max-image-preview:large, max-video-preview:-1\" \/>\n<link rel=\"canonical\" href=\"https:\/\/lexing.ch\/rgpd-avis-clair-prepose-genevois\/\" \/>\n<meta property=\"og:locale\" content=\"en_US\" \/>\n<meta property=\"og:type\" content=\"article\" \/>\n<meta property=\"og:title\" content=\"RGPD : un avis clair du pr\u00e9pos\u00e9 genevois\u00a0!\" \/>\n<meta property=\"og:description\" content=\"Application du R\u00e8glement g\u00e9n\u00e9ral de protection des donn\u00e9es de l\u2019Union europ\u00e9enne (RGPD) aux institutions publiques\u00a0: le Pr\u00e9pos\u00e9 genevois \u00e0 la protection des donn\u00e9es et \u00e0 la transparence \u00e9met un avis clair\u00a0! Dans le Bulletin d\u2019information n\u00b0 47 de septembre 2017, Monsieur St\u00e9phane Werly, Pr\u00e9pos\u00e9 genevois \u00e0 la protection des donn\u00e9es et \u00e0 la transparence s\u2019exprime [&hellip;]\" \/>\n<meta property=\"og:url\" content=\"https:\/\/lexing.ch\/rgpd-avis-clair-prepose-genevois\/\" \/>\n<meta property=\"og:site_name\" content=\"Lexing Switzerland\" \/>\n<meta property=\"article:publisher\" content=\"https:\/\/www.facebook.com\/Lexing.ch\" \/>\n<meta property=\"article:published_time\" content=\"2017-11-06T13:05:29+00:00\" \/>\n<meta property=\"og:image\" content=\"https:\/\/lexing.ch\/wp-content\/uploads\/2016\/01\/fantipresquemaigre-1.jpg\" \/>\n\t<meta property=\"og:image:width\" content=\"3264\" \/>\n\t<meta property=\"og:image:height\" content=\"2448\" \/>\n\t<meta property=\"og:image:type\" content=\"image\/jpeg\" \/>\n<meta name=\"author\" content=\"C\u00e9dric Charles\" \/>\n<meta name=\"twitter:card\" content=\"summary_large_image\" \/>\n<meta name=\"twitter:creator\" content=\"@sebastienfanti\" \/>\n<meta name=\"twitter:site\" content=\"@sebastienfanti\" \/>\n<meta name=\"twitter:label1\" content=\"Written by\" \/>\n\t<meta name=\"twitter:data1\" content=\"C\u00e9dric Charles\" \/>\n\t<meta name=\"twitter:label2\" content=\"Est. reading time\" \/>\n\t<meta name=\"twitter:data2\" content=\"2 minutes\" \/>\n<script type=\"application\/ld+json\" class=\"yoast-schema-graph\">{\"@context\":\"https:\\\/\\\/schema.org\",\"@graph\":[{\"@type\":\"Article\",\"@id\":\"https:\\\/\\\/lexing.ch\\\/rgpd-avis-clair-prepose-genevois\\\/#article\",\"isPartOf\":{\"@id\":\"https:\\\/\\\/lexing.ch\\\/rgpd-avis-clair-prepose-genevois\\\/\"},\"author\":{\"name\":\"C\u00e9dric Charles\",\"@id\":\"https:\\\/\\\/lexing.ch\\\/#\\\/schema\\\/person\\\/87d1e2eaa274b4698439c237565855d5\"},\"headline\":\"RGPD : un avis clair du pr\u00e9pos\u00e9 genevois\u00a0!\",\"datePublished\":\"2017-11-06T13:05:29+00:00\",\"mainEntityOfPage\":{\"@id\":\"https:\\\/\\\/lexing.ch\\\/rgpd-avis-clair-prepose-genevois\\\/\"},\"wordCount\":385,\"commentCount\":0,\"publisher\":{\"@id\":\"https:\\\/\\\/lexing.ch\\\/#organization\"},\"image\":{\"@id\":\"https:\\\/\\\/lexing.ch\\\/rgpd-avis-clair-prepose-genevois\\\/#primaryimage\"},\"thumbnailUrl\":\"https:\\\/\\\/lexing.ch\\\/wp-content\\\/uploads\\\/2016\\\/01\\\/fantipresquemaigre-1.jpg\",\"articleSection\":[\"News\"],\"inLanguage\":\"en-US\"},{\"@type\":\"WebPage\",\"@id\":\"https:\\\/\\\/lexing.ch\\\/rgpd-avis-clair-prepose-genevois\\\/\",\"url\":\"https:\\\/\\\/lexing.ch\\\/rgpd-avis-clair-prepose-genevois\\\/\",\"name\":\"RGPD : un avis clair du pr\u00e9pos\u00e9 genevois\u00a0! - Lexing Switzerland\",\"isPartOf\":{\"@id\":\"https:\\\/\\\/lexing.ch\\\/#website\"},\"primaryImageOfPage\":{\"@id\":\"https:\\\/\\\/lexing.ch\\\/rgpd-avis-clair-prepose-genevois\\\/#primaryimage\"},\"image\":{\"@id\":\"https:\\\/\\\/lexing.ch\\\/rgpd-avis-clair-prepose-genevois\\\/#primaryimage\"},\"thumbnailUrl\":\"https:\\\/\\\/lexing.ch\\\/wp-content\\\/uploads\\\/2016\\\/01\\\/fantipresquemaigre-1.jpg\",\"datePublished\":\"2017-11-06T13:05:29+00:00\",\"breadcrumb\":{\"@id\":\"https:\\\/\\\/lexing.ch\\\/rgpd-avis-clair-prepose-genevois\\\/#breadcrumb\"},\"inLanguage\":\"en-US\",\"potentialAction\":[{\"@type\":\"ReadAction\",\"target\":[\"https:\\\/\\\/lexing.ch\\\/rgpd-avis-clair-prepose-genevois\\\/\"]}]},{\"@type\":\"ImageObject\",\"inLanguage\":\"en-US\",\"@id\":\"https:\\\/\\\/lexing.ch\\\/rgpd-avis-clair-prepose-genevois\\\/#primaryimage\",\"url\":\"https:\\\/\\\/lexing.ch\\\/wp-content\\\/uploads\\\/2016\\\/01\\\/fantipresquemaigre-1.jpg\",\"contentUrl\":\"https:\\\/\\\/lexing.ch\\\/wp-content\\\/uploads\\\/2016\\\/01\\\/fantipresquemaigre-1.jpg\",\"width\":3264,\"height\":2448},{\"@type\":\"BreadcrumbList\",\"@id\":\"https:\\\/\\\/lexing.ch\\\/rgpd-avis-clair-prepose-genevois\\\/#breadcrumb\",\"itemListElement\":[{\"@type\":\"ListItem\",\"position\":1,\"name\":\"Accueil\",\"item\":\"https:\\\/\\\/lexing.ch\\\/en\\\/\"},{\"@type\":\"ListItem\",\"position\":2,\"name\":\"RGPD : un avis clair du pr\u00e9pos\u00e9 genevois\u00a0!\"}]},{\"@type\":\"WebSite\",\"@id\":\"https:\\\/\\\/lexing.ch\\\/#website\",\"url\":\"https:\\\/\\\/lexing.ch\\\/\",\"name\":\"Lexing Switzerland\",\"description\":\"Common sense. Innovative solutions.\",\"publisher\":{\"@id\":\"https:\\\/\\\/lexing.ch\\\/#organization\"},\"potentialAction\":[{\"@type\":\"SearchAction\",\"target\":{\"@type\":\"EntryPoint\",\"urlTemplate\":\"https:\\\/\\\/lexing.ch\\\/?s={search_term_string}\"},\"query-input\":{\"@type\":\"PropertyValueSpecification\",\"valueRequired\":true,\"valueName\":\"search_term_string\"}}],\"inLanguage\":\"en-US\"},{\"@type\":\"Organization\",\"@id\":\"https:\\\/\\\/lexing.ch\\\/#organization\",\"name\":\"Lexing.ch\",\"url\":\"https:\\\/\\\/lexing.ch\\\/\",\"logo\":{\"@type\":\"ImageObject\",\"inLanguage\":\"en-US\",\"@id\":\"https:\\\/\\\/lexing.ch\\\/#\\\/schema\\\/logo\\\/image\\\/\",\"url\":\"https:\\\/\\\/lexing.ch\\\/wp-content\\\/uploads\\\/2018\\\/02\\\/logo-lexing-ch.png\",\"contentUrl\":\"https:\\\/\\\/lexing.ch\\\/wp-content\\\/uploads\\\/2018\\\/02\\\/logo-lexing-ch.png\",\"width\":\"500\",\"height\":\"174\",\"caption\":\"Lexing.ch\"},\"image\":{\"@id\":\"https:\\\/\\\/lexing.ch\\\/#\\\/schema\\\/logo\\\/image\\\/\"},\"sameAs\":[\"https:\\\/\\\/www.facebook.com\\\/Lexing.ch\",\"https:\\\/\\\/x.com\\\/sebastienfanti\"]},{\"@type\":\"Person\",\"@id\":\"https:\\\/\\\/lexing.ch\\\/#\\\/schema\\\/person\\\/87d1e2eaa274b4698439c237565855d5\",\"name\":\"C\u00e9dric Charles\",\"image\":{\"@type\":\"ImageObject\",\"inLanguage\":\"en-US\",\"@id\":\"https:\\\/\\\/secure.gravatar.com\\\/avatar\\\/3d52632c54176dd50bae132f95905e1132d44852d60ad53b88613fee2cd0bfb7?s=96&d=mm&r=g\",\"url\":\"https:\\\/\\\/secure.gravatar.com\\\/avatar\\\/3d52632c54176dd50bae132f95905e1132d44852d60ad53b88613fee2cd0bfb7?s=96&d=mm&r=g\",\"contentUrl\":\"https:\\\/\\\/secure.gravatar.com\\\/avatar\\\/3d52632c54176dd50bae132f95905e1132d44852d60ad53b88613fee2cd0bfb7?s=96&d=mm&r=g\",\"caption\":\"C\u00e9dric Charles\"}}]}<\/script>\n<!-- \/ Yoast SEO Premium plugin. -->","yoast_head_json":{"title":"RGPD : un avis clair du pr\u00e9pos\u00e9 genevois\u00a0! - Lexing Switzerland","robots":{"index":"index","follow":"follow","max-snippet":"max-snippet:-1","max-image-preview":"max-image-preview:large","max-video-preview":"max-video-preview:-1"},"canonical":"https:\/\/lexing.ch\/rgpd-avis-clair-prepose-genevois\/","og_locale":"en_US","og_type":"article","og_title":"RGPD : un avis clair du pr\u00e9pos\u00e9 genevois\u00a0!","og_description":"Application du R\u00e8glement g\u00e9n\u00e9ral de protection des donn\u00e9es de l\u2019Union europ\u00e9enne (RGPD) aux institutions publiques\u00a0: le Pr\u00e9pos\u00e9 genevois \u00e0 la protection des donn\u00e9es et \u00e0 la transparence \u00e9met un avis clair\u00a0! Dans le Bulletin d\u2019information n\u00b0 47 de septembre 2017, Monsieur St\u00e9phane Werly, Pr\u00e9pos\u00e9 genevois \u00e0 la protection des donn\u00e9es et \u00e0 la transparence s\u2019exprime [&hellip;]","og_url":"https:\/\/lexing.ch\/rgpd-avis-clair-prepose-genevois\/","og_site_name":"Lexing Switzerland","article_publisher":"https:\/\/www.facebook.com\/Lexing.ch","article_published_time":"2017-11-06T13:05:29+00:00","og_image":[{"width":3264,"height":2448,"url":"https:\/\/lexing.ch\/wp-content\/uploads\/2016\/01\/fantipresquemaigre-1.jpg","type":"image\/jpeg"}],"author":"C\u00e9dric Charles","twitter_card":"summary_large_image","twitter_creator":"@sebastienfanti","twitter_site":"@sebastienfanti","twitter_misc":{"Written by":"C\u00e9dric Charles","Est. reading time":"2 minutes"},"schema":{"@context":"https:\/\/schema.org","@graph":[{"@type":"Article","@id":"https:\/\/lexing.ch\/rgpd-avis-clair-prepose-genevois\/#article","isPartOf":{"@id":"https:\/\/lexing.ch\/rgpd-avis-clair-prepose-genevois\/"},"author":{"name":"C\u00e9dric Charles","@id":"https:\/\/lexing.ch\/#\/schema\/person\/87d1e2eaa274b4698439c237565855d5"},"headline":"RGPD : un avis clair du pr\u00e9pos\u00e9 genevois\u00a0!","datePublished":"2017-11-06T13:05:29+00:00","mainEntityOfPage":{"@id":"https:\/\/lexing.ch\/rgpd-avis-clair-prepose-genevois\/"},"wordCount":385,"commentCount":0,"publisher":{"@id":"https:\/\/lexing.ch\/#organization"},"image":{"@id":"https:\/\/lexing.ch\/rgpd-avis-clair-prepose-genevois\/#primaryimage"},"thumbnailUrl":"https:\/\/lexing.ch\/wp-content\/uploads\/2016\/01\/fantipresquemaigre-1.jpg","articleSection":["News"],"inLanguage":"en-US"},{"@type":"WebPage","@id":"https:\/\/lexing.ch\/rgpd-avis-clair-prepose-genevois\/","url":"https:\/\/lexing.ch\/rgpd-avis-clair-prepose-genevois\/","name":"RGPD : un avis clair du pr\u00e9pos\u00e9 genevois\u00a0! - Lexing Switzerland","isPartOf":{"@id":"https:\/\/lexing.ch\/#website"},"primaryImageOfPage":{"@id":"https:\/\/lexing.ch\/rgpd-avis-clair-prepose-genevois\/#primaryimage"},"image":{"@id":"https:\/\/lexing.ch\/rgpd-avis-clair-prepose-genevois\/#primaryimage"},"thumbnailUrl":"https:\/\/lexing.ch\/wp-content\/uploads\/2016\/01\/fantipresquemaigre-1.jpg","datePublished":"2017-11-06T13:05:29+00:00","breadcrumb":{"@id":"https:\/\/lexing.ch\/rgpd-avis-clair-prepose-genevois\/#breadcrumb"},"inLanguage":"en-US","potentialAction":[{"@type":"ReadAction","target":["https:\/\/lexing.ch\/rgpd-avis-clair-prepose-genevois\/"]}]},{"@type":"ImageObject","inLanguage":"en-US","@id":"https:\/\/lexing.ch\/rgpd-avis-clair-prepose-genevois\/#primaryimage","url":"https:\/\/lexing.ch\/wp-content\/uploads\/2016\/01\/fantipresquemaigre-1.jpg","contentUrl":"https:\/\/lexing.ch\/wp-content\/uploads\/2016\/01\/fantipresquemaigre-1.jpg","width":3264,"height":2448},{"@type":"BreadcrumbList","@id":"https:\/\/lexing.ch\/rgpd-avis-clair-prepose-genevois\/#breadcrumb","itemListElement":[{"@type":"ListItem","position":1,"name":"Accueil","item":"https:\/\/lexing.ch\/en\/"},{"@type":"ListItem","position":2,"name":"RGPD : un avis clair du pr\u00e9pos\u00e9 genevois\u00a0!"}]},{"@type":"WebSite","@id":"https:\/\/lexing.ch\/#website","url":"https:\/\/lexing.ch\/","name":"Lexing Switzerland","description":"Common sense. Innovative solutions.","publisher":{"@id":"https:\/\/lexing.ch\/#organization"},"potentialAction":[{"@type":"SearchAction","target":{"@type":"EntryPoint","urlTemplate":"https:\/\/lexing.ch\/?s={search_term_string}"},"query-input":{"@type":"PropertyValueSpecification","valueRequired":true,"valueName":"search_term_string"}}],"inLanguage":"en-US"},{"@type":"Organization","@id":"https:\/\/lexing.ch\/#organization","name":"Lexing.ch","url":"https:\/\/lexing.ch\/","logo":{"@type":"ImageObject","inLanguage":"en-US","@id":"https:\/\/lexing.ch\/#\/schema\/logo\/image\/","url":"https:\/\/lexing.ch\/wp-content\/uploads\/2018\/02\/logo-lexing-ch.png","contentUrl":"https:\/\/lexing.ch\/wp-content\/uploads\/2018\/02\/logo-lexing-ch.png","width":"500","height":"174","caption":"Lexing.ch"},"image":{"@id":"https:\/\/lexing.ch\/#\/schema\/logo\/image\/"},"sameAs":["https:\/\/www.facebook.com\/Lexing.ch","https:\/\/x.com\/sebastienfanti"]},{"@type":"Person","@id":"https:\/\/lexing.ch\/#\/schema\/person\/87d1e2eaa274b4698439c237565855d5","name":"C\u00e9dric Charles","image":{"@type":"ImageObject","inLanguage":"en-US","@id":"https:\/\/secure.gravatar.com\/avatar\/3d52632c54176dd50bae132f95905e1132d44852d60ad53b88613fee2cd0bfb7?s=96&d=mm&r=g","url":"https:\/\/secure.gravatar.com\/avatar\/3d52632c54176dd50bae132f95905e1132d44852d60ad53b88613fee2cd0bfb7?s=96&d=mm&r=g","contentUrl":"https:\/\/secure.gravatar.com\/avatar\/3d52632c54176dd50bae132f95905e1132d44852d60ad53b88613fee2cd0bfb7?s=96&d=mm&r=g","caption":"C\u00e9dric Charles"}}]}},"acf":[],"_links":{"self":[{"href":"https:\/\/lexing.ch\/en\/wp-json\/wp\/v2\/posts\/37742","targetHints":{"allow":["GET"]}}],"collection":[{"href":"https:\/\/lexing.ch\/en\/wp-json\/wp\/v2\/posts"}],"about":[{"href":"https:\/\/lexing.ch\/en\/wp-json\/wp\/v2\/types\/post"}],"author":[{"embeddable":true,"href":"https:\/\/lexing.ch\/en\/wp-json\/wp\/v2\/users\/2"}],"replies":[{"embeddable":true,"href":"https:\/\/lexing.ch\/en\/wp-json\/wp\/v2\/comments?post=37742"}],"version-history":[{"count":0,"href":"https:\/\/lexing.ch\/en\/wp-json\/wp\/v2\/posts\/37742\/revisions"}],"wp:featuredmedia":[{"embeddable":true,"href":"https:\/\/lexing.ch\/en\/wp-json\/wp\/v2\/media\/36809"}],"wp:attachment":[{"href":"https:\/\/lexing.ch\/en\/wp-json\/wp\/v2\/media?parent=37742"}],"wp:term":[{"taxonomy":"category","embeddable":true,"href":"https:\/\/lexing.ch\/en\/wp-json\/wp\/v2\/categories?post=37742"},{"taxonomy":"post_tag","embeddable":true,"href":"https:\/\/lexing.ch\/en\/wp-json\/wp\/v2\/tags?post=37742"}],"curies":[{"name":"wp","href":"https:\/\/api.w.org\/{rel}","templated":true}]}}