{"id":37732,"date":"2017-11-17T17:29:57","date_gmt":"2017-11-17T16:29:57","guid":{"rendered":"https:\/\/lexing.ch\/quid-de-publication-donnees-membres-dune-association\/"},"modified":"2017-11-17T17:29:57","modified_gmt":"2017-11-17T16:29:57","slug":"quid-de-publication-donnees-membres-dune-association","status":"publish","type":"post","link":"https:\/\/lexing.ch\/en\/quid-de-publication-donnees-membres-dune-association\/","title":{"rendered":"Quid de la publication des donn\u00e9es des membres d\u2019une association?"},"content":{"rendered":"<p><img decoding=\"async\" class=\"alignnone size-full wp-image-37539\" src=\"https:\/\/lexing.ch\/wp-content\/uploads\/2018\/01\/logo-n.png\" alt=\"\" width=\"43\" height=\"45\" \/><\/p>\n<p>Il arrive r\u00e9guli\u00e8rement que des associations soient tent\u00e9es d\u2019utiliser les donn\u00e9es dont elles disposent, notamment pour agr\u00e9menter leur site internet ou r\u00e9aliser un p\u00e9cule qui leur permettra de faire vivre des projets.<\/p>\n<p>\u00c0 titre d&#8217;exemple, un club sportif souhaite publier les photos de ses jeunes membres, photos r\u00e9alis\u00e9es lors de comp\u00e9titions ou d\u2019entra\u00eenements. Le droit \u00e0 l\u2019image est un droit absolu qui permet \u00e0 chacun de s\u2019opposer \u00e0 la publication de telles photographies, respectivement de la soumettre \u00e0 des conditions. Un consentement pr\u00e9alable est ainsi n\u00e9cessaire, d\u2019autant plus n\u00e9cessaire lorsque sont concern\u00e9s des enfants mineurs. Il convient \u00e9galement de pr\u00e9ciser que ce consentement peut \u00eatre r\u00e9voqu\u00e9, ce qui signifie que la photographie devra alors \u00eatre retir\u00e9e d\u00e9finitivement. Or, lors d\u2019une publication sur les r\u00e9seaux sociaux, un tel retrait ne saurait \u00eatre garanti. Il faut donc privil\u00e9gier un site qui permette une telle op\u00e9ration (de pr\u00e9f\u00e9rence le site de l\u2019association) et veiller \u00e0 ce que celle-ci soit efficiente. Les moteurs de recherche pr\u00e9servent en effet les donn\u00e9es durant une longue p\u00e9riode, sans m\u00eame parler des outils de conservation dont c\u2019est pr\u00e9cis\u00e9ment le but.<\/p>\n<p>Lors d\u2019une manifestation sportive, soit au moment de l\u2019inscription, il faut veiller \u00e0 informer de mani\u00e8re exhaustive les participants sur les buts du traitement (bon d\u00e9roulement, marketing, etc.), la mani\u00e8re dont les r\u00e9sultats seront publi\u00e9s et l\u2019identit\u00e9 du responsable des donn\u00e9es.<\/p>\n<p>S\u2019agissant de la communication des donn\u00e9es des membres \u00e0 des fins de marketing (par exemple aux sponsors), celle-ci est strictement encadr\u00e9e. Concr\u00e8tement, pour que la communication des donn\u00e9es \u00e0 ses sponsors soit licite, l\u2019association devra disposer du consentement de ses membres. Si elle ne dispose pas d&#8217;un consentement valable, alors toute communication s\u2019av\u00e9rera illicite, m\u00eame si elle est pr\u00e9vue dans les statuts. En toute hypoth\u00e8se, les membres doivent avoir la possibilit\u00e9 de s&#8217;opposer \u00e0 une telle utilisation de leurs donn\u00e9es.<\/p>\n<p>Le fair-play existe \u00e9galement en mati\u00e8re de protection des donn\u00e9es et il se mat\u00e9rialise entre autres dans le respect du but de traitement des donn\u00e9es indiqu\u00e9.<\/p>\n","protected":false},"excerpt":{"rendered":"<p>Il arrive r\u00e9guli\u00e8rement que des associations soient tent\u00e9es d\u2019utiliser les donn\u00e9es dont elles disposent, notamment pour agr\u00e9menter leur site internet ou r\u00e9aliser un p\u00e9cule qui leur permettra de faire vivre des projets. \u00c0 titre d&#8217;exemple, un club sportif souhaite publier les photos de ses jeunes membres, photos r\u00e9alis\u00e9es lors de comp\u00e9titions ou d\u2019entra\u00eenements. Le droit [&hellip;]<\/p>\n","protected":false},"author":22,"featured_media":0,"comment_status":"open","ping_status":"open","sticky":false,"template":"","format":"standard","meta":{"_acf_changed":false,"footnotes":""},"categories":[565],"tags":[],"class_list":["post-37732","post","type-post","status-publish","format-standard","hentry","category-les-conseils-de-sebastien-fanti-en"],"yoast_head":"<!-- This site is optimized with the Yoast SEO Premium plugin v20.11 (Yoast SEO v27.3) - https:\/\/yoast.com\/product\/yoast-seo-premium-wordpress\/ -->\n<title>Quid de la publication des donn\u00e9es des membres d\u2019une association? - Lexing Switzerland<\/title>\n<meta name=\"robots\" content=\"index, follow, max-snippet:-1, max-image-preview:large, max-video-preview:-1\" \/>\n<link rel=\"canonical\" href=\"https:\/\/lexing.ch\/quid-de-publication-donnees-membres-dune-association\/\" \/>\n<meta property=\"og:locale\" content=\"en_US\" \/>\n<meta property=\"og:type\" content=\"article\" \/>\n<meta property=\"og:title\" content=\"Quid de la publication des donn\u00e9es des membres d\u2019une association?\" \/>\n<meta property=\"og:description\" content=\"Il arrive r\u00e9guli\u00e8rement que des associations soient tent\u00e9es d\u2019utiliser les donn\u00e9es dont elles disposent, notamment pour agr\u00e9menter leur site internet ou r\u00e9aliser un p\u00e9cule qui leur permettra de faire vivre des projets. \u00c0 titre d&#8217;exemple, un club sportif souhaite publier les photos de ses jeunes membres, photos r\u00e9alis\u00e9es lors de comp\u00e9titions ou d\u2019entra\u00eenements. Le droit [&hellip;]\" \/>\n<meta property=\"og:url\" content=\"https:\/\/lexing.ch\/quid-de-publication-donnees-membres-dune-association\/\" \/>\n<meta property=\"og:site_name\" content=\"Lexing Switzerland\" \/>\n<meta property=\"article:publisher\" content=\"https:\/\/www.facebook.com\/Lexing.ch\" \/>\n<meta property=\"article:author\" content=\"https:\/\/www.facebook.com\/sebastien.fanti\/\" \/>\n<meta property=\"article:published_time\" content=\"2017-11-17T16:29:57+00:00\" \/>\n<meta property=\"og:image\" content=\"https:\/\/lexing.ch\/wp-content\/uploads\/2018\/01\/logo-n.png\" \/>\n<meta name=\"author\" content=\"S\u00e9bastien Fanti\" \/>\n<meta name=\"twitter:card\" content=\"summary_large_image\" \/>\n<meta name=\"twitter:creator\" content=\"@sebastienfanti\" \/>\n<meta name=\"twitter:site\" content=\"@sebastienfanti\" \/>\n<meta name=\"twitter:label1\" content=\"Written by\" \/>\n\t<meta name=\"twitter:data1\" content=\"S\u00e9bastien Fanti\" \/>\n\t<meta name=\"twitter:label2\" content=\"Est. reading time\" \/>\n\t<meta name=\"twitter:data2\" content=\"2 minutes\" \/>\n<script type=\"application\/ld+json\" class=\"yoast-schema-graph\">{\"@context\":\"https:\\\/\\\/schema.org\",\"@graph\":[{\"@type\":\"Article\",\"@id\":\"https:\\\/\\\/lexing.ch\\\/quid-de-publication-donnees-membres-dune-association\\\/#article\",\"isPartOf\":{\"@id\":\"https:\\\/\\\/lexing.ch\\\/quid-de-publication-donnees-membres-dune-association\\\/\"},\"author\":{\"name\":\"S\u00e9bastien Fanti\",\"@id\":\"https:\\\/\\\/lexing.ch\\\/#\\\/schema\\\/person\\\/0091f3d1919243ea4e1989a3b50ddcfb\"},\"headline\":\"Quid de la publication des donn\u00e9es des membres d\u2019une association?\",\"datePublished\":\"2017-11-17T16:29:57+00:00\",\"mainEntityOfPage\":{\"@id\":\"https:\\\/\\\/lexing.ch\\\/quid-de-publication-donnees-membres-dune-association\\\/\"},\"wordCount\":397,\"commentCount\":0,\"publisher\":{\"@id\":\"https:\\\/\\\/lexing.ch\\\/#organization\"},\"image\":{\"@id\":\"https:\\\/\\\/lexing.ch\\\/quid-de-publication-donnees-membres-dune-association\\\/#primaryimage\"},\"thumbnailUrl\":\"https:\\\/\\\/lexing.ch\\\/wp-content\\\/uploads\\\/2018\\\/01\\\/logo-n.png\",\"articleSection\":[\"Les conseils de S\u00e9bastien Fanti\"],\"inLanguage\":\"en-US\"},{\"@type\":\"WebPage\",\"@id\":\"https:\\\/\\\/lexing.ch\\\/quid-de-publication-donnees-membres-dune-association\\\/\",\"url\":\"https:\\\/\\\/lexing.ch\\\/quid-de-publication-donnees-membres-dune-association\\\/\",\"name\":\"Quid de la publication des donn\u00e9es des membres d\u2019une association? - Lexing Switzerland\",\"isPartOf\":{\"@id\":\"https:\\\/\\\/lexing.ch\\\/#website\"},\"primaryImageOfPage\":{\"@id\":\"https:\\\/\\\/lexing.ch\\\/quid-de-publication-donnees-membres-dune-association\\\/#primaryimage\"},\"image\":{\"@id\":\"https:\\\/\\\/lexing.ch\\\/quid-de-publication-donnees-membres-dune-association\\\/#primaryimage\"},\"thumbnailUrl\":\"https:\\\/\\\/lexing.ch\\\/wp-content\\\/uploads\\\/2018\\\/01\\\/logo-n.png\",\"datePublished\":\"2017-11-17T16:29:57+00:00\",\"breadcrumb\":{\"@id\":\"https:\\\/\\\/lexing.ch\\\/quid-de-publication-donnees-membres-dune-association\\\/#breadcrumb\"},\"inLanguage\":\"en-US\",\"potentialAction\":[{\"@type\":\"ReadAction\",\"target\":[\"https:\\\/\\\/lexing.ch\\\/quid-de-publication-donnees-membres-dune-association\\\/\"]}]},{\"@type\":\"ImageObject\",\"inLanguage\":\"en-US\",\"@id\":\"https:\\\/\\\/lexing.ch\\\/quid-de-publication-donnees-membres-dune-association\\\/#primaryimage\",\"url\":\"https:\\\/\\\/lexing.ch\\\/wp-content\\\/uploads\\\/2018\\\/01\\\/logo-n.png\",\"contentUrl\":\"https:\\\/\\\/lexing.ch\\\/wp-content\\\/uploads\\\/2018\\\/01\\\/logo-n.png\"},{\"@type\":\"BreadcrumbList\",\"@id\":\"https:\\\/\\\/lexing.ch\\\/quid-de-publication-donnees-membres-dune-association\\\/#breadcrumb\",\"itemListElement\":[{\"@type\":\"ListItem\",\"position\":1,\"name\":\"Accueil\",\"item\":\"https:\\\/\\\/lexing.ch\\\/en\\\/\"},{\"@type\":\"ListItem\",\"position\":2,\"name\":\"Quid de la publication des donn\u00e9es des membres d\u2019une association?\"}]},{\"@type\":\"WebSite\",\"@id\":\"https:\\\/\\\/lexing.ch\\\/#website\",\"url\":\"https:\\\/\\\/lexing.ch\\\/\",\"name\":\"Lexing Switzerland\",\"description\":\"Common sense. Innovative solutions.\",\"publisher\":{\"@id\":\"https:\\\/\\\/lexing.ch\\\/#organization\"},\"potentialAction\":[{\"@type\":\"SearchAction\",\"target\":{\"@type\":\"EntryPoint\",\"urlTemplate\":\"https:\\\/\\\/lexing.ch\\\/?s={search_term_string}\"},\"query-input\":{\"@type\":\"PropertyValueSpecification\",\"valueRequired\":true,\"valueName\":\"search_term_string\"}}],\"inLanguage\":\"en-US\"},{\"@type\":\"Organization\",\"@id\":\"https:\\\/\\\/lexing.ch\\\/#organization\",\"name\":\"Lexing.ch\",\"url\":\"https:\\\/\\\/lexing.ch\\\/\",\"logo\":{\"@type\":\"ImageObject\",\"inLanguage\":\"en-US\",\"@id\":\"https:\\\/\\\/lexing.ch\\\/#\\\/schema\\\/logo\\\/image\\\/\",\"url\":\"https:\\\/\\\/lexing.ch\\\/wp-content\\\/uploads\\\/2018\\\/02\\\/logo-lexing-ch.png\",\"contentUrl\":\"https:\\\/\\\/lexing.ch\\\/wp-content\\\/uploads\\\/2018\\\/02\\\/logo-lexing-ch.png\",\"width\":\"500\",\"height\":\"174\",\"caption\":\"Lexing.ch\"},\"image\":{\"@id\":\"https:\\\/\\\/lexing.ch\\\/#\\\/schema\\\/logo\\\/image\\\/\"},\"sameAs\":[\"https:\\\/\\\/www.facebook.com\\\/Lexing.ch\",\"https:\\\/\\\/x.com\\\/sebastienfanti\"]},{\"@type\":\"Person\",\"@id\":\"https:\\\/\\\/lexing.ch\\\/#\\\/schema\\\/person\\\/0091f3d1919243ea4e1989a3b50ddcfb\",\"name\":\"S\u00e9bastien Fanti\",\"image\":{\"@type\":\"ImageObject\",\"inLanguage\":\"en-US\",\"@id\":\"https:\\\/\\\/secure.gravatar.com\\\/avatar\\\/4fb338e49d6b8f08bf4237565e3f005f762bdf5c75755363fd2b35a8da164837?s=96&d=mm&r=g\",\"url\":\"https:\\\/\\\/secure.gravatar.com\\\/avatar\\\/4fb338e49d6b8f08bf4237565e3f005f762bdf5c75755363fd2b35a8da164837?s=96&d=mm&r=g\",\"contentUrl\":\"https:\\\/\\\/secure.gravatar.com\\\/avatar\\\/4fb338e49d6b8f08bf4237565e3f005f762bdf5c75755363fd2b35a8da164837?s=96&d=mm&r=g\",\"caption\":\"S\u00e9bastien Fanti\"},\"description\":\"S\u00e9bastien Fanti est un avocat technologue qui participe au d\u00e9bat sur l\u2019avenir des normes en cette mati\u00e8re, avec le souci de l\u2019homme comme point cardinal de r\u00e9flexion. Fanatique de ballon orange (il est aussi agent de joueurs) , il oscille r\u00e9guli\u00e8rement entre le Run and Gun et la d\u00e9fense Diamond and One, soit provoque le d\u00e9bat dans le but de g\u00e9n\u00e9rer prise de conscience et processus vertueux. A l\u2019instar de Maverick (son surnom), la disruption constitue son ADN et les solutions out of the box ont sa pr\u00e9f\u00e9rence.\",\"sameAs\":[\"https:\\\/\\\/lexing.ch\",\"https:\\\/\\\/www.facebook.com\\\/sebastien.fanti\\\/\",\"https:\\\/\\\/www.instagram.com\\\/sebastienfanti\\\/\",\"https:\\\/\\\/www.linkedin.com\\\/in\\\/sebastienfanti\\\/\",\"https:\\\/\\\/x.com\\\/sebastienfanti\",\"https:\\\/\\\/www.youtube.com\\\/user\\\/sebastienfanti\",\"https:\\\/\\\/soundcloud.com\\\/sebastienfanti\"]}]}<\/script>\n<!-- \/ Yoast SEO Premium plugin. -->","yoast_head_json":{"title":"Quid de la publication des donn\u00e9es des membres d\u2019une association? - Lexing Switzerland","robots":{"index":"index","follow":"follow","max-snippet":"max-snippet:-1","max-image-preview":"max-image-preview:large","max-video-preview":"max-video-preview:-1"},"canonical":"https:\/\/lexing.ch\/quid-de-publication-donnees-membres-dune-association\/","og_locale":"en_US","og_type":"article","og_title":"Quid de la publication des donn\u00e9es des membres d\u2019une association?","og_description":"Il arrive r\u00e9guli\u00e8rement que des associations soient tent\u00e9es d\u2019utiliser les donn\u00e9es dont elles disposent, notamment pour agr\u00e9menter leur site internet ou r\u00e9aliser un p\u00e9cule qui leur permettra de faire vivre des projets. \u00c0 titre d&#8217;exemple, un club sportif souhaite publier les photos de ses jeunes membres, photos r\u00e9alis\u00e9es lors de comp\u00e9titions ou d\u2019entra\u00eenements. Le droit [&hellip;]","og_url":"https:\/\/lexing.ch\/quid-de-publication-donnees-membres-dune-association\/","og_site_name":"Lexing Switzerland","article_publisher":"https:\/\/www.facebook.com\/Lexing.ch","article_author":"https:\/\/www.facebook.com\/sebastien.fanti\/","article_published_time":"2017-11-17T16:29:57+00:00","og_image":[{"url":"https:\/\/lexing.ch\/wp-content\/uploads\/2018\/01\/logo-n.png","type":"","width":"","height":""}],"author":"S\u00e9bastien Fanti","twitter_card":"summary_large_image","twitter_creator":"@sebastienfanti","twitter_site":"@sebastienfanti","twitter_misc":{"Written by":"S\u00e9bastien Fanti","Est. reading time":"2 minutes"},"schema":{"@context":"https:\/\/schema.org","@graph":[{"@type":"Article","@id":"https:\/\/lexing.ch\/quid-de-publication-donnees-membres-dune-association\/#article","isPartOf":{"@id":"https:\/\/lexing.ch\/quid-de-publication-donnees-membres-dune-association\/"},"author":{"name":"S\u00e9bastien Fanti","@id":"https:\/\/lexing.ch\/#\/schema\/person\/0091f3d1919243ea4e1989a3b50ddcfb"},"headline":"Quid de la publication des donn\u00e9es des membres d\u2019une association?","datePublished":"2017-11-17T16:29:57+00:00","mainEntityOfPage":{"@id":"https:\/\/lexing.ch\/quid-de-publication-donnees-membres-dune-association\/"},"wordCount":397,"commentCount":0,"publisher":{"@id":"https:\/\/lexing.ch\/#organization"},"image":{"@id":"https:\/\/lexing.ch\/quid-de-publication-donnees-membres-dune-association\/#primaryimage"},"thumbnailUrl":"https:\/\/lexing.ch\/wp-content\/uploads\/2018\/01\/logo-n.png","articleSection":["Les conseils de S\u00e9bastien Fanti"],"inLanguage":"en-US"},{"@type":"WebPage","@id":"https:\/\/lexing.ch\/quid-de-publication-donnees-membres-dune-association\/","url":"https:\/\/lexing.ch\/quid-de-publication-donnees-membres-dune-association\/","name":"Quid de la publication des donn\u00e9es des membres d\u2019une association? - Lexing Switzerland","isPartOf":{"@id":"https:\/\/lexing.ch\/#website"},"primaryImageOfPage":{"@id":"https:\/\/lexing.ch\/quid-de-publication-donnees-membres-dune-association\/#primaryimage"},"image":{"@id":"https:\/\/lexing.ch\/quid-de-publication-donnees-membres-dune-association\/#primaryimage"},"thumbnailUrl":"https:\/\/lexing.ch\/wp-content\/uploads\/2018\/01\/logo-n.png","datePublished":"2017-11-17T16:29:57+00:00","breadcrumb":{"@id":"https:\/\/lexing.ch\/quid-de-publication-donnees-membres-dune-association\/#breadcrumb"},"inLanguage":"en-US","potentialAction":[{"@type":"ReadAction","target":["https:\/\/lexing.ch\/quid-de-publication-donnees-membres-dune-association\/"]}]},{"@type":"ImageObject","inLanguage":"en-US","@id":"https:\/\/lexing.ch\/quid-de-publication-donnees-membres-dune-association\/#primaryimage","url":"https:\/\/lexing.ch\/wp-content\/uploads\/2018\/01\/logo-n.png","contentUrl":"https:\/\/lexing.ch\/wp-content\/uploads\/2018\/01\/logo-n.png"},{"@type":"BreadcrumbList","@id":"https:\/\/lexing.ch\/quid-de-publication-donnees-membres-dune-association\/#breadcrumb","itemListElement":[{"@type":"ListItem","position":1,"name":"Accueil","item":"https:\/\/lexing.ch\/en\/"},{"@type":"ListItem","position":2,"name":"Quid de la publication des donn\u00e9es des membres d\u2019une association?"}]},{"@type":"WebSite","@id":"https:\/\/lexing.ch\/#website","url":"https:\/\/lexing.ch\/","name":"Lexing Switzerland","description":"Common sense. Innovative solutions.","publisher":{"@id":"https:\/\/lexing.ch\/#organization"},"potentialAction":[{"@type":"SearchAction","target":{"@type":"EntryPoint","urlTemplate":"https:\/\/lexing.ch\/?s={search_term_string}"},"query-input":{"@type":"PropertyValueSpecification","valueRequired":true,"valueName":"search_term_string"}}],"inLanguage":"en-US"},{"@type":"Organization","@id":"https:\/\/lexing.ch\/#organization","name":"Lexing.ch","url":"https:\/\/lexing.ch\/","logo":{"@type":"ImageObject","inLanguage":"en-US","@id":"https:\/\/lexing.ch\/#\/schema\/logo\/image\/","url":"https:\/\/lexing.ch\/wp-content\/uploads\/2018\/02\/logo-lexing-ch.png","contentUrl":"https:\/\/lexing.ch\/wp-content\/uploads\/2018\/02\/logo-lexing-ch.png","width":"500","height":"174","caption":"Lexing.ch"},"image":{"@id":"https:\/\/lexing.ch\/#\/schema\/logo\/image\/"},"sameAs":["https:\/\/www.facebook.com\/Lexing.ch","https:\/\/x.com\/sebastienfanti"]},{"@type":"Person","@id":"https:\/\/lexing.ch\/#\/schema\/person\/0091f3d1919243ea4e1989a3b50ddcfb","name":"S\u00e9bastien Fanti","image":{"@type":"ImageObject","inLanguage":"en-US","@id":"https:\/\/secure.gravatar.com\/avatar\/4fb338e49d6b8f08bf4237565e3f005f762bdf5c75755363fd2b35a8da164837?s=96&d=mm&r=g","url":"https:\/\/secure.gravatar.com\/avatar\/4fb338e49d6b8f08bf4237565e3f005f762bdf5c75755363fd2b35a8da164837?s=96&d=mm&r=g","contentUrl":"https:\/\/secure.gravatar.com\/avatar\/4fb338e49d6b8f08bf4237565e3f005f762bdf5c75755363fd2b35a8da164837?s=96&d=mm&r=g","caption":"S\u00e9bastien Fanti"},"description":"S\u00e9bastien Fanti est un avocat technologue qui participe au d\u00e9bat sur l\u2019avenir des normes en cette mati\u00e8re, avec le souci de l\u2019homme comme point cardinal de r\u00e9flexion. Fanatique de ballon orange (il est aussi agent de joueurs) , il oscille r\u00e9guli\u00e8rement entre le Run and Gun et la d\u00e9fense Diamond and One, soit provoque le d\u00e9bat dans le but de g\u00e9n\u00e9rer prise de conscience et processus vertueux. A l\u2019instar de Maverick (son surnom), la disruption constitue son ADN et les solutions out of the box ont sa pr\u00e9f\u00e9rence.","sameAs":["https:\/\/lexing.ch","https:\/\/www.facebook.com\/sebastien.fanti\/","https:\/\/www.instagram.com\/sebastienfanti\/","https:\/\/www.linkedin.com\/in\/sebastienfanti\/","https:\/\/x.com\/sebastienfanti","https:\/\/www.youtube.com\/user\/sebastienfanti","https:\/\/soundcloud.com\/sebastienfanti"]}]}},"acf":[],"_links":{"self":[{"href":"https:\/\/lexing.ch\/en\/wp-json\/wp\/v2\/posts\/37732","targetHints":{"allow":["GET"]}}],"collection":[{"href":"https:\/\/lexing.ch\/en\/wp-json\/wp\/v2\/posts"}],"about":[{"href":"https:\/\/lexing.ch\/en\/wp-json\/wp\/v2\/types\/post"}],"author":[{"embeddable":true,"href":"https:\/\/lexing.ch\/en\/wp-json\/wp\/v2\/users\/22"}],"replies":[{"embeddable":true,"href":"https:\/\/lexing.ch\/en\/wp-json\/wp\/v2\/comments?post=37732"}],"version-history":[{"count":0,"href":"https:\/\/lexing.ch\/en\/wp-json\/wp\/v2\/posts\/37732\/revisions"}],"wp:attachment":[{"href":"https:\/\/lexing.ch\/en\/wp-json\/wp\/v2\/media?parent=37732"}],"wp:term":[{"taxonomy":"category","embeddable":true,"href":"https:\/\/lexing.ch\/en\/wp-json\/wp\/v2\/categories?post=37732"},{"taxonomy":"post_tag","embeddable":true,"href":"https:\/\/lexing.ch\/en\/wp-json\/wp\/v2\/tags?post=37732"}],"curies":[{"name":"wp","href":"https:\/\/api.w.org\/{rel}","templated":true}]}}