{"id":37724,"date":"2017-12-15T17:40:08","date_gmt":"2017-12-15T16:40:08","guid":{"rendered":"https:\/\/lexing.ch\/possible-aux-enseignants-de-filmer-leurs-eleves-a-fins-didactiques-durant-leurs-cours\/"},"modified":"2018-02-01T15:04:38","modified_gmt":"2018-02-01T14:04:38","slug":"possible-aux-enseignants-de-filmer-leurs-eleves-a-fins-didactiques-durant-leurs-cours","status":"publish","type":"post","link":"https:\/\/lexing.ch\/en\/possible-aux-enseignants-de-filmer-leurs-eleves-a-fins-didactiques-durant-leurs-cours\/","title":{"rendered":"Est-il possible aux enseignants de filmer leurs \u00e9l\u00e8ves \u00e0 des fins didactiques durant leurs cours ?"},"content":{"rendered":"<p><img decoding=\"async\" class=\"alignnone size-full wp-image-37539\" src=\"https:\/\/lexing.ch\/wp-content\/uploads\/2018\/01\/logo-n.png\" alt=\"\" width=\"43\" height=\"45\" \/><\/p>\n<p>Votre cadette rentre de l\u2019\u00e9cole et vous explique, effervescente, qu\u2019elle va \u00abpasser \u00e0 la t\u00e9l\u00e9\u00bb et que c\u2019est \u00abtrop g\u00e9nial\u00bb de devenir \u00abFamous\u00bb. En communion avec cette joie spontan\u00e9e, qui vous ravit, vous n\u2019osez gu\u00e8re solliciter de plus amples explications. Ce d\u2019autant qu\u2019en r\u00e9alit\u00e9, votre petite puce est plut\u00f4t confuse, lorsqu\u2019il s\u2019agit d\u2019expliciter les circonstances de cette premi\u00e8re quasi hollywoodienne.<\/p>\n<p>Le lendemain vous contactez son enseignant qui vous expose le but exclusivement p\u00e9dagogique de sa d\u00e9marche et tient \u00e0 pr\u00e9ciser que les images ainsi r\u00e9alis\u00e9es ne seront diffus\u00e9es que sur l\u2019intranet s\u00e9curis\u00e9 de l\u2019\u00e9cole. Devant votre h\u00e9b\u00e9tude, il ajoute qu\u2019il s\u2019engage \u00e0 interrompre ce programme \u00e9ducatif jusqu\u2019\u00e0 l\u2019obtention de l\u2019ensemble des consentements des repr\u00e9sentants l\u00e9gaux des \u00e9l\u00e8ves de la classe. Cela vous satisfait partiellement. Vos craintes sont diffuses, mais persistantes et vous souhaitez \u00eatre orient\u00e9\u00a0sur le cadre l\u00e9gal.<\/p>\n<p>En r\u00e9alit\u00e9, le consentement expr\u00e8s pr\u00e9alable de tous les repr\u00e9sentants l\u00e9gaux (ou de l\u2019\u00e9l\u00e8ve majeur) est toujours n\u00e9cessaire, et ce, quelle que soit l\u2019honorabilit\u00e9 du but poursuivi par l\u2019enseignant. Lorsque deux parents au b\u00e9n\u00e9fice d\u2019une autorit\u00e9 parentale conjointe ne parviennent pas \u00e0 s\u2019entendre, il faut consid\u00e9rer que l\u2019accord n\u2019a pas \u00e9t\u00e9 acquis. En cas de refus, l\u2019enfant ne saurait \u00eatre film\u00e9 (son image peut \u00e9galement \u00eatre flout\u00e9e), respectivement il convient de renoncer \u00e0 l\u2019enregistrement si cela n\u2019est pas possible. L\u2019image est en effet une donn\u00e9e personnelle, parfois m\u00eame une donn\u00e9e personnelle sensible, dans certaines circonstances.<\/p>\n<p>Ce consentement doit mentionner pr\u00e9cis\u00e9ment toutes les diffusions envisag\u00e9es. \u00c0 cet \u00e9gard, il faut absolument \u00e9viter les publications sur les plateformes en ligne. Le consentement peut en effet \u00eatre r\u00e9voqu\u00e9 en tout temps, ce qui signifie que les images doivent alors \u00eatre effac\u00e9es, ce qui est presque impossible si elles ont \u00e9t\u00e9 partag\u00e9es. En bref, les technologies ne doivent pas conduire \u00e0 une ali\u00e9nation irr\u00e9versible, mais concourir \u00e0 la compr\u00e9hension par l\u2019enfant des risques qu\u2019elles g\u00e9n\u00e8rent.<\/p>\n","protected":false},"excerpt":{"rendered":"<p>Votre cadette rentre de l\u2019\u00e9cole et vous explique, effervescente, qu\u2019elle va \u00abpasser \u00e0 la t\u00e9l\u00e9\u00bb et que c\u2019est \u00abtrop g\u00e9nial\u00bb de devenir \u00abFamous\u00bb. En communion avec cette joie spontan\u00e9e, qui vous ravit, vous n\u2019osez gu\u00e8re solliciter de plus amples explications. Ce d\u2019autant qu\u2019en r\u00e9alit\u00e9, votre petite puce est plut\u00f4t confuse, lorsqu\u2019il s\u2019agit d\u2019expliciter les circonstances [&hellip;]<\/p>\n","protected":false},"author":22,"featured_media":0,"comment_status":"open","ping_status":"open","sticky":false,"template":"","format":"standard","meta":{"_acf_changed":false,"footnotes":""},"categories":[565],"tags":[],"class_list":["post-37724","post","type-post","status-publish","format-standard","hentry","category-les-conseils-de-sebastien-fanti-en"],"yoast_head":"<!-- This site is optimized with the Yoast SEO Premium plugin v20.11 (Yoast SEO v27.3) - https:\/\/yoast.com\/product\/yoast-seo-premium-wordpress\/ -->\n<title>Est-il possible aux enseignants de filmer leurs \u00e9l\u00e8ves \u00e0 des fins didactiques durant leurs cours ? - Lexing Switzerland<\/title>\n<meta name=\"robots\" content=\"index, follow, max-snippet:-1, max-image-preview:large, max-video-preview:-1\" \/>\n<link rel=\"canonical\" href=\"https:\/\/lexing.ch\/possible-aux-enseignants-de-filmer-leurs-eleves-a-fins-didactiques-durant-leurs-cours\/\" \/>\n<meta property=\"og:locale\" content=\"en_US\" \/>\n<meta property=\"og:type\" content=\"article\" \/>\n<meta property=\"og:title\" content=\"Est-il possible aux enseignants de filmer leurs \u00e9l\u00e8ves \u00e0 des fins didactiques durant leurs cours ?\" \/>\n<meta property=\"og:description\" content=\"Votre cadette rentre de l\u2019\u00e9cole et vous explique, effervescente, qu\u2019elle va \u00abpasser \u00e0 la t\u00e9l\u00e9\u00bb et que c\u2019est \u00abtrop g\u00e9nial\u00bb de devenir \u00abFamous\u00bb. En communion avec cette joie spontan\u00e9e, qui vous ravit, vous n\u2019osez gu\u00e8re solliciter de plus amples explications. Ce d\u2019autant qu\u2019en r\u00e9alit\u00e9, votre petite puce est plut\u00f4t confuse, lorsqu\u2019il s\u2019agit d\u2019expliciter les circonstances [&hellip;]\" \/>\n<meta property=\"og:url\" content=\"https:\/\/lexing.ch\/possible-aux-enseignants-de-filmer-leurs-eleves-a-fins-didactiques-durant-leurs-cours\/\" \/>\n<meta property=\"og:site_name\" content=\"Lexing Switzerland\" \/>\n<meta property=\"article:publisher\" content=\"https:\/\/www.facebook.com\/Lexing.ch\" \/>\n<meta property=\"article:author\" content=\"https:\/\/www.facebook.com\/sebastien.fanti\/\" \/>\n<meta property=\"article:published_time\" content=\"2017-12-15T16:40:08+00:00\" \/>\n<meta property=\"article:modified_time\" content=\"2018-02-01T14:04:38+00:00\" \/>\n<meta property=\"og:image\" content=\"https:\/\/lexing.ch\/wp-content\/uploads\/2018\/01\/logo-n.png\" \/>\n<meta name=\"author\" content=\"S\u00e9bastien Fanti\" \/>\n<meta name=\"twitter:card\" content=\"summary_large_image\" \/>\n<meta name=\"twitter:creator\" content=\"@sebastienfanti\" \/>\n<meta name=\"twitter:site\" content=\"@sebastienfanti\" \/>\n<meta name=\"twitter:label1\" content=\"Written by\" \/>\n\t<meta name=\"twitter:data1\" content=\"S\u00e9bastien Fanti\" \/>\n\t<meta name=\"twitter:label2\" content=\"Est. reading time\" \/>\n\t<meta name=\"twitter:data2\" content=\"2 minutes\" \/>\n<script type=\"application\/ld+json\" class=\"yoast-schema-graph\">{\"@context\":\"https:\\\/\\\/schema.org\",\"@graph\":[{\"@type\":\"Article\",\"@id\":\"https:\\\/\\\/lexing.ch\\\/possible-aux-enseignants-de-filmer-leurs-eleves-a-fins-didactiques-durant-leurs-cours\\\/#article\",\"isPartOf\":{\"@id\":\"https:\\\/\\\/lexing.ch\\\/possible-aux-enseignants-de-filmer-leurs-eleves-a-fins-didactiques-durant-leurs-cours\\\/\"},\"author\":{\"name\":\"S\u00e9bastien Fanti\",\"@id\":\"https:\\\/\\\/lexing.ch\\\/#\\\/schema\\\/person\\\/0091f3d1919243ea4e1989a3b50ddcfb\"},\"headline\":\"Est-il possible aux enseignants de filmer leurs \u00e9l\u00e8ves \u00e0 des fins didactiques durant leurs cours ?\",\"datePublished\":\"2017-12-15T16:40:08+00:00\",\"dateModified\":\"2018-02-01T14:04:38+00:00\",\"mainEntityOfPage\":{\"@id\":\"https:\\\/\\\/lexing.ch\\\/possible-aux-enseignants-de-filmer-leurs-eleves-a-fins-didactiques-durant-leurs-cours\\\/\"},\"wordCount\":390,\"commentCount\":0,\"publisher\":{\"@id\":\"https:\\\/\\\/lexing.ch\\\/#organization\"},\"image\":{\"@id\":\"https:\\\/\\\/lexing.ch\\\/possible-aux-enseignants-de-filmer-leurs-eleves-a-fins-didactiques-durant-leurs-cours\\\/#primaryimage\"},\"thumbnailUrl\":\"https:\\\/\\\/lexing.ch\\\/wp-content\\\/uploads\\\/2018\\\/01\\\/logo-n.png\",\"articleSection\":[\"Les conseils de S\u00e9bastien Fanti\"],\"inLanguage\":\"en-US\"},{\"@type\":\"WebPage\",\"@id\":\"https:\\\/\\\/lexing.ch\\\/possible-aux-enseignants-de-filmer-leurs-eleves-a-fins-didactiques-durant-leurs-cours\\\/\",\"url\":\"https:\\\/\\\/lexing.ch\\\/possible-aux-enseignants-de-filmer-leurs-eleves-a-fins-didactiques-durant-leurs-cours\\\/\",\"name\":\"Est-il possible aux enseignants de filmer leurs \u00e9l\u00e8ves \u00e0 des fins didactiques durant leurs cours ? - Lexing Switzerland\",\"isPartOf\":{\"@id\":\"https:\\\/\\\/lexing.ch\\\/#website\"},\"primaryImageOfPage\":{\"@id\":\"https:\\\/\\\/lexing.ch\\\/possible-aux-enseignants-de-filmer-leurs-eleves-a-fins-didactiques-durant-leurs-cours\\\/#primaryimage\"},\"image\":{\"@id\":\"https:\\\/\\\/lexing.ch\\\/possible-aux-enseignants-de-filmer-leurs-eleves-a-fins-didactiques-durant-leurs-cours\\\/#primaryimage\"},\"thumbnailUrl\":\"https:\\\/\\\/lexing.ch\\\/wp-content\\\/uploads\\\/2018\\\/01\\\/logo-n.png\",\"datePublished\":\"2017-12-15T16:40:08+00:00\",\"dateModified\":\"2018-02-01T14:04:38+00:00\",\"breadcrumb\":{\"@id\":\"https:\\\/\\\/lexing.ch\\\/possible-aux-enseignants-de-filmer-leurs-eleves-a-fins-didactiques-durant-leurs-cours\\\/#breadcrumb\"},\"inLanguage\":\"en-US\",\"potentialAction\":[{\"@type\":\"ReadAction\",\"target\":[\"https:\\\/\\\/lexing.ch\\\/possible-aux-enseignants-de-filmer-leurs-eleves-a-fins-didactiques-durant-leurs-cours\\\/\"]}]},{\"@type\":\"ImageObject\",\"inLanguage\":\"en-US\",\"@id\":\"https:\\\/\\\/lexing.ch\\\/possible-aux-enseignants-de-filmer-leurs-eleves-a-fins-didactiques-durant-leurs-cours\\\/#primaryimage\",\"url\":\"https:\\\/\\\/lexing.ch\\\/wp-content\\\/uploads\\\/2018\\\/01\\\/logo-n.png\",\"contentUrl\":\"https:\\\/\\\/lexing.ch\\\/wp-content\\\/uploads\\\/2018\\\/01\\\/logo-n.png\"},{\"@type\":\"BreadcrumbList\",\"@id\":\"https:\\\/\\\/lexing.ch\\\/possible-aux-enseignants-de-filmer-leurs-eleves-a-fins-didactiques-durant-leurs-cours\\\/#breadcrumb\",\"itemListElement\":[{\"@type\":\"ListItem\",\"position\":1,\"name\":\"Accueil\",\"item\":\"https:\\\/\\\/lexing.ch\\\/en\\\/\"},{\"@type\":\"ListItem\",\"position\":2,\"name\":\"Est-il possible aux enseignants de filmer leurs \u00e9l\u00e8ves \u00e0 des fins didactiques durant leurs cours ?\"}]},{\"@type\":\"WebSite\",\"@id\":\"https:\\\/\\\/lexing.ch\\\/#website\",\"url\":\"https:\\\/\\\/lexing.ch\\\/\",\"name\":\"Lexing Switzerland\",\"description\":\"Common sense. Innovative solutions.\",\"publisher\":{\"@id\":\"https:\\\/\\\/lexing.ch\\\/#organization\"},\"potentialAction\":[{\"@type\":\"SearchAction\",\"target\":{\"@type\":\"EntryPoint\",\"urlTemplate\":\"https:\\\/\\\/lexing.ch\\\/?s={search_term_string}\"},\"query-input\":{\"@type\":\"PropertyValueSpecification\",\"valueRequired\":true,\"valueName\":\"search_term_string\"}}],\"inLanguage\":\"en-US\"},{\"@type\":\"Organization\",\"@id\":\"https:\\\/\\\/lexing.ch\\\/#organization\",\"name\":\"Lexing.ch\",\"url\":\"https:\\\/\\\/lexing.ch\\\/\",\"logo\":{\"@type\":\"ImageObject\",\"inLanguage\":\"en-US\",\"@id\":\"https:\\\/\\\/lexing.ch\\\/#\\\/schema\\\/logo\\\/image\\\/\",\"url\":\"https:\\\/\\\/lexing.ch\\\/wp-content\\\/uploads\\\/2018\\\/02\\\/logo-lexing-ch.png\",\"contentUrl\":\"https:\\\/\\\/lexing.ch\\\/wp-content\\\/uploads\\\/2018\\\/02\\\/logo-lexing-ch.png\",\"width\":\"500\",\"height\":\"174\",\"caption\":\"Lexing.ch\"},\"image\":{\"@id\":\"https:\\\/\\\/lexing.ch\\\/#\\\/schema\\\/logo\\\/image\\\/\"},\"sameAs\":[\"https:\\\/\\\/www.facebook.com\\\/Lexing.ch\",\"https:\\\/\\\/x.com\\\/sebastienfanti\"]},{\"@type\":\"Person\",\"@id\":\"https:\\\/\\\/lexing.ch\\\/#\\\/schema\\\/person\\\/0091f3d1919243ea4e1989a3b50ddcfb\",\"name\":\"S\u00e9bastien Fanti\",\"image\":{\"@type\":\"ImageObject\",\"inLanguage\":\"en-US\",\"@id\":\"https:\\\/\\\/secure.gravatar.com\\\/avatar\\\/4fb338e49d6b8f08bf4237565e3f005f762bdf5c75755363fd2b35a8da164837?s=96&d=mm&r=g\",\"url\":\"https:\\\/\\\/secure.gravatar.com\\\/avatar\\\/4fb338e49d6b8f08bf4237565e3f005f762bdf5c75755363fd2b35a8da164837?s=96&d=mm&r=g\",\"contentUrl\":\"https:\\\/\\\/secure.gravatar.com\\\/avatar\\\/4fb338e49d6b8f08bf4237565e3f005f762bdf5c75755363fd2b35a8da164837?s=96&d=mm&r=g\",\"caption\":\"S\u00e9bastien Fanti\"},\"description\":\"S\u00e9bastien Fanti est un avocat technologue qui participe au d\u00e9bat sur l\u2019avenir des normes en cette mati\u00e8re, avec le souci de l\u2019homme comme point cardinal de r\u00e9flexion. Fanatique de ballon orange (il est aussi agent de joueurs) , il oscille r\u00e9guli\u00e8rement entre le Run and Gun et la d\u00e9fense Diamond and One, soit provoque le d\u00e9bat dans le but de g\u00e9n\u00e9rer prise de conscience et processus vertueux. A l\u2019instar de Maverick (son surnom), la disruption constitue son ADN et les solutions out of the box ont sa pr\u00e9f\u00e9rence.\",\"sameAs\":[\"https:\\\/\\\/lexing.ch\",\"https:\\\/\\\/www.facebook.com\\\/sebastien.fanti\\\/\",\"https:\\\/\\\/www.instagram.com\\\/sebastienfanti\\\/\",\"https:\\\/\\\/www.linkedin.com\\\/in\\\/sebastienfanti\\\/\",\"https:\\\/\\\/x.com\\\/sebastienfanti\",\"https:\\\/\\\/www.youtube.com\\\/user\\\/sebastienfanti\",\"https:\\\/\\\/soundcloud.com\\\/sebastienfanti\"]}]}<\/script>\n<!-- \/ Yoast SEO Premium plugin. -->","yoast_head_json":{"title":"Est-il possible aux enseignants de filmer leurs \u00e9l\u00e8ves \u00e0 des fins didactiques durant leurs cours ? - Lexing Switzerland","robots":{"index":"index","follow":"follow","max-snippet":"max-snippet:-1","max-image-preview":"max-image-preview:large","max-video-preview":"max-video-preview:-1"},"canonical":"https:\/\/lexing.ch\/possible-aux-enseignants-de-filmer-leurs-eleves-a-fins-didactiques-durant-leurs-cours\/","og_locale":"en_US","og_type":"article","og_title":"Est-il possible aux enseignants de filmer leurs \u00e9l\u00e8ves \u00e0 des fins didactiques durant leurs cours ?","og_description":"Votre cadette rentre de l\u2019\u00e9cole et vous explique, effervescente, qu\u2019elle va \u00abpasser \u00e0 la t\u00e9l\u00e9\u00bb et que c\u2019est \u00abtrop g\u00e9nial\u00bb de devenir \u00abFamous\u00bb. En communion avec cette joie spontan\u00e9e, qui vous ravit, vous n\u2019osez gu\u00e8re solliciter de plus amples explications. Ce d\u2019autant qu\u2019en r\u00e9alit\u00e9, votre petite puce est plut\u00f4t confuse, lorsqu\u2019il s\u2019agit d\u2019expliciter les circonstances [&hellip;]","og_url":"https:\/\/lexing.ch\/possible-aux-enseignants-de-filmer-leurs-eleves-a-fins-didactiques-durant-leurs-cours\/","og_site_name":"Lexing Switzerland","article_publisher":"https:\/\/www.facebook.com\/Lexing.ch","article_author":"https:\/\/www.facebook.com\/sebastien.fanti\/","article_published_time":"2017-12-15T16:40:08+00:00","article_modified_time":"2018-02-01T14:04:38+00:00","og_image":[{"url":"https:\/\/lexing.ch\/wp-content\/uploads\/2018\/01\/logo-n.png","type":"","width":"","height":""}],"author":"S\u00e9bastien Fanti","twitter_card":"summary_large_image","twitter_creator":"@sebastienfanti","twitter_site":"@sebastienfanti","twitter_misc":{"Written by":"S\u00e9bastien Fanti","Est. reading time":"2 minutes"},"schema":{"@context":"https:\/\/schema.org","@graph":[{"@type":"Article","@id":"https:\/\/lexing.ch\/possible-aux-enseignants-de-filmer-leurs-eleves-a-fins-didactiques-durant-leurs-cours\/#article","isPartOf":{"@id":"https:\/\/lexing.ch\/possible-aux-enseignants-de-filmer-leurs-eleves-a-fins-didactiques-durant-leurs-cours\/"},"author":{"name":"S\u00e9bastien Fanti","@id":"https:\/\/lexing.ch\/#\/schema\/person\/0091f3d1919243ea4e1989a3b50ddcfb"},"headline":"Est-il possible aux enseignants de filmer leurs \u00e9l\u00e8ves \u00e0 des fins didactiques durant leurs cours ?","datePublished":"2017-12-15T16:40:08+00:00","dateModified":"2018-02-01T14:04:38+00:00","mainEntityOfPage":{"@id":"https:\/\/lexing.ch\/possible-aux-enseignants-de-filmer-leurs-eleves-a-fins-didactiques-durant-leurs-cours\/"},"wordCount":390,"commentCount":0,"publisher":{"@id":"https:\/\/lexing.ch\/#organization"},"image":{"@id":"https:\/\/lexing.ch\/possible-aux-enseignants-de-filmer-leurs-eleves-a-fins-didactiques-durant-leurs-cours\/#primaryimage"},"thumbnailUrl":"https:\/\/lexing.ch\/wp-content\/uploads\/2018\/01\/logo-n.png","articleSection":["Les conseils de S\u00e9bastien Fanti"],"inLanguage":"en-US"},{"@type":"WebPage","@id":"https:\/\/lexing.ch\/possible-aux-enseignants-de-filmer-leurs-eleves-a-fins-didactiques-durant-leurs-cours\/","url":"https:\/\/lexing.ch\/possible-aux-enseignants-de-filmer-leurs-eleves-a-fins-didactiques-durant-leurs-cours\/","name":"Est-il possible aux enseignants de filmer leurs \u00e9l\u00e8ves \u00e0 des fins didactiques durant leurs cours ? - Lexing Switzerland","isPartOf":{"@id":"https:\/\/lexing.ch\/#website"},"primaryImageOfPage":{"@id":"https:\/\/lexing.ch\/possible-aux-enseignants-de-filmer-leurs-eleves-a-fins-didactiques-durant-leurs-cours\/#primaryimage"},"image":{"@id":"https:\/\/lexing.ch\/possible-aux-enseignants-de-filmer-leurs-eleves-a-fins-didactiques-durant-leurs-cours\/#primaryimage"},"thumbnailUrl":"https:\/\/lexing.ch\/wp-content\/uploads\/2018\/01\/logo-n.png","datePublished":"2017-12-15T16:40:08+00:00","dateModified":"2018-02-01T14:04:38+00:00","breadcrumb":{"@id":"https:\/\/lexing.ch\/possible-aux-enseignants-de-filmer-leurs-eleves-a-fins-didactiques-durant-leurs-cours\/#breadcrumb"},"inLanguage":"en-US","potentialAction":[{"@type":"ReadAction","target":["https:\/\/lexing.ch\/possible-aux-enseignants-de-filmer-leurs-eleves-a-fins-didactiques-durant-leurs-cours\/"]}]},{"@type":"ImageObject","inLanguage":"en-US","@id":"https:\/\/lexing.ch\/possible-aux-enseignants-de-filmer-leurs-eleves-a-fins-didactiques-durant-leurs-cours\/#primaryimage","url":"https:\/\/lexing.ch\/wp-content\/uploads\/2018\/01\/logo-n.png","contentUrl":"https:\/\/lexing.ch\/wp-content\/uploads\/2018\/01\/logo-n.png"},{"@type":"BreadcrumbList","@id":"https:\/\/lexing.ch\/possible-aux-enseignants-de-filmer-leurs-eleves-a-fins-didactiques-durant-leurs-cours\/#breadcrumb","itemListElement":[{"@type":"ListItem","position":1,"name":"Accueil","item":"https:\/\/lexing.ch\/en\/"},{"@type":"ListItem","position":2,"name":"Est-il possible aux enseignants de filmer leurs \u00e9l\u00e8ves \u00e0 des fins didactiques durant leurs cours ?"}]},{"@type":"WebSite","@id":"https:\/\/lexing.ch\/#website","url":"https:\/\/lexing.ch\/","name":"Lexing Switzerland","description":"Common sense. Innovative solutions.","publisher":{"@id":"https:\/\/lexing.ch\/#organization"},"potentialAction":[{"@type":"SearchAction","target":{"@type":"EntryPoint","urlTemplate":"https:\/\/lexing.ch\/?s={search_term_string}"},"query-input":{"@type":"PropertyValueSpecification","valueRequired":true,"valueName":"search_term_string"}}],"inLanguage":"en-US"},{"@type":"Organization","@id":"https:\/\/lexing.ch\/#organization","name":"Lexing.ch","url":"https:\/\/lexing.ch\/","logo":{"@type":"ImageObject","inLanguage":"en-US","@id":"https:\/\/lexing.ch\/#\/schema\/logo\/image\/","url":"https:\/\/lexing.ch\/wp-content\/uploads\/2018\/02\/logo-lexing-ch.png","contentUrl":"https:\/\/lexing.ch\/wp-content\/uploads\/2018\/02\/logo-lexing-ch.png","width":"500","height":"174","caption":"Lexing.ch"},"image":{"@id":"https:\/\/lexing.ch\/#\/schema\/logo\/image\/"},"sameAs":["https:\/\/www.facebook.com\/Lexing.ch","https:\/\/x.com\/sebastienfanti"]},{"@type":"Person","@id":"https:\/\/lexing.ch\/#\/schema\/person\/0091f3d1919243ea4e1989a3b50ddcfb","name":"S\u00e9bastien Fanti","image":{"@type":"ImageObject","inLanguage":"en-US","@id":"https:\/\/secure.gravatar.com\/avatar\/4fb338e49d6b8f08bf4237565e3f005f762bdf5c75755363fd2b35a8da164837?s=96&d=mm&r=g","url":"https:\/\/secure.gravatar.com\/avatar\/4fb338e49d6b8f08bf4237565e3f005f762bdf5c75755363fd2b35a8da164837?s=96&d=mm&r=g","contentUrl":"https:\/\/secure.gravatar.com\/avatar\/4fb338e49d6b8f08bf4237565e3f005f762bdf5c75755363fd2b35a8da164837?s=96&d=mm&r=g","caption":"S\u00e9bastien Fanti"},"description":"S\u00e9bastien Fanti est un avocat technologue qui participe au d\u00e9bat sur l\u2019avenir des normes en cette mati\u00e8re, avec le souci de l\u2019homme comme point cardinal de r\u00e9flexion. Fanatique de ballon orange (il est aussi agent de joueurs) , il oscille r\u00e9guli\u00e8rement entre le Run and Gun et la d\u00e9fense Diamond and One, soit provoque le d\u00e9bat dans le but de g\u00e9n\u00e9rer prise de conscience et processus vertueux. A l\u2019instar de Maverick (son surnom), la disruption constitue son ADN et les solutions out of the box ont sa pr\u00e9f\u00e9rence.","sameAs":["https:\/\/lexing.ch","https:\/\/www.facebook.com\/sebastien.fanti\/","https:\/\/www.instagram.com\/sebastienfanti\/","https:\/\/www.linkedin.com\/in\/sebastienfanti\/","https:\/\/x.com\/sebastienfanti","https:\/\/www.youtube.com\/user\/sebastienfanti","https:\/\/soundcloud.com\/sebastienfanti"]}]}},"acf":[],"_links":{"self":[{"href":"https:\/\/lexing.ch\/en\/wp-json\/wp\/v2\/posts\/37724","targetHints":{"allow":["GET"]}}],"collection":[{"href":"https:\/\/lexing.ch\/en\/wp-json\/wp\/v2\/posts"}],"about":[{"href":"https:\/\/lexing.ch\/en\/wp-json\/wp\/v2\/types\/post"}],"author":[{"embeddable":true,"href":"https:\/\/lexing.ch\/en\/wp-json\/wp\/v2\/users\/22"}],"replies":[{"embeddable":true,"href":"https:\/\/lexing.ch\/en\/wp-json\/wp\/v2\/comments?post=37724"}],"version-history":[{"count":1,"href":"https:\/\/lexing.ch\/en\/wp-json\/wp\/v2\/posts\/37724\/revisions"}],"predecessor-version":[{"id":37728,"href":"https:\/\/lexing.ch\/en\/wp-json\/wp\/v2\/posts\/37724\/revisions\/37728"}],"wp:attachment":[{"href":"https:\/\/lexing.ch\/en\/wp-json\/wp\/v2\/media?parent=37724"}],"wp:term":[{"taxonomy":"category","embeddable":true,"href":"https:\/\/lexing.ch\/en\/wp-json\/wp\/v2\/categories?post=37724"},{"taxonomy":"post_tag","embeddable":true,"href":"https:\/\/lexing.ch\/en\/wp-json\/wp\/v2\/tags?post=37724"}],"curies":[{"name":"wp","href":"https:\/\/api.w.org\/{rel}","templated":true}]}}