{"id":50545,"date":"2023-03-11T11:15:34","date_gmt":"2023-03-11T10:15:34","guid":{"rendered":"https:\/\/lexing.ch\/?p=50545"},"modified":"2023-03-11T11:15:34","modified_gmt":"2023-03-11T10:15:34","slug":"un-procureur-est-il-soumis-a-la-transparence","status":"publish","type":"post","link":"https:\/\/lexing.ch\/de\/un-procureur-est-il-soumis-a-la-transparence\/","title":{"rendered":"Un procureur est-il soumis \u00e0 la transparence ?"},"content":{"rendered":"<h3>Les faits<\/h3>\n<p style=\"font-weight: 400\">Une affaire genevoise, tr\u00e8s int\u00e9ressante, nous donne l\u2019occasion de nous pencher sur la th\u00e9matique de la transparence des acteurs du monde judiciaire.<\/p>\n<p style=\"font-weight: 400\">Un avocat avait sollicit\u00e9 pour l\u2019un de ses clients aupr\u00e8s du Pouvoir judiciaire l\u2019acc\u00e8s \u00e0 diff\u00e9rents documents, soit des notes de frais relatives \u00e0 des voyages, ainsi que l\u2019agenda des mois d\u2019octobre, mars et f\u00e9vrier.<\/p>\n<p style=\"font-weight: 400\">Dans le cadre de cette d\u00e9marche, il avait invoqu\u00e9 la d\u00e9sormais c\u00e9l\u00e8bre jurisprudence du Tribunal f\u00e9d\u00e9ral (ATF 142 II 324), selon laquelle un agenda m\u00eame \u00e9lectronique fait express\u00e9ment partie des documents susceptibles d\u2019acc\u00e8s, lorsqu\u2019il porte sur une p\u00e9riode r\u00e9volue, qu\u2019il concerne un fonctionnaire haut plac\u00e9, sous r\u00e9serve du caviardage des \u00e9l\u00e9ments personnels. Cette jurisprudence qui a g\u00e9n\u00e9r\u00e9 des critiques (principalement des personnes qui pourraient \u00eatre concern\u00e9es par une demande d\u2019acc\u00e8s) a ouvert un champ des possibles dont le pr\u00e9sent cas est une exemplification.<\/p>\n<p style=\"font-weight: 400\">Apr\u00e8s r\u00e9flexion, le Pr\u00e9sident de la commission de gestion du Pouvoir judiciaire a indiqu\u00e9 qu\u2019il n\u2019y avait pas d\u2019objection \u00e0 produire les notes de frais requises et leurs justificatifs, expurg\u00e9s des donn\u00e9es personnelles et des informations sans lien avec la proc\u00e9dure \u00e0 laquelle le requ\u00e9rant est partie. S\u2019agissant de l\u2019agenda du Procureur, il s\u2019est oppos\u00e9 \u00e0 la communication en arguant du fait qu\u2019il ne serait li\u00e9 qu\u2019\u00e0 un usage personnel. La jurisprudence du Tribunal f\u00e9d\u00e9ral ne trouverait d\u00e8s lors pas application.<\/p>\n<p>&nbsp;<\/p>\n<h3>La m\u00e9diation<\/h3>\n<p style=\"font-weight: 400\">Suite \u00e0 ce refus, une proc\u00e9dure de m\u00e9diation a d\u00e9but\u00e9. Celle-ci n\u2019ayant pas abouti, la Pr\u00e9pos\u00e9e adjointe du Canton de Gen\u00e8ve a sollicit\u00e9 de pouvoir consulter le document sollicit\u00e9, ce qui lui a \u00e9t\u00e9 refus\u00e9. Une telle divulgation constituerait selon le Pouvoir judiciaire une violation du secret de fonction et porterait atteinte \u00e0 la vie priv\u00e9e du Procureur. Cette r\u00e9ponse, vous l\u2019aurez compris (en tant qu\u2019elle invoque le secret de fonction), est quelque peu surprenante lorsqu\u2019il est all\u00e9gu\u00e9 que l\u2019agenda servirait \u00e0 un usage personnel.<\/p>\n<p style=\"font-weight: 400\">Cons\u00e9quemment la Pr\u00e9pos\u00e9e a rendu <a href=\"https:\/\/lexing.ch\/wp-content\/uploads\/2023\/03\/recommandation-le-3-novembre-2022.pdf\">recommandation le 3 novembre 2022<\/a>. Elle rel\u00e8ve que le secret de fonction ne peut lui \u00eatre oppos\u00e9 en vertu de la loi, ce qui signifie qu\u2019elle aurait d\u00fb pouvoir consulter le document sollicit\u00e9 afin d\u2019en recommander l\u2019acc\u00e8s ou, au contraire, de recommander de maintenir un refus \u00e0 l\u2019acc\u00e8s requis. N\u2019ayant pas pu consulter le document requis, la Pr\u00e9pos\u00e9 est dans l\u2019incapacit\u00e9 de se prononcer sur le caract\u00e8re public ou non du document querell\u00e9.<\/p>\n<p>&nbsp;<\/p>\n<h3>Quid nunc ?<\/h3>\n<p style=\"font-weight: 400\">Cette issue est \u00e9videmment regrettable, pour user de termes pond\u00e9r\u00e9s, surtout lorsqu\u2019elle concerne un Procureur cens\u00e9ment exemplaire. Il suffit d\u00e8s lors \u00e0 une autorit\u00e9 de refuser la communication du document litigieux pour se soustraire aux normes en mati\u00e8re de transparence. Seule une r\u00e9vision de la loi, permettant de sanctionner l\u2019absence de collaboration, est susceptible de pallier cette faiblesse du processus.<\/p>\n","protected":false},"excerpt":{"rendered":"<p>Les faits Une affaire genevoise, tr\u00e8s int\u00e9ressante, nous donne l\u2019occasion de nous pencher sur la th\u00e9matique de la transparence des acteurs du monde judiciaire. Un avocat avait sollicit\u00e9 pour l\u2019un de ses clients aupr\u00e8s du Pouvoir judiciaire l\u2019acc\u00e8s \u00e0 diff\u00e9rents documents, soit des notes de frais relatives \u00e0 des voyages, ainsi que l\u2019agenda des mois [&hellip;]<\/p>\n","protected":false},"author":22,"featured_media":50542,"comment_status":"closed","ping_status":"open","sticky":false,"template":"","format":"standard","meta":{"_acf_changed":false,"footnotes":""},"categories":[566,333],"tags":[3816,3817,3818,3313,1716],"class_list":["post-50545","post","type-post","status-publish","format-standard","has-post-thumbnail","hentry","category-les-conseils-de-sebastien-fanti-en-de","category-news-de","tag-justice-de","tag-procureur-de","tag-geneve-de","tag-lipad-de","tag-transparence-de"],"yoast_head":"<!-- This site is optimized with the Yoast SEO Premium plugin v20.11 (Yoast SEO v27.3) - https:\/\/yoast.com\/product\/yoast-seo-premium-wordpress\/ -->\n<title>Un procureur est-il soumis \u00e0 la transparence ? - Lexing Switzerland<\/title>\n<meta name=\"robots\" content=\"index, follow, max-snippet:-1, max-image-preview:large, max-video-preview:-1\" \/>\n<link rel=\"canonical\" href=\"https:\/\/lexing.ch\/de\/un-procureur-est-il-soumis-a-la-transparence\/\" \/>\n<meta property=\"og:locale\" content=\"de_DE\" \/>\n<meta property=\"og:type\" content=\"article\" \/>\n<meta property=\"og:title\" content=\"Un procureur est-il soumis \u00e0 la transparence ?\" \/>\n<meta property=\"og:description\" content=\"Les faits Une affaire genevoise, tr\u00e8s int\u00e9ressante, nous donne l\u2019occasion de nous pencher sur la th\u00e9matique de la transparence des acteurs du monde judiciaire. Un avocat avait sollicit\u00e9 pour l\u2019un de ses clients aupr\u00e8s du Pouvoir judiciaire l\u2019acc\u00e8s \u00e0 diff\u00e9rents documents, soit des notes de frais relatives \u00e0 des voyages, ainsi que l\u2019agenda des mois [&hellip;]\" \/>\n<meta property=\"og:url\" content=\"https:\/\/lexing.ch\/de\/un-procureur-est-il-soumis-a-la-transparence\/\" \/>\n<meta property=\"og:site_name\" content=\"Lexing Switzerland\" \/>\n<meta property=\"article:publisher\" content=\"https:\/\/www.facebook.com\/Lexing.ch\" \/>\n<meta property=\"article:author\" content=\"https:\/\/www.facebook.com\/sebastien.fanti\/\" \/>\n<meta property=\"article:published_time\" content=\"2023-03-11T10:15:34+00:00\" \/>\n<meta property=\"og:image\" content=\"https:\/\/lexing.ch\/wp-content\/uploads\/2023\/03\/procureur-scaled.jpg\" \/>\n\t<meta property=\"og:image:width\" content=\"2560\" \/>\n\t<meta property=\"og:image:height\" content=\"1440\" \/>\n\t<meta property=\"og:image:type\" content=\"image\/jpeg\" \/>\n<meta name=\"author\" content=\"S\u00e9bastien Fanti\" \/>\n<meta name=\"twitter:card\" content=\"summary_large_image\" \/>\n<meta name=\"twitter:creator\" content=\"@sebastienfanti\" \/>\n<meta name=\"twitter:site\" content=\"@sebastienfanti\" \/>\n<meta name=\"twitter:label1\" content=\"Verfasst von\" \/>\n\t<meta name=\"twitter:data1\" content=\"S\u00e9bastien Fanti\" \/>\n\t<meta name=\"twitter:label2\" content=\"Gesch\u00e4tzte Lesezeit\" \/>\n\t<meta name=\"twitter:data2\" content=\"3\u00a0Minuten\" \/>\n<script type=\"application\/ld+json\" class=\"yoast-schema-graph\">{\"@context\":\"https:\\\/\\\/schema.org\",\"@graph\":[{\"@type\":\"Article\",\"@id\":\"https:\\\/\\\/lexing.ch\\\/de\\\/un-procureur-est-il-soumis-a-la-transparence\\\/#article\",\"isPartOf\":{\"@id\":\"https:\\\/\\\/lexing.ch\\\/de\\\/un-procureur-est-il-soumis-a-la-transparence\\\/\"},\"author\":{\"name\":\"S\u00e9bastien Fanti\",\"@id\":\"https:\\\/\\\/lexing.ch\\\/#\\\/schema\\\/person\\\/0091f3d1919243ea4e1989a3b50ddcfb\"},\"headline\":\"Un procureur est-il soumis \u00e0 la transparence ?\",\"datePublished\":\"2023-03-11T10:15:34+00:00\",\"mainEntityOfPage\":{\"@id\":\"https:\\\/\\\/lexing.ch\\\/de\\\/un-procureur-est-il-soumis-a-la-transparence\\\/\"},\"wordCount\":532,\"publisher\":{\"@id\":\"https:\\\/\\\/lexing.ch\\\/#organization\"},\"image\":{\"@id\":\"https:\\\/\\\/lexing.ch\\\/de\\\/un-procureur-est-il-soumis-a-la-transparence\\\/#primaryimage\"},\"thumbnailUrl\":\"https:\\\/\\\/lexing.ch\\\/wp-content\\\/uploads\\\/2023\\\/03\\\/procureur-scaled.jpg\",\"keywords\":[\"justice\",\"procureur\",\"Gen\u00e8ve\",\"LIPAD\",\"transparence\"],\"articleSection\":[\"Les conseils de S\u00e9bastien Fanti\",\"News\"],\"inLanguage\":\"de\"},{\"@type\":\"WebPage\",\"@id\":\"https:\\\/\\\/lexing.ch\\\/de\\\/un-procureur-est-il-soumis-a-la-transparence\\\/\",\"url\":\"https:\\\/\\\/lexing.ch\\\/de\\\/un-procureur-est-il-soumis-a-la-transparence\\\/\",\"name\":\"Un procureur est-il soumis \u00e0 la transparence ? - Lexing Switzerland\",\"isPartOf\":{\"@id\":\"https:\\\/\\\/lexing.ch\\\/#website\"},\"primaryImageOfPage\":{\"@id\":\"https:\\\/\\\/lexing.ch\\\/de\\\/un-procureur-est-il-soumis-a-la-transparence\\\/#primaryimage\"},\"image\":{\"@id\":\"https:\\\/\\\/lexing.ch\\\/de\\\/un-procureur-est-il-soumis-a-la-transparence\\\/#primaryimage\"},\"thumbnailUrl\":\"https:\\\/\\\/lexing.ch\\\/wp-content\\\/uploads\\\/2023\\\/03\\\/procureur-scaled.jpg\",\"datePublished\":\"2023-03-11T10:15:34+00:00\",\"breadcrumb\":{\"@id\":\"https:\\\/\\\/lexing.ch\\\/de\\\/un-procureur-est-il-soumis-a-la-transparence\\\/#breadcrumb\"},\"inLanguage\":\"de\",\"potentialAction\":[{\"@type\":\"ReadAction\",\"target\":[\"https:\\\/\\\/lexing.ch\\\/de\\\/un-procureur-est-il-soumis-a-la-transparence\\\/\"]}]},{\"@type\":\"ImageObject\",\"inLanguage\":\"de\",\"@id\":\"https:\\\/\\\/lexing.ch\\\/de\\\/un-procureur-est-il-soumis-a-la-transparence\\\/#primaryimage\",\"url\":\"https:\\\/\\\/lexing.ch\\\/wp-content\\\/uploads\\\/2023\\\/03\\\/procureur-scaled.jpg\",\"contentUrl\":\"https:\\\/\\\/lexing.ch\\\/wp-content\\\/uploads\\\/2023\\\/03\\\/procureur-scaled.jpg\",\"width\":2560,\"height\":1440,\"caption\":\"Court of Justice and Law Trial: Male Public Defender Presenting Case, Making Passionate Speech to Judge, Jury. African American Attorney Lawyer Protecting Client's Innocents with Supporting Argument.\"},{\"@type\":\"BreadcrumbList\",\"@id\":\"https:\\\/\\\/lexing.ch\\\/de\\\/un-procureur-est-il-soumis-a-la-transparence\\\/#breadcrumb\",\"itemListElement\":[{\"@type\":\"ListItem\",\"position\":1,\"name\":\"Accueil\",\"item\":\"https:\\\/\\\/lexing.ch\\\/de\\\/\"},{\"@type\":\"ListItem\",\"position\":2,\"name\":\"Un procureur est-il soumis \u00e0 la transparence ?\"}]},{\"@type\":\"WebSite\",\"@id\":\"https:\\\/\\\/lexing.ch\\\/#website\",\"url\":\"https:\\\/\\\/lexing.ch\\\/\",\"name\":\"Lexing Switzerland\",\"description\":\"Common sense. Innovative solutions.\",\"publisher\":{\"@id\":\"https:\\\/\\\/lexing.ch\\\/#organization\"},\"potentialAction\":[{\"@type\":\"SearchAction\",\"target\":{\"@type\":\"EntryPoint\",\"urlTemplate\":\"https:\\\/\\\/lexing.ch\\\/?s={search_term_string}\"},\"query-input\":{\"@type\":\"PropertyValueSpecification\",\"valueRequired\":true,\"valueName\":\"search_term_string\"}}],\"inLanguage\":\"de\"},{\"@type\":\"Organization\",\"@id\":\"https:\\\/\\\/lexing.ch\\\/#organization\",\"name\":\"Lexing.ch\",\"url\":\"https:\\\/\\\/lexing.ch\\\/\",\"logo\":{\"@type\":\"ImageObject\",\"inLanguage\":\"de\",\"@id\":\"https:\\\/\\\/lexing.ch\\\/#\\\/schema\\\/logo\\\/image\\\/\",\"url\":\"https:\\\/\\\/lexing.ch\\\/wp-content\\\/uploads\\\/2018\\\/02\\\/logo-lexing-ch.png\",\"contentUrl\":\"https:\\\/\\\/lexing.ch\\\/wp-content\\\/uploads\\\/2018\\\/02\\\/logo-lexing-ch.png\",\"width\":\"500\",\"height\":\"174\",\"caption\":\"Lexing.ch\"},\"image\":{\"@id\":\"https:\\\/\\\/lexing.ch\\\/#\\\/schema\\\/logo\\\/image\\\/\"},\"sameAs\":[\"https:\\\/\\\/www.facebook.com\\\/Lexing.ch\",\"https:\\\/\\\/x.com\\\/sebastienfanti\"]},{\"@type\":\"Person\",\"@id\":\"https:\\\/\\\/lexing.ch\\\/#\\\/schema\\\/person\\\/0091f3d1919243ea4e1989a3b50ddcfb\",\"name\":\"S\u00e9bastien Fanti\",\"image\":{\"@type\":\"ImageObject\",\"inLanguage\":\"de\",\"@id\":\"https:\\\/\\\/secure.gravatar.com\\\/avatar\\\/4fb338e49d6b8f08bf4237565e3f005f762bdf5c75755363fd2b35a8da164837?s=96&d=mm&r=g\",\"url\":\"https:\\\/\\\/secure.gravatar.com\\\/avatar\\\/4fb338e49d6b8f08bf4237565e3f005f762bdf5c75755363fd2b35a8da164837?s=96&d=mm&r=g\",\"contentUrl\":\"https:\\\/\\\/secure.gravatar.com\\\/avatar\\\/4fb338e49d6b8f08bf4237565e3f005f762bdf5c75755363fd2b35a8da164837?s=96&d=mm&r=g\",\"caption\":\"S\u00e9bastien Fanti\"},\"description\":\"S\u00e9bastien Fanti est un avocat technologue qui participe au d\u00e9bat sur l\u2019avenir des normes en cette mati\u00e8re, avec le souci de l\u2019homme comme point cardinal de r\u00e9flexion. Fanatique de ballon orange (il est aussi agent de joueurs) , il oscille r\u00e9guli\u00e8rement entre le Run and Gun et la d\u00e9fense Diamond and One, soit provoque le d\u00e9bat dans le but de g\u00e9n\u00e9rer prise de conscience et processus vertueux. A l\u2019instar de Maverick (son surnom), la disruption constitue son ADN et les solutions out of the box ont sa pr\u00e9f\u00e9rence.\",\"sameAs\":[\"https:\\\/\\\/lexing.ch\",\"https:\\\/\\\/www.facebook.com\\\/sebastien.fanti\\\/\",\"https:\\\/\\\/www.instagram.com\\\/sebastienfanti\\\/\",\"https:\\\/\\\/www.linkedin.com\\\/in\\\/sebastienfanti\\\/\",\"https:\\\/\\\/x.com\\\/sebastienfanti\",\"https:\\\/\\\/www.youtube.com\\\/user\\\/sebastienfanti\",\"https:\\\/\\\/soundcloud.com\\\/sebastienfanti\"]}]}<\/script>\n<!-- \/ Yoast SEO Premium plugin. -->","yoast_head_json":{"title":"Un procureur est-il soumis \u00e0 la transparence ? - Lexing Switzerland","robots":{"index":"index","follow":"follow","max-snippet":"max-snippet:-1","max-image-preview":"max-image-preview:large","max-video-preview":"max-video-preview:-1"},"canonical":"https:\/\/lexing.ch\/de\/un-procureur-est-il-soumis-a-la-transparence\/","og_locale":"de_DE","og_type":"article","og_title":"Un procureur est-il soumis \u00e0 la transparence ?","og_description":"Les faits Une affaire genevoise, tr\u00e8s int\u00e9ressante, nous donne l\u2019occasion de nous pencher sur la th\u00e9matique de la transparence des acteurs du monde judiciaire. Un avocat avait sollicit\u00e9 pour l\u2019un de ses clients aupr\u00e8s du Pouvoir judiciaire l\u2019acc\u00e8s \u00e0 diff\u00e9rents documents, soit des notes de frais relatives \u00e0 des voyages, ainsi que l\u2019agenda des mois [&hellip;]","og_url":"https:\/\/lexing.ch\/de\/un-procureur-est-il-soumis-a-la-transparence\/","og_site_name":"Lexing Switzerland","article_publisher":"https:\/\/www.facebook.com\/Lexing.ch","article_author":"https:\/\/www.facebook.com\/sebastien.fanti\/","article_published_time":"2023-03-11T10:15:34+00:00","og_image":[{"width":2560,"height":1440,"url":"https:\/\/lexing.ch\/wp-content\/uploads\/2023\/03\/procureur-scaled.jpg","type":"image\/jpeg"}],"author":"S\u00e9bastien Fanti","twitter_card":"summary_large_image","twitter_creator":"@sebastienfanti","twitter_site":"@sebastienfanti","twitter_misc":{"Verfasst von":"S\u00e9bastien Fanti","Gesch\u00e4tzte Lesezeit":"3\u00a0Minuten"},"schema":{"@context":"https:\/\/schema.org","@graph":[{"@type":"Article","@id":"https:\/\/lexing.ch\/de\/un-procureur-est-il-soumis-a-la-transparence\/#article","isPartOf":{"@id":"https:\/\/lexing.ch\/de\/un-procureur-est-il-soumis-a-la-transparence\/"},"author":{"name":"S\u00e9bastien Fanti","@id":"https:\/\/lexing.ch\/#\/schema\/person\/0091f3d1919243ea4e1989a3b50ddcfb"},"headline":"Un procureur est-il soumis \u00e0 la transparence ?","datePublished":"2023-03-11T10:15:34+00:00","mainEntityOfPage":{"@id":"https:\/\/lexing.ch\/de\/un-procureur-est-il-soumis-a-la-transparence\/"},"wordCount":532,"publisher":{"@id":"https:\/\/lexing.ch\/#organization"},"image":{"@id":"https:\/\/lexing.ch\/de\/un-procureur-est-il-soumis-a-la-transparence\/#primaryimage"},"thumbnailUrl":"https:\/\/lexing.ch\/wp-content\/uploads\/2023\/03\/procureur-scaled.jpg","keywords":["justice","procureur","Gen\u00e8ve","LIPAD","transparence"],"articleSection":["Les conseils de S\u00e9bastien Fanti","News"],"inLanguage":"de"},{"@type":"WebPage","@id":"https:\/\/lexing.ch\/de\/un-procureur-est-il-soumis-a-la-transparence\/","url":"https:\/\/lexing.ch\/de\/un-procureur-est-il-soumis-a-la-transparence\/","name":"Un procureur est-il soumis \u00e0 la transparence ? - Lexing Switzerland","isPartOf":{"@id":"https:\/\/lexing.ch\/#website"},"primaryImageOfPage":{"@id":"https:\/\/lexing.ch\/de\/un-procureur-est-il-soumis-a-la-transparence\/#primaryimage"},"image":{"@id":"https:\/\/lexing.ch\/de\/un-procureur-est-il-soumis-a-la-transparence\/#primaryimage"},"thumbnailUrl":"https:\/\/lexing.ch\/wp-content\/uploads\/2023\/03\/procureur-scaled.jpg","datePublished":"2023-03-11T10:15:34+00:00","breadcrumb":{"@id":"https:\/\/lexing.ch\/de\/un-procureur-est-il-soumis-a-la-transparence\/#breadcrumb"},"inLanguage":"de","potentialAction":[{"@type":"ReadAction","target":["https:\/\/lexing.ch\/de\/un-procureur-est-il-soumis-a-la-transparence\/"]}]},{"@type":"ImageObject","inLanguage":"de","@id":"https:\/\/lexing.ch\/de\/un-procureur-est-il-soumis-a-la-transparence\/#primaryimage","url":"https:\/\/lexing.ch\/wp-content\/uploads\/2023\/03\/procureur-scaled.jpg","contentUrl":"https:\/\/lexing.ch\/wp-content\/uploads\/2023\/03\/procureur-scaled.jpg","width":2560,"height":1440,"caption":"Court of Justice and Law Trial: Male Public Defender Presenting Case, Making Passionate Speech to Judge, Jury. African American Attorney Lawyer Protecting Client's Innocents with Supporting Argument."},{"@type":"BreadcrumbList","@id":"https:\/\/lexing.ch\/de\/un-procureur-est-il-soumis-a-la-transparence\/#breadcrumb","itemListElement":[{"@type":"ListItem","position":1,"name":"Accueil","item":"https:\/\/lexing.ch\/de\/"},{"@type":"ListItem","position":2,"name":"Un procureur est-il soumis \u00e0 la transparence ?"}]},{"@type":"WebSite","@id":"https:\/\/lexing.ch\/#website","url":"https:\/\/lexing.ch\/","name":"Lexing Switzerland","description":"Common sense. Innovative solutions.","publisher":{"@id":"https:\/\/lexing.ch\/#organization"},"potentialAction":[{"@type":"SearchAction","target":{"@type":"EntryPoint","urlTemplate":"https:\/\/lexing.ch\/?s={search_term_string}"},"query-input":{"@type":"PropertyValueSpecification","valueRequired":true,"valueName":"search_term_string"}}],"inLanguage":"de"},{"@type":"Organization","@id":"https:\/\/lexing.ch\/#organization","name":"Lexing.ch","url":"https:\/\/lexing.ch\/","logo":{"@type":"ImageObject","inLanguage":"de","@id":"https:\/\/lexing.ch\/#\/schema\/logo\/image\/","url":"https:\/\/lexing.ch\/wp-content\/uploads\/2018\/02\/logo-lexing-ch.png","contentUrl":"https:\/\/lexing.ch\/wp-content\/uploads\/2018\/02\/logo-lexing-ch.png","width":"500","height":"174","caption":"Lexing.ch"},"image":{"@id":"https:\/\/lexing.ch\/#\/schema\/logo\/image\/"},"sameAs":["https:\/\/www.facebook.com\/Lexing.ch","https:\/\/x.com\/sebastienfanti"]},{"@type":"Person","@id":"https:\/\/lexing.ch\/#\/schema\/person\/0091f3d1919243ea4e1989a3b50ddcfb","name":"S\u00e9bastien Fanti","image":{"@type":"ImageObject","inLanguage":"de","@id":"https:\/\/secure.gravatar.com\/avatar\/4fb338e49d6b8f08bf4237565e3f005f762bdf5c75755363fd2b35a8da164837?s=96&d=mm&r=g","url":"https:\/\/secure.gravatar.com\/avatar\/4fb338e49d6b8f08bf4237565e3f005f762bdf5c75755363fd2b35a8da164837?s=96&d=mm&r=g","contentUrl":"https:\/\/secure.gravatar.com\/avatar\/4fb338e49d6b8f08bf4237565e3f005f762bdf5c75755363fd2b35a8da164837?s=96&d=mm&r=g","caption":"S\u00e9bastien Fanti"},"description":"S\u00e9bastien Fanti est un avocat technologue qui participe au d\u00e9bat sur l\u2019avenir des normes en cette mati\u00e8re, avec le souci de l\u2019homme comme point cardinal de r\u00e9flexion. Fanatique de ballon orange (il est aussi agent de joueurs) , il oscille r\u00e9guli\u00e8rement entre le Run and Gun et la d\u00e9fense Diamond and One, soit provoque le d\u00e9bat dans le but de g\u00e9n\u00e9rer prise de conscience et processus vertueux. A l\u2019instar de Maverick (son surnom), la disruption constitue son ADN et les solutions out of the box ont sa pr\u00e9f\u00e9rence.","sameAs":["https:\/\/lexing.ch","https:\/\/www.facebook.com\/sebastien.fanti\/","https:\/\/www.instagram.com\/sebastienfanti\/","https:\/\/www.linkedin.com\/in\/sebastienfanti\/","https:\/\/x.com\/sebastienfanti","https:\/\/www.youtube.com\/user\/sebastienfanti","https:\/\/soundcloud.com\/sebastienfanti"]}]}},"acf":[],"_links":{"self":[{"href":"https:\/\/lexing.ch\/de\/wp-json\/wp\/v2\/posts\/50545","targetHints":{"allow":["GET"]}}],"collection":[{"href":"https:\/\/lexing.ch\/de\/wp-json\/wp\/v2\/posts"}],"about":[{"href":"https:\/\/lexing.ch\/de\/wp-json\/wp\/v2\/types\/post"}],"author":[{"embeddable":true,"href":"https:\/\/lexing.ch\/de\/wp-json\/wp\/v2\/users\/22"}],"replies":[{"embeddable":true,"href":"https:\/\/lexing.ch\/de\/wp-json\/wp\/v2\/comments?post=50545"}],"version-history":[{"count":3,"href":"https:\/\/lexing.ch\/de\/wp-json\/wp\/v2\/posts\/50545\/revisions"}],"predecessor-version":[{"id":50573,"href":"https:\/\/lexing.ch\/de\/wp-json\/wp\/v2\/posts\/50545\/revisions\/50573"}],"wp:featuredmedia":[{"embeddable":true,"href":"https:\/\/lexing.ch\/de\/wp-json\/wp\/v2\/media\/50542"}],"wp:attachment":[{"href":"https:\/\/lexing.ch\/de\/wp-json\/wp\/v2\/media?parent=50545"}],"wp:term":[{"taxonomy":"category","embeddable":true,"href":"https:\/\/lexing.ch\/de\/wp-json\/wp\/v2\/categories?post=50545"},{"taxonomy":"post_tag","embeddable":true,"href":"https:\/\/lexing.ch\/de\/wp-json\/wp\/v2\/tags?post=50545"}],"curies":[{"name":"wp","href":"https:\/\/api.w.org\/{rel}","templated":true}]}}