{"id":47923,"date":"2020-03-29T19:41:37","date_gmt":"2020-03-29T17:41:37","guid":{"rendered":"https:\/\/lexing.ch\/?p=47923"},"modified":"2020-04-21T21:04:54","modified_gmt":"2020-04-21T19:04:54","slug":"les-aspects-juridiques-du-teletravail","status":"publish","type":"post","link":"https:\/\/lexing.ch\/de\/les-aspects-juridiques-du-teletravail\/","title":{"rendered":"Les aspects juridiques du t\u00e9l\u00e9travail"},"content":{"rendered":"<p>Vous \u00eatres nombreux \u00e0 d\u00e9couvrir les d\u00e9lices du t\u00e9l\u00e9travail et \u00e0 faire ainsi prosp\u00e9rer, soudainement, la digitalisation, tant dans le secteur priv\u00e9 que dans le secteur public.<\/p>\n<p>Cette forme d\u2019activit\u00e9 suscite de nombreuses interrogations juridiques et elle a donn\u00e9 lieu \u00e0 une <a href=\"https:\/\/www.bj.admin.ch\/dam\/data\/bj\/aktuell\/news\/2016\/2016-11-16\/ber-br-f.pdf\">publication de plus de 80 pages du Conseil f\u00e9d\u00e9ral<\/a>. C\u2019est dire si les questions \u00e0 r\u00e9soudre sont vari\u00e9es. Voici quelques th\u00e9matiques qui nous paraissent devoir retenir votre attention en cette p\u00e9riode difficile.<\/p>\n<p>Il est tout d\u2019abord possible \u00e0 votre employeur (public ou priv\u00e9) d\u2019\u00e9tablir des directives g\u00e9n\u00e9rales sur l\u2019ex\u00e9cution du travail (horaires de travail : obligation d\u2019\u00eatre joignable \u00e0 certaines heures ou interdiction de travailler \u00e0 partir d\u2019une certaine heure) et la conduite des travailleurs et de donner des instructions particuli\u00e8res. Ces instructions ne sauraient toutefois porter atteinte \u00e0 la personnalit\u00e9 du travailleur. Ainsi, n\u2019est-il pas possible de faire supporter la responsabilit\u00e9 de la s\u00e9curit\u00e9 des donn\u00e9es au collaborateur qui, de surcro\u00eet, met son mat\u00e9riel informatique \u00e0 disposition de son employeur.<\/p>\n<p>\u00c0 cet \u00e9gard, il appara\u00eet que l\u2019employeur doit indemniser son collaborateur pour la mise \u00e0 disposition de son mat\u00e9riel priv\u00e9, sauf si ce dernier a consenti (express\u00e9ment ou implicitement) \u00e0 le faire \u00e0 titre gracieux ou que le t\u00e9l\u00e9travail est dans l\u2019int\u00e9r\u00eat du salari\u00e9. Cette indemnisation sera partielle, puisqu\u2019ordinairement le mat\u00e9riel comporte un double usage \u00e0 la fois priv\u00e9 et professionnel. Elle portera sur les frais d\u2019achats des ordinateurs, t\u00e9l\u00e9phones portables ou encore les abonnements. La question de savoir si le t\u00e9l\u00e9travail est dans l\u2019int\u00e9r\u00eat d\u2019un collaborateur n\u00e9cessitera une analyse fine surtout lorsque ce choix est li\u00e9 \u00e0 une situation extraordinaire comme une pand\u00e9mie.<\/p>\n<p>La s\u00e9curit\u00e9 des donn\u00e9es incombe \u00e0 l\u2019employeur qui devra pr\u00e9voir des mesures particuli\u00e8res (normes d\u2019authentification plus strictes ; s\u00e9curisation des communications et de l\u2019acc\u00e8s \u00e0 distance, etc.) et instruire les travailleurs sur les risques accrus d\u00e9coulant du t\u00e9l\u00e9travail et sur le comportement \u00e0 adopter pour y rem\u00e9dier.<\/p>\n<p>Sur le plan fiscal, le collaborateur qui met \u00e0 disposition de son employeur une pi\u00e8ce de son domicile est en droit de porter un montant en d\u00e9duction de son revenu au titre des frais professionnels pour autant qu\u2019il ne s\u2019agisse pas d\u2019une convenance personnelle. En d\u2019autres termes s\u2019il ne peut disposer d\u2019un local \u00e0 sa place de travail.<\/p>\n<p>Le t\u00e9l\u00e9travail ne s\u2019improvise pas. Il se planifie, s\u2019am\u00e9liore et se p\u00e9rennise sur la base d\u2019un accord discut\u00e9 entre les parties \u00e0 la relation de travail. \u00c0 d\u00e9faut, les nombreuses probl\u00e9matiques inh\u00e9rentes engendreront si ce n\u2019est des conflits, des tensions inutiles et contre-productives.<\/p>\n<p>Nos \u00e9quipes sont \u00e0 votre enti\u00e8re disposition pour tout renseignement compl\u00e9mentaire, notamment par le biais de <a href=\"https:\/\/lexing.ch\/consultations\/\">consultations en ligne<\/a>.<\/p>\n","protected":false},"excerpt":{"rendered":"<p>Vous \u00eatres nombreux \u00e0 d\u00e9couvrir les d\u00e9lices du t\u00e9l\u00e9travail et \u00e0 faire ainsi prosp\u00e9rer, soudainement, la digitalisation, tant dans le secteur priv\u00e9 que dans le secteur public. Cette forme d\u2019activit\u00e9 suscite de nombreuses interrogations juridiques et elle a donn\u00e9 lieu \u00e0 une publication de plus de 80 pages du Conseil f\u00e9d\u00e9ral. C\u2019est dire si les [&hellip;]<\/p>\n","protected":false},"author":22,"featured_media":47919,"comment_status":"open","ping_status":"open","sticky":false,"template":"","format":"standard","meta":{"_acf_changed":false,"footnotes":""},"categories":[566,333],"tags":[3483,3484,3482,2922,1511],"class_list":["post-47923","post","type-post","status-publish","format-standard","has-post-thumbnail","hentry","category-les-conseils-de-sebastien-fanti-en-de","category-news-de","tag-aspects-juridiques-de","tag-code-des-obligations-de","tag-teletravail-de","tag-privacy-de-2","tag-protection-des-donnees-de","expertise-droit-du-travail","expertise-lipda","expertise-lpd","expertise-protection-des-donnees","expertise-rgpd"],"yoast_head":"<!-- This site is optimized with the Yoast SEO Premium plugin v20.11 (Yoast SEO v27.3) - https:\/\/yoast.com\/product\/yoast-seo-premium-wordpress\/ -->\n<title>Les aspects juridiques du t\u00e9l\u00e9travail - Lexing Switzerland<\/title>\n<meta name=\"description\" content=\"Travailler \u00e0 distance est une libert\u00e9 assortie de nombreuses interrogations juridiques. Cet article a pour objectif d&#039;attirer votre attention sur les probl\u00e8mes \u00e0 r\u00e9soudre et de vous offrir des sources fiables de r\u00e9flexion.\" \/>\n<meta name=\"robots\" content=\"index, follow, max-snippet:-1, max-image-preview:large, max-video-preview:-1\" \/>\n<link rel=\"canonical\" href=\"https:\/\/lexing.ch\/les-aspects-juridiques-du-teletravail\/\" \/>\n<meta property=\"og:locale\" content=\"de_DE\" \/>\n<meta property=\"og:type\" content=\"article\" \/>\n<meta property=\"og:title\" content=\"Les aspects juridiques du t\u00e9l\u00e9travail\" \/>\n<meta property=\"og:description\" content=\"Travailler \u00e0 distance est une libert\u00e9 assortie de nombreuses interrogations juridiques. Cet article a pour objectif d&#039;attirer votre attention sur les probl\u00e8mes \u00e0 r\u00e9soudre et de vous offrir des sources fiables de r\u00e9flexion.\" \/>\n<meta property=\"og:url\" content=\"https:\/\/lexing.ch\/les-aspects-juridiques-du-teletravail\/\" \/>\n<meta property=\"og:site_name\" content=\"Lexing Switzerland\" \/>\n<meta property=\"article:publisher\" content=\"https:\/\/www.facebook.com\/Lexing.ch\" \/>\n<meta property=\"article:author\" content=\"https:\/\/www.facebook.com\/sebastien.fanti\/\" \/>\n<meta property=\"article:published_time\" content=\"2020-03-29T17:41:37+00:00\" \/>\n<meta property=\"article:modified_time\" content=\"2020-04-21T19:04:54+00:00\" \/>\n<meta property=\"og:image\" content=\"https:\/\/lexing.ch\/wp-content\/uploads\/2020\/03\/rendered-scaled.jpg\" \/>\n\t<meta property=\"og:image:width\" content=\"2560\" \/>\n\t<meta property=\"og:image:height\" content=\"1707\" \/>\n\t<meta property=\"og:image:type\" content=\"image\/jpeg\" \/>\n<meta name=\"author\" content=\"S\u00e9bastien Fanti\" \/>\n<meta name=\"twitter:card\" content=\"summary_large_image\" \/>\n<meta name=\"twitter:title\" content=\"Les aspects juridiques du t\u00e9l\u00e9travail\" \/>\n<meta name=\"twitter:description\" content=\"Travailler \u00e0 distance est une libert\u00e9 assortie de nombreuses interrogations juridiques. Cet article a pour objectif d&#039;attirer votre attention sur les probl\u00e8mes \u00e0 r\u00e9soudre et de vous offrir des sources fiables de r\u00e9flexion.\" \/>\n<meta name=\"twitter:creator\" content=\"@sebastienfanti\" \/>\n<meta name=\"twitter:site\" content=\"@sebastienfanti\" \/>\n<meta name=\"twitter:label1\" content=\"Verfasst von\" \/>\n\t<meta name=\"twitter:data1\" content=\"S\u00e9bastien Fanti\" \/>\n\t<meta name=\"twitter:label2\" content=\"Gesch\u00e4tzte Lesezeit\" \/>\n\t<meta name=\"twitter:data2\" content=\"2\u00a0Minuten\" \/>\n<script type=\"application\/ld+json\" class=\"yoast-schema-graph\">{\"@context\":\"https:\\\/\\\/schema.org\",\"@graph\":[{\"@type\":\"Article\",\"@id\":\"https:\\\/\\\/lexing.ch\\\/les-aspects-juridiques-du-teletravail\\\/#article\",\"isPartOf\":{\"@id\":\"https:\\\/\\\/lexing.ch\\\/les-aspects-juridiques-du-teletravail\\\/\"},\"author\":{\"name\":\"S\u00e9bastien Fanti\",\"@id\":\"https:\\\/\\\/lexing.ch\\\/#\\\/schema\\\/person\\\/0091f3d1919243ea4e1989a3b50ddcfb\"},\"headline\":\"Les aspects juridiques du t\u00e9l\u00e9travail\",\"datePublished\":\"2020-03-29T17:41:37+00:00\",\"dateModified\":\"2020-04-21T19:04:54+00:00\",\"mainEntityOfPage\":{\"@id\":\"https:\\\/\\\/lexing.ch\\\/les-aspects-juridiques-du-teletravail\\\/\"},\"wordCount\":498,\"commentCount\":0,\"publisher\":{\"@id\":\"https:\\\/\\\/lexing.ch\\\/#organization\"},\"image\":{\"@id\":\"https:\\\/\\\/lexing.ch\\\/les-aspects-juridiques-du-teletravail\\\/#primaryimage\"},\"thumbnailUrl\":\"https:\\\/\\\/lexing.ch\\\/wp-content\\\/uploads\\\/2020\\\/03\\\/rendered.jpg\",\"keywords\":[\"aspects juridiques\",\"Code des obligations\",\"t\u00e9l\u00e9travail\",\"Privacy\",\"protection des donn\u00e9es\"],\"articleSection\":[\"Les conseils de S\u00e9bastien Fanti\",\"News\"],\"inLanguage\":\"de\"},{\"@type\":\"WebPage\",\"@id\":\"https:\\\/\\\/lexing.ch\\\/les-aspects-juridiques-du-teletravail\\\/\",\"url\":\"https:\\\/\\\/lexing.ch\\\/les-aspects-juridiques-du-teletravail\\\/\",\"name\":\"Les aspects juridiques du t\u00e9l\u00e9travail - Lexing Switzerland\",\"isPartOf\":{\"@id\":\"https:\\\/\\\/lexing.ch\\\/#website\"},\"primaryImageOfPage\":{\"@id\":\"https:\\\/\\\/lexing.ch\\\/les-aspects-juridiques-du-teletravail\\\/#primaryimage\"},\"image\":{\"@id\":\"https:\\\/\\\/lexing.ch\\\/les-aspects-juridiques-du-teletravail\\\/#primaryimage\"},\"thumbnailUrl\":\"https:\\\/\\\/lexing.ch\\\/wp-content\\\/uploads\\\/2020\\\/03\\\/rendered.jpg\",\"datePublished\":\"2020-03-29T17:41:37+00:00\",\"dateModified\":\"2020-04-21T19:04:54+00:00\",\"description\":\"Travailler \u00e0 distance est une libert\u00e9 assortie de nombreuses interrogations juridiques. Cet article a pour objectif d'attirer votre attention sur les probl\u00e8mes \u00e0 r\u00e9soudre et de vous offrir des sources fiables de r\u00e9flexion.\",\"breadcrumb\":{\"@id\":\"https:\\\/\\\/lexing.ch\\\/les-aspects-juridiques-du-teletravail\\\/#breadcrumb\"},\"inLanguage\":\"de\",\"potentialAction\":[{\"@type\":\"ReadAction\",\"target\":[\"https:\\\/\\\/lexing.ch\\\/les-aspects-juridiques-du-teletravail\\\/\"]}]},{\"@type\":\"ImageObject\",\"inLanguage\":\"de\",\"@id\":\"https:\\\/\\\/lexing.ch\\\/les-aspects-juridiques-du-teletravail\\\/#primaryimage\",\"url\":\"https:\\\/\\\/lexing.ch\\\/wp-content\\\/uploads\\\/2020\\\/03\\\/rendered.jpg\",\"contentUrl\":\"https:\\\/\\\/lexing.ch\\\/wp-content\\\/uploads\\\/2020\\\/03\\\/rendered.jpg\",\"width\":2560,\"height\":1707},{\"@type\":\"BreadcrumbList\",\"@id\":\"https:\\\/\\\/lexing.ch\\\/les-aspects-juridiques-du-teletravail\\\/#breadcrumb\",\"itemListElement\":[{\"@type\":\"ListItem\",\"position\":1,\"name\":\"Accueil\",\"item\":\"https:\\\/\\\/lexing.ch\\\/de\\\/\"},{\"@type\":\"ListItem\",\"position\":2,\"name\":\"Les aspects juridiques du t\u00e9l\u00e9travail\"}]},{\"@type\":\"WebSite\",\"@id\":\"https:\\\/\\\/lexing.ch\\\/#website\",\"url\":\"https:\\\/\\\/lexing.ch\\\/\",\"name\":\"Lexing Switzerland\",\"description\":\"Common sense. Innovative solutions.\",\"publisher\":{\"@id\":\"https:\\\/\\\/lexing.ch\\\/#organization\"},\"potentialAction\":[{\"@type\":\"SearchAction\",\"target\":{\"@type\":\"EntryPoint\",\"urlTemplate\":\"https:\\\/\\\/lexing.ch\\\/?s={search_term_string}\"},\"query-input\":{\"@type\":\"PropertyValueSpecification\",\"valueRequired\":true,\"valueName\":\"search_term_string\"}}],\"inLanguage\":\"de\"},{\"@type\":\"Organization\",\"@id\":\"https:\\\/\\\/lexing.ch\\\/#organization\",\"name\":\"Lexing.ch\",\"url\":\"https:\\\/\\\/lexing.ch\\\/\",\"logo\":{\"@type\":\"ImageObject\",\"inLanguage\":\"de\",\"@id\":\"https:\\\/\\\/lexing.ch\\\/#\\\/schema\\\/logo\\\/image\\\/\",\"url\":\"https:\\\/\\\/lexing.ch\\\/wp-content\\\/uploads\\\/2018\\\/02\\\/logo-lexing-ch.png\",\"contentUrl\":\"https:\\\/\\\/lexing.ch\\\/wp-content\\\/uploads\\\/2018\\\/02\\\/logo-lexing-ch.png\",\"width\":\"500\",\"height\":\"174\",\"caption\":\"Lexing.ch\"},\"image\":{\"@id\":\"https:\\\/\\\/lexing.ch\\\/#\\\/schema\\\/logo\\\/image\\\/\"},\"sameAs\":[\"https:\\\/\\\/www.facebook.com\\\/Lexing.ch\",\"https:\\\/\\\/x.com\\\/sebastienfanti\"]},{\"@type\":\"Person\",\"@id\":\"https:\\\/\\\/lexing.ch\\\/#\\\/schema\\\/person\\\/0091f3d1919243ea4e1989a3b50ddcfb\",\"name\":\"S\u00e9bastien Fanti\",\"image\":{\"@type\":\"ImageObject\",\"inLanguage\":\"de\",\"@id\":\"https:\\\/\\\/secure.gravatar.com\\\/avatar\\\/4fb338e49d6b8f08bf4237565e3f005f762bdf5c75755363fd2b35a8da164837?s=96&d=mm&r=g\",\"url\":\"https:\\\/\\\/secure.gravatar.com\\\/avatar\\\/4fb338e49d6b8f08bf4237565e3f005f762bdf5c75755363fd2b35a8da164837?s=96&d=mm&r=g\",\"contentUrl\":\"https:\\\/\\\/secure.gravatar.com\\\/avatar\\\/4fb338e49d6b8f08bf4237565e3f005f762bdf5c75755363fd2b35a8da164837?s=96&d=mm&r=g\",\"caption\":\"S\u00e9bastien Fanti\"},\"description\":\"S\u00e9bastien Fanti est un avocat technologue qui participe au d\u00e9bat sur l\u2019avenir des normes en cette mati\u00e8re, avec le souci de l\u2019homme comme point cardinal de r\u00e9flexion. Fanatique de ballon orange (il est aussi agent de joueurs) , il oscille r\u00e9guli\u00e8rement entre le Run and Gun et la d\u00e9fense Diamond and One, soit provoque le d\u00e9bat dans le but de g\u00e9n\u00e9rer prise de conscience et processus vertueux. A l\u2019instar de Maverick (son surnom), la disruption constitue son ADN et les solutions out of the box ont sa pr\u00e9f\u00e9rence.\",\"sameAs\":[\"https:\\\/\\\/lexing.ch\",\"https:\\\/\\\/www.facebook.com\\\/sebastien.fanti\\\/\",\"https:\\\/\\\/www.instagram.com\\\/sebastienfanti\\\/\",\"https:\\\/\\\/www.linkedin.com\\\/in\\\/sebastienfanti\\\/\",\"https:\\\/\\\/x.com\\\/sebastienfanti\",\"https:\\\/\\\/www.youtube.com\\\/user\\\/sebastienfanti\",\"https:\\\/\\\/soundcloud.com\\\/sebastienfanti\"]}]}<\/script>\n<!-- \/ Yoast SEO Premium plugin. -->","yoast_head_json":{"title":"Les aspects juridiques du t\u00e9l\u00e9travail - Lexing Switzerland","description":"Travailler \u00e0 distance est une libert\u00e9 assortie de nombreuses interrogations juridiques. Cet article a pour objectif d'attirer votre attention sur les probl\u00e8mes \u00e0 r\u00e9soudre et de vous offrir des sources fiables de r\u00e9flexion.","robots":{"index":"index","follow":"follow","max-snippet":"max-snippet:-1","max-image-preview":"max-image-preview:large","max-video-preview":"max-video-preview:-1"},"canonical":"https:\/\/lexing.ch\/les-aspects-juridiques-du-teletravail\/","og_locale":"de_DE","og_type":"article","og_title":"Les aspects juridiques du t\u00e9l\u00e9travail","og_description":"Travailler \u00e0 distance est une libert\u00e9 assortie de nombreuses interrogations juridiques. Cet article a pour objectif d'attirer votre attention sur les probl\u00e8mes \u00e0 r\u00e9soudre et de vous offrir des sources fiables de r\u00e9flexion.","og_url":"https:\/\/lexing.ch\/les-aspects-juridiques-du-teletravail\/","og_site_name":"Lexing Switzerland","article_publisher":"https:\/\/www.facebook.com\/Lexing.ch","article_author":"https:\/\/www.facebook.com\/sebastien.fanti\/","article_published_time":"2020-03-29T17:41:37+00:00","article_modified_time":"2020-04-21T19:04:54+00:00","og_image":[{"width":2560,"height":1707,"url":"https:\/\/lexing.ch\/wp-content\/uploads\/2020\/03\/rendered-scaled.jpg","type":"image\/jpeg"}],"author":"S\u00e9bastien Fanti","twitter_card":"summary_large_image","twitter_title":"Les aspects juridiques du t\u00e9l\u00e9travail","twitter_description":"Travailler \u00e0 distance est une libert\u00e9 assortie de nombreuses interrogations juridiques. Cet article a pour objectif d'attirer votre attention sur les probl\u00e8mes \u00e0 r\u00e9soudre et de vous offrir des sources fiables de r\u00e9flexion.","twitter_creator":"@sebastienfanti","twitter_site":"@sebastienfanti","twitter_misc":{"Verfasst von":"S\u00e9bastien Fanti","Gesch\u00e4tzte Lesezeit":"2\u00a0Minuten"},"schema":{"@context":"https:\/\/schema.org","@graph":[{"@type":"Article","@id":"https:\/\/lexing.ch\/les-aspects-juridiques-du-teletravail\/#article","isPartOf":{"@id":"https:\/\/lexing.ch\/les-aspects-juridiques-du-teletravail\/"},"author":{"name":"S\u00e9bastien Fanti","@id":"https:\/\/lexing.ch\/#\/schema\/person\/0091f3d1919243ea4e1989a3b50ddcfb"},"headline":"Les aspects juridiques du t\u00e9l\u00e9travail","datePublished":"2020-03-29T17:41:37+00:00","dateModified":"2020-04-21T19:04:54+00:00","mainEntityOfPage":{"@id":"https:\/\/lexing.ch\/les-aspects-juridiques-du-teletravail\/"},"wordCount":498,"commentCount":0,"publisher":{"@id":"https:\/\/lexing.ch\/#organization"},"image":{"@id":"https:\/\/lexing.ch\/les-aspects-juridiques-du-teletravail\/#primaryimage"},"thumbnailUrl":"https:\/\/lexing.ch\/wp-content\/uploads\/2020\/03\/rendered.jpg","keywords":["aspects juridiques","Code des obligations","t\u00e9l\u00e9travail","Privacy","protection des donn\u00e9es"],"articleSection":["Les conseils de S\u00e9bastien Fanti","News"],"inLanguage":"de"},{"@type":"WebPage","@id":"https:\/\/lexing.ch\/les-aspects-juridiques-du-teletravail\/","url":"https:\/\/lexing.ch\/les-aspects-juridiques-du-teletravail\/","name":"Les aspects juridiques du t\u00e9l\u00e9travail - Lexing Switzerland","isPartOf":{"@id":"https:\/\/lexing.ch\/#website"},"primaryImageOfPage":{"@id":"https:\/\/lexing.ch\/les-aspects-juridiques-du-teletravail\/#primaryimage"},"image":{"@id":"https:\/\/lexing.ch\/les-aspects-juridiques-du-teletravail\/#primaryimage"},"thumbnailUrl":"https:\/\/lexing.ch\/wp-content\/uploads\/2020\/03\/rendered.jpg","datePublished":"2020-03-29T17:41:37+00:00","dateModified":"2020-04-21T19:04:54+00:00","description":"Travailler \u00e0 distance est une libert\u00e9 assortie de nombreuses interrogations juridiques. Cet article a pour objectif d'attirer votre attention sur les probl\u00e8mes \u00e0 r\u00e9soudre et de vous offrir des sources fiables de r\u00e9flexion.","breadcrumb":{"@id":"https:\/\/lexing.ch\/les-aspects-juridiques-du-teletravail\/#breadcrumb"},"inLanguage":"de","potentialAction":[{"@type":"ReadAction","target":["https:\/\/lexing.ch\/les-aspects-juridiques-du-teletravail\/"]}]},{"@type":"ImageObject","inLanguage":"de","@id":"https:\/\/lexing.ch\/les-aspects-juridiques-du-teletravail\/#primaryimage","url":"https:\/\/lexing.ch\/wp-content\/uploads\/2020\/03\/rendered.jpg","contentUrl":"https:\/\/lexing.ch\/wp-content\/uploads\/2020\/03\/rendered.jpg","width":2560,"height":1707},{"@type":"BreadcrumbList","@id":"https:\/\/lexing.ch\/les-aspects-juridiques-du-teletravail\/#breadcrumb","itemListElement":[{"@type":"ListItem","position":1,"name":"Accueil","item":"https:\/\/lexing.ch\/de\/"},{"@type":"ListItem","position":2,"name":"Les aspects juridiques du t\u00e9l\u00e9travail"}]},{"@type":"WebSite","@id":"https:\/\/lexing.ch\/#website","url":"https:\/\/lexing.ch\/","name":"Lexing Switzerland","description":"Common sense. Innovative solutions.","publisher":{"@id":"https:\/\/lexing.ch\/#organization"},"potentialAction":[{"@type":"SearchAction","target":{"@type":"EntryPoint","urlTemplate":"https:\/\/lexing.ch\/?s={search_term_string}"},"query-input":{"@type":"PropertyValueSpecification","valueRequired":true,"valueName":"search_term_string"}}],"inLanguage":"de"},{"@type":"Organization","@id":"https:\/\/lexing.ch\/#organization","name":"Lexing.ch","url":"https:\/\/lexing.ch\/","logo":{"@type":"ImageObject","inLanguage":"de","@id":"https:\/\/lexing.ch\/#\/schema\/logo\/image\/","url":"https:\/\/lexing.ch\/wp-content\/uploads\/2018\/02\/logo-lexing-ch.png","contentUrl":"https:\/\/lexing.ch\/wp-content\/uploads\/2018\/02\/logo-lexing-ch.png","width":"500","height":"174","caption":"Lexing.ch"},"image":{"@id":"https:\/\/lexing.ch\/#\/schema\/logo\/image\/"},"sameAs":["https:\/\/www.facebook.com\/Lexing.ch","https:\/\/x.com\/sebastienfanti"]},{"@type":"Person","@id":"https:\/\/lexing.ch\/#\/schema\/person\/0091f3d1919243ea4e1989a3b50ddcfb","name":"S\u00e9bastien Fanti","image":{"@type":"ImageObject","inLanguage":"de","@id":"https:\/\/secure.gravatar.com\/avatar\/4fb338e49d6b8f08bf4237565e3f005f762bdf5c75755363fd2b35a8da164837?s=96&d=mm&r=g","url":"https:\/\/secure.gravatar.com\/avatar\/4fb338e49d6b8f08bf4237565e3f005f762bdf5c75755363fd2b35a8da164837?s=96&d=mm&r=g","contentUrl":"https:\/\/secure.gravatar.com\/avatar\/4fb338e49d6b8f08bf4237565e3f005f762bdf5c75755363fd2b35a8da164837?s=96&d=mm&r=g","caption":"S\u00e9bastien Fanti"},"description":"S\u00e9bastien Fanti est un avocat technologue qui participe au d\u00e9bat sur l\u2019avenir des normes en cette mati\u00e8re, avec le souci de l\u2019homme comme point cardinal de r\u00e9flexion. Fanatique de ballon orange (il est aussi agent de joueurs) , il oscille r\u00e9guli\u00e8rement entre le Run and Gun et la d\u00e9fense Diamond and One, soit provoque le d\u00e9bat dans le but de g\u00e9n\u00e9rer prise de conscience et processus vertueux. A l\u2019instar de Maverick (son surnom), la disruption constitue son ADN et les solutions out of the box ont sa pr\u00e9f\u00e9rence.","sameAs":["https:\/\/lexing.ch","https:\/\/www.facebook.com\/sebastien.fanti\/","https:\/\/www.instagram.com\/sebastienfanti\/","https:\/\/www.linkedin.com\/in\/sebastienfanti\/","https:\/\/x.com\/sebastienfanti","https:\/\/www.youtube.com\/user\/sebastienfanti","https:\/\/soundcloud.com\/sebastienfanti"]}]}},"acf":[],"_links":{"self":[{"href":"https:\/\/lexing.ch\/de\/wp-json\/wp\/v2\/posts\/47923","targetHints":{"allow":["GET"]}}],"collection":[{"href":"https:\/\/lexing.ch\/de\/wp-json\/wp\/v2\/posts"}],"about":[{"href":"https:\/\/lexing.ch\/de\/wp-json\/wp\/v2\/types\/post"}],"author":[{"embeddable":true,"href":"https:\/\/lexing.ch\/de\/wp-json\/wp\/v2\/users\/22"}],"replies":[{"embeddable":true,"href":"https:\/\/lexing.ch\/de\/wp-json\/wp\/v2\/comments?post=47923"}],"version-history":[{"count":3,"href":"https:\/\/lexing.ch\/de\/wp-json\/wp\/v2\/posts\/47923\/revisions"}],"predecessor-version":[{"id":48138,"href":"https:\/\/lexing.ch\/de\/wp-json\/wp\/v2\/posts\/47923\/revisions\/48138"}],"wp:featuredmedia":[{"embeddable":true,"href":"https:\/\/lexing.ch\/de\/wp-json\/wp\/v2\/media\/47919"}],"wp:attachment":[{"href":"https:\/\/lexing.ch\/de\/wp-json\/wp\/v2\/media?parent=47923"}],"wp:term":[{"taxonomy":"category","embeddable":true,"href":"https:\/\/lexing.ch\/de\/wp-json\/wp\/v2\/categories?post=47923"},{"taxonomy":"post_tag","embeddable":true,"href":"https:\/\/lexing.ch\/de\/wp-json\/wp\/v2\/tags?post=47923"}],"curies":[{"name":"wp","href":"https:\/\/api.w.org\/{rel}","templated":true}]}}