{"id":42560,"date":"2019-08-07T22:38:03","date_gmt":"2019-08-07T20:38:03","guid":{"rendered":"https:\/\/lexing.ch\/?p=42560"},"modified":"2019-08-07T22:38:03","modified_gmt":"2019-08-07T20:38:03","slug":"petit-dejeuner","status":"publish","type":"post","link":"https:\/\/lexing.ch\/de\/petit-dejeuner\/","title":{"rendered":"Savez-vous prot\u00e9ger les donn\u00e9es de vos patients?"},"content":{"rendered":"<p>Nous avons d\u00e9cid\u00e9 avec la <a href=\"https:\/\/www.cliniquevalere.ch\">Clinique de Val\u00e8re<\/a> d&#8217;initier des petits-d\u00e9jeuner d\u00e9di\u00e9s au partage de la connaissance, lesquels vous permettront en 60&#8242; chrono d&#8217;appr\u00e9hender un sujet, de r\u00e9seauter et de prendre un bon petit-d\u00e9jeuner, le tout de 7 heures \u00e0 8 heures du matin de mani\u00e8re \u00e0 ne pas trop p\u00e9jorer votre rythme de travail.<\/p>\n<p>Le premier petit-d\u00e9jeuner est consacr\u00e9 \u00e0 la protection des donn\u00e9es de vos patients. Nous vous orienterons sur les obligations l\u00e9gales, mais surtout vous indiquerons des solutions pragmatiques pour vous permettre de pratique votre activit\u00e9 de soins en toute s\u00e9curit\u00e9. Tout ceci gratuitement et sans aucune autre exigence que de s&#8217;inscrire pr\u00e9alablement.<\/p>\n<p><a href=\"https:\/\/lexing.ch\/de\/rechtsanwalt\/sebastien-fanti\/\">Me S\u00e9bastien Fanti<\/a> co-dirige le CAS Recherche, Innovation et protection des donn\u00e9es de l&#8217;Universit\u00e9 de Neuch\u00e2tel (Institut de droit de la sant\u00e9). Il dispense des formations en mati\u00e8re de protection des donn\u00e9es dans diff\u00e9rentes universit\u00e9s, dont celle de La Sorbonne et est au b\u00e9n\u00e9fice du mandat de Pr\u00e9pos\u00e9 \u00e0 la protection des donn\u00e9es et \u00e0 la transparence du Canton du Valais.<\/p>\n<p><a href=\"\/?p=37808\">Me Alexandre Staeger<\/a> a assist\u00e9 le Professeur Philippe Meier, apr\u00e8s l&#8217;obtention de son master sp\u00e9cialis\u00e9 en droit des technologies avanc\u00e9es aupr\u00e8s de l&#8217;Universit\u00e9 de Lausanne. Il est au b\u00e9n\u00e9fice d&#8217;une exp\u00e9rience de plusieurs ann\u00e9es en mati\u00e8re de protection des donn\u00e9es en qualit\u00e9 de juriste, puis d&#8217;avocat.<\/p>\n<p>Au plaisir de vous y rencontrer et un immense merci \u00e0 la <a href=\"https:\/\/www.cliniquevalere.ch\">Clinique de Val\u00e8re<\/a>, respectivement \u00e0 Beno\u00eet Kuchler de sa confiance. Alors n&#8217;h\u00e9sitez plus et inscrivez-vous<\/p>\n","protected":false},"excerpt":{"rendered":"<p>Si vous ne pouvez r\u00e9pondre positivement \u00e0 cette question, cette formation gratuite vous est destin\u00e9e!<\/p>\n","protected":false},"author":22,"featured_media":42551,"comment_status":"open","ping_status":"open","sticky":false,"template":"","format":"standard","meta":{"_acf_changed":false,"footnotes":""},"categories":[339,333],"tags":[3367,3368,2922,1647,1511,1476,1250,1017],"class_list":["post-42560","post","type-post","status-publish","format-standard","has-post-thumbnail","hentry","category-events-de","category-news-de","tag-patients-de","tag-securite-informatique-de","tag-privacy-de-2","tag-donnees-medicales-de","tag-protection-des-donnees-de","tag-lipda-de","tag-lpd-de","tag-rgpd-de","expertise-formations","expertise-protection-des-donnees"],"yoast_head":"<!-- This site is optimized with the Yoast SEO Premium plugin v20.11 (Yoast SEO v27.3) - https:\/\/yoast.com\/product\/yoast-seo-premium-wordpress\/ -->\n<title>Savez-vous prot\u00e9ger les donn\u00e9es de vos patients? - Lexing Switzerland<\/title>\n<meta name=\"description\" content=\"Nous vous proposons d&#039;aborder cette th\u00e9matique d&#039;un point de vue th\u00e9orique et pragmatique lors d&#039;une formation matinale agr\u00e9ment\u00e9e d&#039;un petit-d\u00e9jeuner.\" \/>\n<meta name=\"robots\" content=\"index, follow, max-snippet:-1, max-image-preview:large, max-video-preview:-1\" \/>\n<link rel=\"canonical\" href=\"https:\/\/lexing.ch\/de\/petit-dejeuner\/\" \/>\n<meta property=\"og:locale\" content=\"de_DE\" \/>\n<meta property=\"og:type\" content=\"article\" \/>\n<meta property=\"og:title\" content=\"Savez-vous prot\u00e9ger les donn\u00e9es de vos patients?\" \/>\n<meta property=\"og:description\" content=\"Nous vous proposons d&#039;aborder cette th\u00e9matique d&#039;un point de vue th\u00e9orique et pragmatique lors d&#039;une formation matinale agr\u00e9ment\u00e9e d&#039;un petit-d\u00e9jeuner.\" \/>\n<meta property=\"og:url\" content=\"https:\/\/lexing.ch\/de\/petit-dejeuner\/\" \/>\n<meta property=\"og:site_name\" content=\"Lexing Switzerland\" \/>\n<meta property=\"article:publisher\" content=\"https:\/\/www.facebook.com\/Lexing.ch\" \/>\n<meta property=\"article:author\" content=\"https:\/\/www.facebook.com\/sebastien.fanti\/\" \/>\n<meta property=\"article:published_time\" content=\"2019-08-07T20:38:03+00:00\" \/>\n<meta property=\"og:image\" content=\"https:\/\/lexing.ch\/wp-content\/uploads\/2019\/08\/lexing-cliniquedevalere-donnees-patient.jpg\" \/>\n\t<meta property=\"og:image:width\" content=\"2216\" \/>\n\t<meta property=\"og:image:height\" content=\"3134\" \/>\n\t<meta property=\"og:image:type\" content=\"image\/jpeg\" \/>\n<meta name=\"author\" content=\"S\u00e9bastien Fanti\" \/>\n<meta name=\"twitter:card\" content=\"summary_large_image\" \/>\n<meta name=\"twitter:description\" content=\"Nous vous proposons d&#039;aborder cette th\u00e9matique d&#039;un point de vue th\u00e9orique et pragmatique lors d&#039;une formation matinale agr\u00e9ment\u00e9e d&#039;un petit-d\u00e9jeuner.\" \/>\n<meta name=\"twitter:creator\" content=\"@sebastienfanti\" \/>\n<meta name=\"twitter:site\" content=\"@sebastienfanti\" \/>\n<meta name=\"twitter:label1\" content=\"Verfasst von\" \/>\n\t<meta name=\"twitter:data1\" content=\"S\u00e9bastien Fanti\" \/>\n\t<meta name=\"twitter:label2\" content=\"Gesch\u00e4tzte Lesezeit\" \/>\n\t<meta name=\"twitter:data2\" content=\"1\u00a0Minute\" \/>\n<script type=\"application\/ld+json\" class=\"yoast-schema-graph\">{\"@context\":\"https:\\\/\\\/schema.org\",\"@graph\":[{\"@type\":\"Article\",\"@id\":\"https:\\\/\\\/lexing.ch\\\/de\\\/petit-dejeuner\\\/#article\",\"isPartOf\":{\"@id\":\"https:\\\/\\\/lexing.ch\\\/de\\\/petit-dejeuner\\\/\"},\"author\":{\"name\":\"S\u00e9bastien Fanti\",\"@id\":\"https:\\\/\\\/lexing.ch\\\/#\\\/schema\\\/person\\\/0091f3d1919243ea4e1989a3b50ddcfb\"},\"headline\":\"Savez-vous prot\u00e9ger les donn\u00e9es de vos patients?\",\"datePublished\":\"2019-08-07T20:38:03+00:00\",\"mainEntityOfPage\":{\"@id\":\"https:\\\/\\\/lexing.ch\\\/de\\\/petit-dejeuner\\\/\"},\"wordCount\":287,\"commentCount\":0,\"publisher\":{\"@id\":\"https:\\\/\\\/lexing.ch\\\/#organization\"},\"image\":{\"@id\":\"https:\\\/\\\/lexing.ch\\\/de\\\/petit-dejeuner\\\/#primaryimage\"},\"thumbnailUrl\":\"https:\\\/\\\/lexing.ch\\\/wp-content\\\/uploads\\\/2019\\\/08\\\/lexing-cliniquedevalere-donnees-patient.jpg\",\"keywords\":[\"patients\",\"s\u00e9curit\u00e9 informatique\",\"Privacy\",\"donn\u00e9es m\u00e9dicales\",\"protection des donn\u00e9es\",\"LIPDA\",\"LPD\",\"RGPD\"],\"articleSection\":[\"Formation\",\"News\"],\"inLanguage\":\"de\"},{\"@type\":\"WebPage\",\"@id\":\"https:\\\/\\\/lexing.ch\\\/de\\\/petit-dejeuner\\\/\",\"url\":\"https:\\\/\\\/lexing.ch\\\/de\\\/petit-dejeuner\\\/\",\"name\":\"Savez-vous prot\u00e9ger les donn\u00e9es de vos patients? - Lexing Switzerland\",\"isPartOf\":{\"@id\":\"https:\\\/\\\/lexing.ch\\\/#website\"},\"primaryImageOfPage\":{\"@id\":\"https:\\\/\\\/lexing.ch\\\/de\\\/petit-dejeuner\\\/#primaryimage\"},\"image\":{\"@id\":\"https:\\\/\\\/lexing.ch\\\/de\\\/petit-dejeuner\\\/#primaryimage\"},\"thumbnailUrl\":\"https:\\\/\\\/lexing.ch\\\/wp-content\\\/uploads\\\/2019\\\/08\\\/lexing-cliniquedevalere-donnees-patient.jpg\",\"datePublished\":\"2019-08-07T20:38:03+00:00\",\"description\":\"Nous vous proposons d'aborder cette th\u00e9matique d'un point de vue th\u00e9orique et pragmatique lors d'une formation matinale agr\u00e9ment\u00e9e d'un petit-d\u00e9jeuner.\",\"breadcrumb\":{\"@id\":\"https:\\\/\\\/lexing.ch\\\/de\\\/petit-dejeuner\\\/#breadcrumb\"},\"inLanguage\":\"de\",\"potentialAction\":[{\"@type\":\"ReadAction\",\"target\":[\"https:\\\/\\\/lexing.ch\\\/de\\\/petit-dejeuner\\\/\"]}]},{\"@type\":\"ImageObject\",\"inLanguage\":\"de\",\"@id\":\"https:\\\/\\\/lexing.ch\\\/de\\\/petit-dejeuner\\\/#primaryimage\",\"url\":\"https:\\\/\\\/lexing.ch\\\/wp-content\\\/uploads\\\/2019\\\/08\\\/lexing-cliniquedevalere-donnees-patient.jpg\",\"contentUrl\":\"https:\\\/\\\/lexing.ch\\\/wp-content\\\/uploads\\\/2019\\\/08\\\/lexing-cliniquedevalere-donnees-patient.jpg\",\"width\":2216,\"height\":3134,\"caption\":\"Lexing Switzerland, S\u00e9bastien Fanti\"},{\"@type\":\"BreadcrumbList\",\"@id\":\"https:\\\/\\\/lexing.ch\\\/de\\\/petit-dejeuner\\\/#breadcrumb\",\"itemListElement\":[{\"@type\":\"ListItem\",\"position\":1,\"name\":\"Accueil\",\"item\":\"https:\\\/\\\/lexing.ch\\\/de\\\/\"},{\"@type\":\"ListItem\",\"position\":2,\"name\":\"Savez-vous prot\u00e9ger les donn\u00e9es de vos patients?\"}]},{\"@type\":\"WebSite\",\"@id\":\"https:\\\/\\\/lexing.ch\\\/#website\",\"url\":\"https:\\\/\\\/lexing.ch\\\/\",\"name\":\"Lexing Switzerland\",\"description\":\"Common sense. Innovative solutions.\",\"publisher\":{\"@id\":\"https:\\\/\\\/lexing.ch\\\/#organization\"},\"potentialAction\":[{\"@type\":\"SearchAction\",\"target\":{\"@type\":\"EntryPoint\",\"urlTemplate\":\"https:\\\/\\\/lexing.ch\\\/?s={search_term_string}\"},\"query-input\":{\"@type\":\"PropertyValueSpecification\",\"valueRequired\":true,\"valueName\":\"search_term_string\"}}],\"inLanguage\":\"de\"},{\"@type\":\"Organization\",\"@id\":\"https:\\\/\\\/lexing.ch\\\/#organization\",\"name\":\"Lexing.ch\",\"url\":\"https:\\\/\\\/lexing.ch\\\/\",\"logo\":{\"@type\":\"ImageObject\",\"inLanguage\":\"de\",\"@id\":\"https:\\\/\\\/lexing.ch\\\/#\\\/schema\\\/logo\\\/image\\\/\",\"url\":\"https:\\\/\\\/lexing.ch\\\/wp-content\\\/uploads\\\/2018\\\/02\\\/logo-lexing-ch.png\",\"contentUrl\":\"https:\\\/\\\/lexing.ch\\\/wp-content\\\/uploads\\\/2018\\\/02\\\/logo-lexing-ch.png\",\"width\":\"500\",\"height\":\"174\",\"caption\":\"Lexing.ch\"},\"image\":{\"@id\":\"https:\\\/\\\/lexing.ch\\\/#\\\/schema\\\/logo\\\/image\\\/\"},\"sameAs\":[\"https:\\\/\\\/www.facebook.com\\\/Lexing.ch\",\"https:\\\/\\\/x.com\\\/sebastienfanti\"]},{\"@type\":\"Person\",\"@id\":\"https:\\\/\\\/lexing.ch\\\/#\\\/schema\\\/person\\\/0091f3d1919243ea4e1989a3b50ddcfb\",\"name\":\"S\u00e9bastien Fanti\",\"image\":{\"@type\":\"ImageObject\",\"inLanguage\":\"de\",\"@id\":\"https:\\\/\\\/secure.gravatar.com\\\/avatar\\\/4fb338e49d6b8f08bf4237565e3f005f762bdf5c75755363fd2b35a8da164837?s=96&d=mm&r=g\",\"url\":\"https:\\\/\\\/secure.gravatar.com\\\/avatar\\\/4fb338e49d6b8f08bf4237565e3f005f762bdf5c75755363fd2b35a8da164837?s=96&d=mm&r=g\",\"contentUrl\":\"https:\\\/\\\/secure.gravatar.com\\\/avatar\\\/4fb338e49d6b8f08bf4237565e3f005f762bdf5c75755363fd2b35a8da164837?s=96&d=mm&r=g\",\"caption\":\"S\u00e9bastien Fanti\"},\"description\":\"S\u00e9bastien Fanti est un avocat technologue qui participe au d\u00e9bat sur l\u2019avenir des normes en cette mati\u00e8re, avec le souci de l\u2019homme comme point cardinal de r\u00e9flexion. Fanatique de ballon orange (il est aussi agent de joueurs) , il oscille r\u00e9guli\u00e8rement entre le Run and Gun et la d\u00e9fense Diamond and One, soit provoque le d\u00e9bat dans le but de g\u00e9n\u00e9rer prise de conscience et processus vertueux. A l\u2019instar de Maverick (son surnom), la disruption constitue son ADN et les solutions out of the box ont sa pr\u00e9f\u00e9rence.\",\"sameAs\":[\"https:\\\/\\\/lexing.ch\",\"https:\\\/\\\/www.facebook.com\\\/sebastien.fanti\\\/\",\"https:\\\/\\\/www.instagram.com\\\/sebastienfanti\\\/\",\"https:\\\/\\\/www.linkedin.com\\\/in\\\/sebastienfanti\\\/\",\"https:\\\/\\\/x.com\\\/sebastienfanti\",\"https:\\\/\\\/www.youtube.com\\\/user\\\/sebastienfanti\",\"https:\\\/\\\/soundcloud.com\\\/sebastienfanti\"]}]}<\/script>\n<!-- \/ Yoast SEO Premium plugin. -->","yoast_head_json":{"title":"Savez-vous prot\u00e9ger les donn\u00e9es de vos patients? - Lexing Switzerland","description":"Nous vous proposons d'aborder cette th\u00e9matique d'un point de vue th\u00e9orique et pragmatique lors d'une formation matinale agr\u00e9ment\u00e9e d'un petit-d\u00e9jeuner.","robots":{"index":"index","follow":"follow","max-snippet":"max-snippet:-1","max-image-preview":"max-image-preview:large","max-video-preview":"max-video-preview:-1"},"canonical":"https:\/\/lexing.ch\/de\/petit-dejeuner\/","og_locale":"de_DE","og_type":"article","og_title":"Savez-vous prot\u00e9ger les donn\u00e9es de vos patients?","og_description":"Nous vous proposons d'aborder cette th\u00e9matique d'un point de vue th\u00e9orique et pragmatique lors d'une formation matinale agr\u00e9ment\u00e9e d'un petit-d\u00e9jeuner.","og_url":"https:\/\/lexing.ch\/de\/petit-dejeuner\/","og_site_name":"Lexing Switzerland","article_publisher":"https:\/\/www.facebook.com\/Lexing.ch","article_author":"https:\/\/www.facebook.com\/sebastien.fanti\/","article_published_time":"2019-08-07T20:38:03+00:00","og_image":[{"width":2216,"height":3134,"url":"https:\/\/lexing.ch\/wp-content\/uploads\/2019\/08\/lexing-cliniquedevalere-donnees-patient.jpg","type":"image\/jpeg"}],"author":"S\u00e9bastien Fanti","twitter_card":"summary_large_image","twitter_description":"Nous vous proposons d'aborder cette th\u00e9matique d'un point de vue th\u00e9orique et pragmatique lors d'une formation matinale agr\u00e9ment\u00e9e d'un petit-d\u00e9jeuner.","twitter_creator":"@sebastienfanti","twitter_site":"@sebastienfanti","twitter_misc":{"Verfasst von":"S\u00e9bastien Fanti","Gesch\u00e4tzte Lesezeit":"1\u00a0Minute"},"schema":{"@context":"https:\/\/schema.org","@graph":[{"@type":"Article","@id":"https:\/\/lexing.ch\/de\/petit-dejeuner\/#article","isPartOf":{"@id":"https:\/\/lexing.ch\/de\/petit-dejeuner\/"},"author":{"name":"S\u00e9bastien Fanti","@id":"https:\/\/lexing.ch\/#\/schema\/person\/0091f3d1919243ea4e1989a3b50ddcfb"},"headline":"Savez-vous prot\u00e9ger les donn\u00e9es de vos patients?","datePublished":"2019-08-07T20:38:03+00:00","mainEntityOfPage":{"@id":"https:\/\/lexing.ch\/de\/petit-dejeuner\/"},"wordCount":287,"commentCount":0,"publisher":{"@id":"https:\/\/lexing.ch\/#organization"},"image":{"@id":"https:\/\/lexing.ch\/de\/petit-dejeuner\/#primaryimage"},"thumbnailUrl":"https:\/\/lexing.ch\/wp-content\/uploads\/2019\/08\/lexing-cliniquedevalere-donnees-patient.jpg","keywords":["patients","s\u00e9curit\u00e9 informatique","Privacy","donn\u00e9es m\u00e9dicales","protection des donn\u00e9es","LIPDA","LPD","RGPD"],"articleSection":["Formation","News"],"inLanguage":"de"},{"@type":"WebPage","@id":"https:\/\/lexing.ch\/de\/petit-dejeuner\/","url":"https:\/\/lexing.ch\/de\/petit-dejeuner\/","name":"Savez-vous prot\u00e9ger les donn\u00e9es de vos patients? - Lexing Switzerland","isPartOf":{"@id":"https:\/\/lexing.ch\/#website"},"primaryImageOfPage":{"@id":"https:\/\/lexing.ch\/de\/petit-dejeuner\/#primaryimage"},"image":{"@id":"https:\/\/lexing.ch\/de\/petit-dejeuner\/#primaryimage"},"thumbnailUrl":"https:\/\/lexing.ch\/wp-content\/uploads\/2019\/08\/lexing-cliniquedevalere-donnees-patient.jpg","datePublished":"2019-08-07T20:38:03+00:00","description":"Nous vous proposons d'aborder cette th\u00e9matique d'un point de vue th\u00e9orique et pragmatique lors d'une formation matinale agr\u00e9ment\u00e9e d'un petit-d\u00e9jeuner.","breadcrumb":{"@id":"https:\/\/lexing.ch\/de\/petit-dejeuner\/#breadcrumb"},"inLanguage":"de","potentialAction":[{"@type":"ReadAction","target":["https:\/\/lexing.ch\/de\/petit-dejeuner\/"]}]},{"@type":"ImageObject","inLanguage":"de","@id":"https:\/\/lexing.ch\/de\/petit-dejeuner\/#primaryimage","url":"https:\/\/lexing.ch\/wp-content\/uploads\/2019\/08\/lexing-cliniquedevalere-donnees-patient.jpg","contentUrl":"https:\/\/lexing.ch\/wp-content\/uploads\/2019\/08\/lexing-cliniquedevalere-donnees-patient.jpg","width":2216,"height":3134,"caption":"Lexing Switzerland, S\u00e9bastien Fanti"},{"@type":"BreadcrumbList","@id":"https:\/\/lexing.ch\/de\/petit-dejeuner\/#breadcrumb","itemListElement":[{"@type":"ListItem","position":1,"name":"Accueil","item":"https:\/\/lexing.ch\/de\/"},{"@type":"ListItem","position":2,"name":"Savez-vous prot\u00e9ger les donn\u00e9es de vos patients?"}]},{"@type":"WebSite","@id":"https:\/\/lexing.ch\/#website","url":"https:\/\/lexing.ch\/","name":"Lexing Switzerland","description":"Common sense. Innovative solutions.","publisher":{"@id":"https:\/\/lexing.ch\/#organization"},"potentialAction":[{"@type":"SearchAction","target":{"@type":"EntryPoint","urlTemplate":"https:\/\/lexing.ch\/?s={search_term_string}"},"query-input":{"@type":"PropertyValueSpecification","valueRequired":true,"valueName":"search_term_string"}}],"inLanguage":"de"},{"@type":"Organization","@id":"https:\/\/lexing.ch\/#organization","name":"Lexing.ch","url":"https:\/\/lexing.ch\/","logo":{"@type":"ImageObject","inLanguage":"de","@id":"https:\/\/lexing.ch\/#\/schema\/logo\/image\/","url":"https:\/\/lexing.ch\/wp-content\/uploads\/2018\/02\/logo-lexing-ch.png","contentUrl":"https:\/\/lexing.ch\/wp-content\/uploads\/2018\/02\/logo-lexing-ch.png","width":"500","height":"174","caption":"Lexing.ch"},"image":{"@id":"https:\/\/lexing.ch\/#\/schema\/logo\/image\/"},"sameAs":["https:\/\/www.facebook.com\/Lexing.ch","https:\/\/x.com\/sebastienfanti"]},{"@type":"Person","@id":"https:\/\/lexing.ch\/#\/schema\/person\/0091f3d1919243ea4e1989a3b50ddcfb","name":"S\u00e9bastien Fanti","image":{"@type":"ImageObject","inLanguage":"de","@id":"https:\/\/secure.gravatar.com\/avatar\/4fb338e49d6b8f08bf4237565e3f005f762bdf5c75755363fd2b35a8da164837?s=96&d=mm&r=g","url":"https:\/\/secure.gravatar.com\/avatar\/4fb338e49d6b8f08bf4237565e3f005f762bdf5c75755363fd2b35a8da164837?s=96&d=mm&r=g","contentUrl":"https:\/\/secure.gravatar.com\/avatar\/4fb338e49d6b8f08bf4237565e3f005f762bdf5c75755363fd2b35a8da164837?s=96&d=mm&r=g","caption":"S\u00e9bastien Fanti"},"description":"S\u00e9bastien Fanti est un avocat technologue qui participe au d\u00e9bat sur l\u2019avenir des normes en cette mati\u00e8re, avec le souci de l\u2019homme comme point cardinal de r\u00e9flexion. Fanatique de ballon orange (il est aussi agent de joueurs) , il oscille r\u00e9guli\u00e8rement entre le Run and Gun et la d\u00e9fense Diamond and One, soit provoque le d\u00e9bat dans le but de g\u00e9n\u00e9rer prise de conscience et processus vertueux. A l\u2019instar de Maverick (son surnom), la disruption constitue son ADN et les solutions out of the box ont sa pr\u00e9f\u00e9rence.","sameAs":["https:\/\/lexing.ch","https:\/\/www.facebook.com\/sebastien.fanti\/","https:\/\/www.instagram.com\/sebastienfanti\/","https:\/\/www.linkedin.com\/in\/sebastienfanti\/","https:\/\/x.com\/sebastienfanti","https:\/\/www.youtube.com\/user\/sebastienfanti","https:\/\/soundcloud.com\/sebastienfanti"]}]}},"acf":[],"_links":{"self":[{"href":"https:\/\/lexing.ch\/de\/wp-json\/wp\/v2\/posts\/42560","targetHints":{"allow":["GET"]}}],"collection":[{"href":"https:\/\/lexing.ch\/de\/wp-json\/wp\/v2\/posts"}],"about":[{"href":"https:\/\/lexing.ch\/de\/wp-json\/wp\/v2\/types\/post"}],"author":[{"embeddable":true,"href":"https:\/\/lexing.ch\/de\/wp-json\/wp\/v2\/users\/22"}],"replies":[{"embeddable":true,"href":"https:\/\/lexing.ch\/de\/wp-json\/wp\/v2\/comments?post=42560"}],"version-history":[{"count":3,"href":"https:\/\/lexing.ch\/de\/wp-json\/wp\/v2\/posts\/42560\/revisions"}],"predecessor-version":[{"id":42585,"href":"https:\/\/lexing.ch\/de\/wp-json\/wp\/v2\/posts\/42560\/revisions\/42585"}],"wp:featuredmedia":[{"embeddable":true,"href":"https:\/\/lexing.ch\/de\/wp-json\/wp\/v2\/media\/42551"}],"wp:attachment":[{"href":"https:\/\/lexing.ch\/de\/wp-json\/wp\/v2\/media?parent=42560"}],"wp:term":[{"taxonomy":"category","embeddable":true,"href":"https:\/\/lexing.ch\/de\/wp-json\/wp\/v2\/categories?post=42560"},{"taxonomy":"post_tag","embeddable":true,"href":"https:\/\/lexing.ch\/de\/wp-json\/wp\/v2\/tags?post=42560"}],"curies":[{"name":"wp","href":"https:\/\/api.w.org\/{rel}","templated":true}]}}