{"id":41710,"date":"2019-07-17T22:23:21","date_gmt":"2019-07-17T20:23:21","guid":{"rendered":"https:\/\/lexing.ch\/?p=41710"},"modified":"2019-08-12T21:33:37","modified_gmt":"2019-08-12T19:33:37","slug":"publication-de-photos-ou-de-films-deleves-sur-internet-quelles-sont-les-regles-legales","status":"publish","type":"post","link":"https:\/\/lexing.ch\/de\/publication-de-photos-ou-de-films-deleves-sur-internet-quelles-sont-les-regles-legales\/","title":{"rendered":"Publication de photos ou de films d\u2019\u00e9l\u00e8ves sur Internet : quelles sont les r\u00e8gles l\u00e9gales ?"},"content":{"rendered":"<p><img decoding=\"async\" class=\"scolaire S\u00e9bastien Fanti aligncenter wp-image-40645 size-medium\" title=\" scolaire S\u00e9bastien Fanti \" src=\"https:\/\/lexing.ch\/wp-content\/uploads\/2019\/04\/seb-171x3002x-171x300.jpg\" alt=\"photo ou film d'\u00e9l\u00e8ves, scolaire, S\u00e9bastien Fanti \" width=\"171\" height=\"300\" srcset=\"https:\/\/lexing.ch\/wp-content\/uploads\/2019\/04\/seb-171x3002x-171x300.jpg 171w, https:\/\/lexing.ch\/wp-content\/uploads\/2019\/04\/seb-171x3002x-120x211.jpg 120w, https:\/\/lexing.ch\/wp-content\/uploads\/2019\/04\/seb-171x3002x-43x75.jpg 43w, https:\/\/lexing.ch\/wp-content\/uploads\/2019\/04\/seb-171x3002x-250x439.jpg 250w, https:\/\/lexing.ch\/wp-content\/uploads\/2019\/04\/seb-171x3002x-200x351.jpg 200w, https:\/\/lexing.ch\/wp-content\/uploads\/2019\/04\/seb-171x3002x.jpg 342w, https:\/\/lexing.ch\/wp-content\/uploads\/2019\/04\/seb-171x3002x-120x211@2x.jpg 240w, https:\/\/lexing.ch\/wp-content\/uploads\/2019\/04\/seb-171x3002x-43x75@2x.jpg 86w\" sizes=\"(max-width: 171px) 100vw, 171px\" \/><\/p>\n<p>Votre fille ain\u00e9e revient radieuse de sa premi\u00e8re journ\u00e9e de classe apr\u00e8s les vacances. Vous l\u2019interrogez sur le motif de ce ravissement qui tranche, singuli\u00e8rement, avec son attitude apr\u00e8s une journ\u00e9e scolaire ordinaire. Elle vous r\u00e9pond qu\u2019elle va \u00ab\u00a0faire le buzz\u00a0\u00bb dans le cadre d\u2019un projet cin\u00e9matographique qui devrait \u00eatre diffus\u00e9 sur Internet et sur tous les r\u00e9seaux sociaux. Le r\u00f4le principal lui a \u00e9t\u00e9 attribu\u00e9 ce qui lui garantit selon ses termes \u00ab\u00a0de devenir famous\u00a0\u00bb.<\/p>\n<p>Vous \u00eates quelque peu surpris de la teneur de ce projet, respectivement de ne pas avoir \u00e9t\u00e9 consult\u00e9 alors m\u00eame que votre fille est mineure. D\u00e9sireux de la prot\u00e9ger de d\u00e9cisions inconsid\u00e9r\u00e9es, vous d\u00e9cidez d\u2019en avoir le c\u0153ur net et vous contactez l\u2019\u00e9cole qui vous r\u00e9pond que ce projet poursuit diff\u00e9rents buts \u00e9ducatifs, dont celui de permettre \u00e0 des adolescents de comprendre le fonctionnement des r\u00e9seaux sociaux. \u00c0 la question de savoir pourquoi vous n\u2019avez pas \u00e9t\u00e9 consult\u00e9 pr\u00e9alablement, il vous est r\u00e9pondu que votre fille a atteint l\u2019\u00e2ge de raison et qu\u2019elle peut d\u00e9cider seule de ce qu\u2019il advient de son image.<\/p>\n<p>Subodorant une r\u00e9ponse inexacte, vous vous adressez \u00e0 une sp\u00e9cialiste des r\u00e9seaux sociaux. Celui-ci apr\u00e8s quelques recherches d\u00e9couvre que cette th\u00e9matique a \u00e9t\u00e9 trait\u00e9e par le <a href=\"https:\/\/www.ge.ch\/ppdt\/doc\/documentation\/Avis-3-juin-2016.pdf\">Pr\u00e9pos\u00e9 genevois \u00e0 la protection des donn\u00e9es<\/a>, dont il vous livre le r\u00e9sultat de l\u2019analyse.<\/p>\n<p>Chaque individu poss\u00e8de un droit \u00e0 l\u2019image, ce qui implique naturellement que le seul fait de photographier quelqu\u2019un sans son consentement et, \u00e0 plus forte raison, le fait d\u2019utiliser cette photo sont illicites. En mati\u00e8re scolaire, la prudence doit \u00eatre de mise, si bien que l\u2019exigence de consentement pr\u00e9alable ne saurait souffrir aucune exception. Si l\u2019\u00e9l\u00e8ve fr\u00e9quente une \u00e9cole primaire, le consentement \u00e9crit pr\u00e9alable d\u2019un repr\u00e9sentant l\u00e9gal est requis. S\u2019il fr\u00e9quente une \u00e9cole du degr\u00e9 secondaire I ou II, et quand bien m\u00eame il poss\u00e9derait la capacit\u00e9 de discernement et pourrait donc lui-m\u00eame donner son accord, le consentement \u00e9crit d\u2019un repr\u00e9sentant l\u00e9gal est requis tant que l\u2019\u00e9l\u00e8ve n\u2019a pas atteint l\u2019\u00e2ge de 18 ans r\u00e9volus.<\/p>\n<p>Il est formellement d\u00e9conseill\u00e9 de publier des photos \/ films sur des m\u00e9dias sociaux, en raison du fait que le lieu de stockage des informations ne peut \u00eatre d\u00e9termin\u00e9 avec pr\u00e9cision, ce qui g\u00e9n\u00e8re une impossibilit\u00e9 effective d\u2019effacement. Rappelons \u00e0 cet \u00e9gard que le consentement peut \u00eatre r\u00e9voqu\u00e9 en tout temps ce qui implique qu\u2019il faut \u00eatre en capacit\u00e9 de d\u00e9truire les images. Seule une publication sur le site Internet de l\u2019\u00e9tablissement scolaire avec un acc\u00e8s au moyen d\u2019un mot de passe peut donc et cons\u00e9quemment entrer en ligne de compte.<\/p>\n<div class=\"powerpress_player\" id=\"powerpress_player_3733\"><audio class=\"wp-audio-shortcode\" id=\"audio-41710-1\" preload=\"none\" style=\"width: 100%;\" controls=\"controls\"><source type=\"audio\/mpeg\" src=\"https:\/\/d3ctxlq1ktw2nl.cloudfront.net\/staging\/2019-6-18\/19065536-44100-2-f1933912e18b5.m4a?_=1\" \/><a href=\"https:\/\/d3ctxlq1ktw2nl.cloudfront.net\/staging\/2019-6-18\/19065536-44100-2-f1933912e18b5.m4a\">https:\/\/d3ctxlq1ktw2nl.cloudfront.net\/staging\/2019-6-18\/19065536-44100-2-f1933912e18b5.m4a<\/a><\/audio><\/div><p class=\"powerpress_links powerpress_links_m4a\" style=\"margin-bottom: 1px !important;\">Podcast: <a href=\"https:\/\/d3ctxlq1ktw2nl.cloudfront.net\/staging\/2019-6-18\/19065536-44100-2-f1933912e18b5.m4a\" class=\"powerpress_link_pinw\" target=\"_blank\" title=\"Play in new window\" onclick=\"return powerpress_pinw('https:\/\/lexing.ch\/de\/\/?powerpress_pinw=41710-podcast');\" rel=\"nofollow\">Play in new window<\/a> | <a href=\"https:\/\/d3ctxlq1ktw2nl.cloudfront.net\/staging\/2019-6-18\/19065536-44100-2-f1933912e18b5.m4a\" class=\"powerpress_link_d\" title=\"Download\" rel=\"nofollow\" download=\"19065536-44100-2-f1933912e18b5.m4a\">Download<\/a><\/p><p class=\"powerpress_links powerpress_subscribe_links\">Subscribe: <a href=\"https:\/\/lexing.ch\/de\/feed\/podcast\/\" class=\"powerpress_link_subscribe powerpress_link_subscribe_rss\" target=\"_blank\" title=\"Subscribe via RSS\" rel=\"nofollow\">RSS<\/a><\/p>","protected":false},"excerpt":{"rendered":"<p>Votre fille ain\u00e9e revient radieuse de sa premi\u00e8re journ\u00e9e de classe apr\u00e8s les vacances. Vous l\u2019interrogez sur le motif de ce ravissement qui tranche, singuli\u00e8rement, avec son attitude apr\u00e8s une journ\u00e9e scolaire ordinaire. Elle vous r\u00e9pond qu\u2019elle va \u00ab\u00a0faire le buzz\u00a0\u00bb dans le cadre d\u2019un projet cin\u00e9matographique qui devrait \u00eatre diffus\u00e9 sur Internet et sur [&hellip;]<\/p>\n","protected":false},"author":22,"featured_media":41717,"comment_status":"open","ping_status":"open","sticky":false,"template":"","format":"standard","meta":{"_acf_changed":false,"footnotes":""},"categories":[566,333],"tags":[3275,3273,3274,2532,2022,1829],"class_list":["post-41710","post","type-post","status-publish","format-standard","has-post-thumbnail","hentry","category-les-conseils-de-sebastien-fanti-en-de","category-news-de","tag-scolaire-de","tag-eleves-de","tag-parents-de","tag-reseaux-sociaux-de","tag-droit-a-limage-de","tag-facebook-de","expertise-protection-des-donnees","expertise-reseaux-sociaux"],"yoast_head":"<!-- This site is optimized with the Yoast SEO Premium plugin v20.11 (Yoast SEO v27.3) - https:\/\/yoast.com\/product\/yoast-seo-premium-wordpress\/ -->\n<title>Publication de photos ou de films d\u2019\u00e9l\u00e8ves sur Internet : quelles sont les r\u00e8gles l\u00e9gales ? - Lexing Switzerland<\/title>\n<meta name=\"description\" content=\"Votre prog\u00e9niture euphorique vous annonce que des photographies ont \u00e9t\u00e9 r\u00e9alis\u00e9es en classe et qu&#039;un film sera prochainement r\u00e9alis\u00e9. Apr\u00e8s avoir f\u00e9licit\u00e9 vote enfant, vous vous interrogez sur les risques li\u00e9s \u00e0 la diffusion de ces images sur le web. Voici quelques r\u00e9ponses juridiques.\" \/>\n<meta name=\"robots\" content=\"index, follow, max-snippet:-1, max-image-preview:large, max-video-preview:-1\" \/>\n<link rel=\"canonical\" href=\"https:\/\/lexing.ch\/publication-de-photos-ou-de-films-deleves-sur-internet-quelles-sont-les-regles-legales\/\" \/>\n<meta property=\"og:locale\" content=\"de_DE\" \/>\n<meta property=\"og:type\" content=\"article\" \/>\n<meta property=\"og:title\" content=\"Publication de photos ou de films d\u2019\u00e9l\u00e8ves sur Internet : quelles sont les r\u00e8gles l\u00e9gales ?\" \/>\n<meta property=\"og:description\" content=\"Votre prog\u00e9niture euphorique vous annonce que des photographies ont \u00e9t\u00e9 r\u00e9alis\u00e9es en classe et qu&#039;un film sera prochainement r\u00e9alis\u00e9. Apr\u00e8s avoir f\u00e9licit\u00e9 vote enfant, vous vous interrogez sur les risques li\u00e9s \u00e0 la diffusion de ces images sur le web. Voici quelques r\u00e9ponses juridiques.\" \/>\n<meta property=\"og:url\" content=\"https:\/\/lexing.ch\/publication-de-photos-ou-de-films-deleves-sur-internet-quelles-sont-les-regles-legales\/\" \/>\n<meta property=\"og:site_name\" content=\"Lexing Switzerland\" \/>\n<meta property=\"article:publisher\" content=\"https:\/\/www.facebook.com\/Lexing.ch\" \/>\n<meta property=\"article:author\" content=\"https:\/\/www.facebook.com\/sebastien.fanti\/\" \/>\n<meta property=\"article:published_time\" content=\"2019-07-17T20:23:21+00:00\" \/>\n<meta property=\"article:modified_time\" content=\"2019-08-12T19:33:37+00:00\" \/>\n<meta property=\"og:image\" content=\"https:\/\/lexing.ch\/wp-content\/uploads\/2019\/07\/shutterstock_128732960.jpg\" \/>\n\t<meta property=\"og:image:width\" content=\"500\" \/>\n\t<meta property=\"og:image:height\" content=\"200\" \/>\n\t<meta property=\"og:image:type\" content=\"image\/jpeg\" \/>\n<meta name=\"author\" content=\"S\u00e9bastien Fanti\" \/>\n<meta name=\"twitter:card\" content=\"summary_large_image\" \/>\n<meta name=\"twitter:description\" content=\"Votre prog\u00e9niture euphorique vous annonce que des photographies ont \u00e9t\u00e9 r\u00e9alis\u00e9es en classe et qu&#039;un film sera prochainement r\u00e9alis\u00e9. Apr\u00e8s avoir f\u00e9licit\u00e9 vote enfant, vous vous interrogez sur les risques li\u00e9s \u00e0 la diffusion de ces images sur le web. Voici quelques r\u00e9ponses juridiques.\" \/>\n<meta name=\"twitter:creator\" content=\"@sebastienfanti\" \/>\n<meta name=\"twitter:site\" content=\"@sebastienfanti\" \/>\n<meta name=\"twitter:label1\" content=\"Verfasst von\" \/>\n\t<meta name=\"twitter:data1\" content=\"S\u00e9bastien Fanti\" \/>\n\t<meta name=\"twitter:label2\" content=\"Gesch\u00e4tzte Lesezeit\" \/>\n\t<meta name=\"twitter:data2\" content=\"3\u00a0Minuten\" \/>\n<script type=\"application\/ld+json\" class=\"yoast-schema-graph\">{\"@context\":\"https:\\\/\\\/schema.org\",\"@graph\":[{\"@type\":\"Article\",\"@id\":\"https:\\\/\\\/lexing.ch\\\/publication-de-photos-ou-de-films-deleves-sur-internet-quelles-sont-les-regles-legales\\\/#article\",\"isPartOf\":{\"@id\":\"https:\\\/\\\/lexing.ch\\\/publication-de-photos-ou-de-films-deleves-sur-internet-quelles-sont-les-regles-legales\\\/\"},\"author\":{\"name\":\"S\u00e9bastien Fanti\",\"@id\":\"https:\\\/\\\/lexing.ch\\\/#\\\/schema\\\/person\\\/0091f3d1919243ea4e1989a3b50ddcfb\"},\"headline\":\"Publication de photos ou de films d\u2019\u00e9l\u00e8ves sur Internet : quelles sont les r\u00e8gles l\u00e9gales ?\",\"datePublished\":\"2019-07-17T20:23:21+00:00\",\"dateModified\":\"2019-08-12T19:33:37+00:00\",\"mainEntityOfPage\":{\"@id\":\"https:\\\/\\\/lexing.ch\\\/publication-de-photos-ou-de-films-deleves-sur-internet-quelles-sont-les-regles-legales\\\/\"},\"wordCount\":521,\"commentCount\":0,\"publisher\":{\"@id\":\"https:\\\/\\\/lexing.ch\\\/#organization\"},\"image\":{\"@id\":\"https:\\\/\\\/lexing.ch\\\/publication-de-photos-ou-de-films-deleves-sur-internet-quelles-sont-les-regles-legales\\\/#primaryimage\"},\"thumbnailUrl\":\"https:\\\/\\\/lexing.ch\\\/wp-content\\\/uploads\\\/2019\\\/07\\\/shutterstock_128732960.jpg\",\"keywords\":[\"scolaire\",\"\u00e9l\u00e8ves\",\"parents\",\"R\u00e9seaux sociaux\",\"droit \u00e0 l&#8217;image\",\"Facebook\"],\"articleSection\":[\"Les conseils de S\u00e9bastien Fanti\",\"News\"],\"inLanguage\":\"de\"},{\"@type\":\"WebPage\",\"@id\":\"https:\\\/\\\/lexing.ch\\\/publication-de-photos-ou-de-films-deleves-sur-internet-quelles-sont-les-regles-legales\\\/\",\"url\":\"https:\\\/\\\/lexing.ch\\\/publication-de-photos-ou-de-films-deleves-sur-internet-quelles-sont-les-regles-legales\\\/\",\"name\":\"Publication de photos ou de films d\u2019\u00e9l\u00e8ves sur Internet : quelles sont les r\u00e8gles l\u00e9gales ? - Lexing Switzerland\",\"isPartOf\":{\"@id\":\"https:\\\/\\\/lexing.ch\\\/#website\"},\"primaryImageOfPage\":{\"@id\":\"https:\\\/\\\/lexing.ch\\\/publication-de-photos-ou-de-films-deleves-sur-internet-quelles-sont-les-regles-legales\\\/#primaryimage\"},\"image\":{\"@id\":\"https:\\\/\\\/lexing.ch\\\/publication-de-photos-ou-de-films-deleves-sur-internet-quelles-sont-les-regles-legales\\\/#primaryimage\"},\"thumbnailUrl\":\"https:\\\/\\\/lexing.ch\\\/wp-content\\\/uploads\\\/2019\\\/07\\\/shutterstock_128732960.jpg\",\"datePublished\":\"2019-07-17T20:23:21+00:00\",\"dateModified\":\"2019-08-12T19:33:37+00:00\",\"description\":\"Votre prog\u00e9niture euphorique vous annonce que des photographies ont \u00e9t\u00e9 r\u00e9alis\u00e9es en classe et qu'un film sera prochainement r\u00e9alis\u00e9. Apr\u00e8s avoir f\u00e9licit\u00e9 vote enfant, vous vous interrogez sur les risques li\u00e9s \u00e0 la diffusion de ces images sur le web. Voici quelques r\u00e9ponses juridiques.\",\"breadcrumb\":{\"@id\":\"https:\\\/\\\/lexing.ch\\\/publication-de-photos-ou-de-films-deleves-sur-internet-quelles-sont-les-regles-legales\\\/#breadcrumb\"},\"inLanguage\":\"de\",\"potentialAction\":[{\"@type\":\"ReadAction\",\"target\":[\"https:\\\/\\\/lexing.ch\\\/publication-de-photos-ou-de-films-deleves-sur-internet-quelles-sont-les-regles-legales\\\/\"]}]},{\"@type\":\"ImageObject\",\"inLanguage\":\"de\",\"@id\":\"https:\\\/\\\/lexing.ch\\\/publication-de-photos-ou-de-films-deleves-sur-internet-quelles-sont-les-regles-legales\\\/#primaryimage\",\"url\":\"https:\\\/\\\/lexing.ch\\\/wp-content\\\/uploads\\\/2019\\\/07\\\/shutterstock_128732960.jpg\",\"contentUrl\":\"https:\\\/\\\/lexing.ch\\\/wp-content\\\/uploads\\\/2019\\\/07\\\/shutterstock_128732960.jpg\",\"width\":500,\"height\":200,\"caption\":\"enfants\"},{\"@type\":\"BreadcrumbList\",\"@id\":\"https:\\\/\\\/lexing.ch\\\/publication-de-photos-ou-de-films-deleves-sur-internet-quelles-sont-les-regles-legales\\\/#breadcrumb\",\"itemListElement\":[{\"@type\":\"ListItem\",\"position\":1,\"name\":\"Accueil\",\"item\":\"https:\\\/\\\/lexing.ch\\\/de\\\/\"},{\"@type\":\"ListItem\",\"position\":2,\"name\":\"Publication de photos ou de films d\u2019\u00e9l\u00e8ves sur Internet : quelles sont les r\u00e8gles l\u00e9gales ?\"}]},{\"@type\":\"WebSite\",\"@id\":\"https:\\\/\\\/lexing.ch\\\/#website\",\"url\":\"https:\\\/\\\/lexing.ch\\\/\",\"name\":\"Lexing Switzerland\",\"description\":\"Common sense. Innovative solutions.\",\"publisher\":{\"@id\":\"https:\\\/\\\/lexing.ch\\\/#organization\"},\"potentialAction\":[{\"@type\":\"SearchAction\",\"target\":{\"@type\":\"EntryPoint\",\"urlTemplate\":\"https:\\\/\\\/lexing.ch\\\/?s={search_term_string}\"},\"query-input\":{\"@type\":\"PropertyValueSpecification\",\"valueRequired\":true,\"valueName\":\"search_term_string\"}}],\"inLanguage\":\"de\"},{\"@type\":\"Organization\",\"@id\":\"https:\\\/\\\/lexing.ch\\\/#organization\",\"name\":\"Lexing.ch\",\"url\":\"https:\\\/\\\/lexing.ch\\\/\",\"logo\":{\"@type\":\"ImageObject\",\"inLanguage\":\"de\",\"@id\":\"https:\\\/\\\/lexing.ch\\\/#\\\/schema\\\/logo\\\/image\\\/\",\"url\":\"https:\\\/\\\/lexing.ch\\\/wp-content\\\/uploads\\\/2018\\\/02\\\/logo-lexing-ch.png\",\"contentUrl\":\"https:\\\/\\\/lexing.ch\\\/wp-content\\\/uploads\\\/2018\\\/02\\\/logo-lexing-ch.png\",\"width\":\"500\",\"height\":\"174\",\"caption\":\"Lexing.ch\"},\"image\":{\"@id\":\"https:\\\/\\\/lexing.ch\\\/#\\\/schema\\\/logo\\\/image\\\/\"},\"sameAs\":[\"https:\\\/\\\/www.facebook.com\\\/Lexing.ch\",\"https:\\\/\\\/x.com\\\/sebastienfanti\"]},{\"@type\":\"Person\",\"@id\":\"https:\\\/\\\/lexing.ch\\\/#\\\/schema\\\/person\\\/0091f3d1919243ea4e1989a3b50ddcfb\",\"name\":\"S\u00e9bastien Fanti\",\"image\":{\"@type\":\"ImageObject\",\"inLanguage\":\"de\",\"@id\":\"https:\\\/\\\/secure.gravatar.com\\\/avatar\\\/4fb338e49d6b8f08bf4237565e3f005f762bdf5c75755363fd2b35a8da164837?s=96&d=mm&r=g\",\"url\":\"https:\\\/\\\/secure.gravatar.com\\\/avatar\\\/4fb338e49d6b8f08bf4237565e3f005f762bdf5c75755363fd2b35a8da164837?s=96&d=mm&r=g\",\"contentUrl\":\"https:\\\/\\\/secure.gravatar.com\\\/avatar\\\/4fb338e49d6b8f08bf4237565e3f005f762bdf5c75755363fd2b35a8da164837?s=96&d=mm&r=g\",\"caption\":\"S\u00e9bastien Fanti\"},\"description\":\"S\u00e9bastien Fanti est un avocat technologue qui participe au d\u00e9bat sur l\u2019avenir des normes en cette mati\u00e8re, avec le souci de l\u2019homme comme point cardinal de r\u00e9flexion. Fanatique de ballon orange (il est aussi agent de joueurs) , il oscille r\u00e9guli\u00e8rement entre le Run and Gun et la d\u00e9fense Diamond and One, soit provoque le d\u00e9bat dans le but de g\u00e9n\u00e9rer prise de conscience et processus vertueux. A l\u2019instar de Maverick (son surnom), la disruption constitue son ADN et les solutions out of the box ont sa pr\u00e9f\u00e9rence.\",\"sameAs\":[\"https:\\\/\\\/lexing.ch\",\"https:\\\/\\\/www.facebook.com\\\/sebastien.fanti\\\/\",\"https:\\\/\\\/www.instagram.com\\\/sebastienfanti\\\/\",\"https:\\\/\\\/www.linkedin.com\\\/in\\\/sebastienfanti\\\/\",\"https:\\\/\\\/x.com\\\/sebastienfanti\",\"https:\\\/\\\/www.youtube.com\\\/user\\\/sebastienfanti\",\"https:\\\/\\\/soundcloud.com\\\/sebastienfanti\"]}]}<\/script>\n<!-- \/ Yoast SEO Premium plugin. -->","yoast_head_json":{"title":"Publication de photos ou de films d\u2019\u00e9l\u00e8ves sur Internet : quelles sont les r\u00e8gles l\u00e9gales ? - Lexing Switzerland","description":"Votre prog\u00e9niture euphorique vous annonce que des photographies ont \u00e9t\u00e9 r\u00e9alis\u00e9es en classe et qu'un film sera prochainement r\u00e9alis\u00e9. Apr\u00e8s avoir f\u00e9licit\u00e9 vote enfant, vous vous interrogez sur les risques li\u00e9s \u00e0 la diffusion de ces images sur le web. Voici quelques r\u00e9ponses juridiques.","robots":{"index":"index","follow":"follow","max-snippet":"max-snippet:-1","max-image-preview":"max-image-preview:large","max-video-preview":"max-video-preview:-1"},"canonical":"https:\/\/lexing.ch\/publication-de-photos-ou-de-films-deleves-sur-internet-quelles-sont-les-regles-legales\/","og_locale":"de_DE","og_type":"article","og_title":"Publication de photos ou de films d\u2019\u00e9l\u00e8ves sur Internet : quelles sont les r\u00e8gles l\u00e9gales ?","og_description":"Votre prog\u00e9niture euphorique vous annonce que des photographies ont \u00e9t\u00e9 r\u00e9alis\u00e9es en classe et qu'un film sera prochainement r\u00e9alis\u00e9. Apr\u00e8s avoir f\u00e9licit\u00e9 vote enfant, vous vous interrogez sur les risques li\u00e9s \u00e0 la diffusion de ces images sur le web. Voici quelques r\u00e9ponses juridiques.","og_url":"https:\/\/lexing.ch\/publication-de-photos-ou-de-films-deleves-sur-internet-quelles-sont-les-regles-legales\/","og_site_name":"Lexing Switzerland","article_publisher":"https:\/\/www.facebook.com\/Lexing.ch","article_author":"https:\/\/www.facebook.com\/sebastien.fanti\/","article_published_time":"2019-07-17T20:23:21+00:00","article_modified_time":"2019-08-12T19:33:37+00:00","og_image":[{"width":500,"height":200,"url":"https:\/\/lexing.ch\/wp-content\/uploads\/2019\/07\/shutterstock_128732960.jpg","type":"image\/jpeg"}],"author":"S\u00e9bastien Fanti","twitter_card":"summary_large_image","twitter_description":"Votre prog\u00e9niture euphorique vous annonce que des photographies ont \u00e9t\u00e9 r\u00e9alis\u00e9es en classe et qu'un film sera prochainement r\u00e9alis\u00e9. Apr\u00e8s avoir f\u00e9licit\u00e9 vote enfant, vous vous interrogez sur les risques li\u00e9s \u00e0 la diffusion de ces images sur le web. Voici quelques r\u00e9ponses juridiques.","twitter_creator":"@sebastienfanti","twitter_site":"@sebastienfanti","twitter_misc":{"Verfasst von":"S\u00e9bastien Fanti","Gesch\u00e4tzte Lesezeit":"3\u00a0Minuten"},"schema":{"@context":"https:\/\/schema.org","@graph":[{"@type":"Article","@id":"https:\/\/lexing.ch\/publication-de-photos-ou-de-films-deleves-sur-internet-quelles-sont-les-regles-legales\/#article","isPartOf":{"@id":"https:\/\/lexing.ch\/publication-de-photos-ou-de-films-deleves-sur-internet-quelles-sont-les-regles-legales\/"},"author":{"name":"S\u00e9bastien Fanti","@id":"https:\/\/lexing.ch\/#\/schema\/person\/0091f3d1919243ea4e1989a3b50ddcfb"},"headline":"Publication de photos ou de films d\u2019\u00e9l\u00e8ves sur Internet : quelles sont les r\u00e8gles l\u00e9gales ?","datePublished":"2019-07-17T20:23:21+00:00","dateModified":"2019-08-12T19:33:37+00:00","mainEntityOfPage":{"@id":"https:\/\/lexing.ch\/publication-de-photos-ou-de-films-deleves-sur-internet-quelles-sont-les-regles-legales\/"},"wordCount":521,"commentCount":0,"publisher":{"@id":"https:\/\/lexing.ch\/#organization"},"image":{"@id":"https:\/\/lexing.ch\/publication-de-photos-ou-de-films-deleves-sur-internet-quelles-sont-les-regles-legales\/#primaryimage"},"thumbnailUrl":"https:\/\/lexing.ch\/wp-content\/uploads\/2019\/07\/shutterstock_128732960.jpg","keywords":["scolaire","\u00e9l\u00e8ves","parents","R\u00e9seaux sociaux","droit \u00e0 l&#8217;image","Facebook"],"articleSection":["Les conseils de S\u00e9bastien Fanti","News"],"inLanguage":"de"},{"@type":"WebPage","@id":"https:\/\/lexing.ch\/publication-de-photos-ou-de-films-deleves-sur-internet-quelles-sont-les-regles-legales\/","url":"https:\/\/lexing.ch\/publication-de-photos-ou-de-films-deleves-sur-internet-quelles-sont-les-regles-legales\/","name":"Publication de photos ou de films d\u2019\u00e9l\u00e8ves sur Internet : quelles sont les r\u00e8gles l\u00e9gales ? - Lexing Switzerland","isPartOf":{"@id":"https:\/\/lexing.ch\/#website"},"primaryImageOfPage":{"@id":"https:\/\/lexing.ch\/publication-de-photos-ou-de-films-deleves-sur-internet-quelles-sont-les-regles-legales\/#primaryimage"},"image":{"@id":"https:\/\/lexing.ch\/publication-de-photos-ou-de-films-deleves-sur-internet-quelles-sont-les-regles-legales\/#primaryimage"},"thumbnailUrl":"https:\/\/lexing.ch\/wp-content\/uploads\/2019\/07\/shutterstock_128732960.jpg","datePublished":"2019-07-17T20:23:21+00:00","dateModified":"2019-08-12T19:33:37+00:00","description":"Votre prog\u00e9niture euphorique vous annonce que des photographies ont \u00e9t\u00e9 r\u00e9alis\u00e9es en classe et qu'un film sera prochainement r\u00e9alis\u00e9. Apr\u00e8s avoir f\u00e9licit\u00e9 vote enfant, vous vous interrogez sur les risques li\u00e9s \u00e0 la diffusion de ces images sur le web. Voici quelques r\u00e9ponses juridiques.","breadcrumb":{"@id":"https:\/\/lexing.ch\/publication-de-photos-ou-de-films-deleves-sur-internet-quelles-sont-les-regles-legales\/#breadcrumb"},"inLanguage":"de","potentialAction":[{"@type":"ReadAction","target":["https:\/\/lexing.ch\/publication-de-photos-ou-de-films-deleves-sur-internet-quelles-sont-les-regles-legales\/"]}]},{"@type":"ImageObject","inLanguage":"de","@id":"https:\/\/lexing.ch\/publication-de-photos-ou-de-films-deleves-sur-internet-quelles-sont-les-regles-legales\/#primaryimage","url":"https:\/\/lexing.ch\/wp-content\/uploads\/2019\/07\/shutterstock_128732960.jpg","contentUrl":"https:\/\/lexing.ch\/wp-content\/uploads\/2019\/07\/shutterstock_128732960.jpg","width":500,"height":200,"caption":"enfants"},{"@type":"BreadcrumbList","@id":"https:\/\/lexing.ch\/publication-de-photos-ou-de-films-deleves-sur-internet-quelles-sont-les-regles-legales\/#breadcrumb","itemListElement":[{"@type":"ListItem","position":1,"name":"Accueil","item":"https:\/\/lexing.ch\/de\/"},{"@type":"ListItem","position":2,"name":"Publication de photos ou de films d\u2019\u00e9l\u00e8ves sur Internet : quelles sont les r\u00e8gles l\u00e9gales ?"}]},{"@type":"WebSite","@id":"https:\/\/lexing.ch\/#website","url":"https:\/\/lexing.ch\/","name":"Lexing Switzerland","description":"Common sense. Innovative solutions.","publisher":{"@id":"https:\/\/lexing.ch\/#organization"},"potentialAction":[{"@type":"SearchAction","target":{"@type":"EntryPoint","urlTemplate":"https:\/\/lexing.ch\/?s={search_term_string}"},"query-input":{"@type":"PropertyValueSpecification","valueRequired":true,"valueName":"search_term_string"}}],"inLanguage":"de"},{"@type":"Organization","@id":"https:\/\/lexing.ch\/#organization","name":"Lexing.ch","url":"https:\/\/lexing.ch\/","logo":{"@type":"ImageObject","inLanguage":"de","@id":"https:\/\/lexing.ch\/#\/schema\/logo\/image\/","url":"https:\/\/lexing.ch\/wp-content\/uploads\/2018\/02\/logo-lexing-ch.png","contentUrl":"https:\/\/lexing.ch\/wp-content\/uploads\/2018\/02\/logo-lexing-ch.png","width":"500","height":"174","caption":"Lexing.ch"},"image":{"@id":"https:\/\/lexing.ch\/#\/schema\/logo\/image\/"},"sameAs":["https:\/\/www.facebook.com\/Lexing.ch","https:\/\/x.com\/sebastienfanti"]},{"@type":"Person","@id":"https:\/\/lexing.ch\/#\/schema\/person\/0091f3d1919243ea4e1989a3b50ddcfb","name":"S\u00e9bastien Fanti","image":{"@type":"ImageObject","inLanguage":"de","@id":"https:\/\/secure.gravatar.com\/avatar\/4fb338e49d6b8f08bf4237565e3f005f762bdf5c75755363fd2b35a8da164837?s=96&d=mm&r=g","url":"https:\/\/secure.gravatar.com\/avatar\/4fb338e49d6b8f08bf4237565e3f005f762bdf5c75755363fd2b35a8da164837?s=96&d=mm&r=g","contentUrl":"https:\/\/secure.gravatar.com\/avatar\/4fb338e49d6b8f08bf4237565e3f005f762bdf5c75755363fd2b35a8da164837?s=96&d=mm&r=g","caption":"S\u00e9bastien Fanti"},"description":"S\u00e9bastien Fanti est un avocat technologue qui participe au d\u00e9bat sur l\u2019avenir des normes en cette mati\u00e8re, avec le souci de l\u2019homme comme point cardinal de r\u00e9flexion. Fanatique de ballon orange (il est aussi agent de joueurs) , il oscille r\u00e9guli\u00e8rement entre le Run and Gun et la d\u00e9fense Diamond and One, soit provoque le d\u00e9bat dans le but de g\u00e9n\u00e9rer prise de conscience et processus vertueux. A l\u2019instar de Maverick (son surnom), la disruption constitue son ADN et les solutions out of the box ont sa pr\u00e9f\u00e9rence.","sameAs":["https:\/\/lexing.ch","https:\/\/www.facebook.com\/sebastien.fanti\/","https:\/\/www.instagram.com\/sebastienfanti\/","https:\/\/www.linkedin.com\/in\/sebastienfanti\/","https:\/\/x.com\/sebastienfanti","https:\/\/www.youtube.com\/user\/sebastienfanti","https:\/\/soundcloud.com\/sebastienfanti"]}]}},"acf":[],"_links":{"self":[{"href":"https:\/\/lexing.ch\/de\/wp-json\/wp\/v2\/posts\/41710","targetHints":{"allow":["GET"]}}],"collection":[{"href":"https:\/\/lexing.ch\/de\/wp-json\/wp\/v2\/posts"}],"about":[{"href":"https:\/\/lexing.ch\/de\/wp-json\/wp\/v2\/types\/post"}],"author":[{"embeddable":true,"href":"https:\/\/lexing.ch\/de\/wp-json\/wp\/v2\/users\/22"}],"replies":[{"embeddable":true,"href":"https:\/\/lexing.ch\/de\/wp-json\/wp\/v2\/comments?post=41710"}],"version-history":[{"count":3,"href":"https:\/\/lexing.ch\/de\/wp-json\/wp\/v2\/posts\/41710\/revisions"}],"predecessor-version":[{"id":42175,"href":"https:\/\/lexing.ch\/de\/wp-json\/wp\/v2\/posts\/41710\/revisions\/42175"}],"wp:featuredmedia":[{"embeddable":true,"href":"https:\/\/lexing.ch\/de\/wp-json\/wp\/v2\/media\/41717"}],"wp:attachment":[{"href":"https:\/\/lexing.ch\/de\/wp-json\/wp\/v2\/media?parent=41710"}],"wp:term":[{"taxonomy":"category","embeddable":true,"href":"https:\/\/lexing.ch\/de\/wp-json\/wp\/v2\/categories?post=41710"},{"taxonomy":"post_tag","embeddable":true,"href":"https:\/\/lexing.ch\/de\/wp-json\/wp\/v2\/tags?post=41710"}],"curies":[{"name":"wp","href":"https:\/\/api.w.org\/{rel}","templated":true}]}}