{"id":39872,"date":"2018-08-06T08:51:58","date_gmt":"2018-08-06T06:51:58","guid":{"rendered":"https:\/\/lexing.ch\/?p=39872"},"modified":"2018-08-06T08:51:58","modified_gmt":"2018-08-06T06:51:58","slug":"listes-noires-et-protection-des-donnees","status":"publish","type":"post","link":"https:\/\/lexing.ch\/de\/listes-noires-et-protection-des-donnees\/","title":{"rendered":"Listes noires et protection des donn\u00e9es"},"content":{"rendered":"<p><img decoding=\"async\" class=\"aligncenter size-medium wp-image-39799\" src=\"https:\/\/lexing.ch\/wp-content\/uploads\/2018\/07\/seb-171x300.jpg\" alt=\"\" width=\"171\" height=\"300\" srcset=\"https:\/\/lexing.ch\/wp-content\/uploads\/2018\/07\/seb-171x300.jpg 171w, https:\/\/lexing.ch\/wp-content\/uploads\/2018\/07\/seb-582x1024.jpg 582w, https:\/\/lexing.ch\/wp-content\/uploads\/2018\/07\/seb-120x211.jpg 120w, https:\/\/lexing.ch\/wp-content\/uploads\/2018\/07\/seb-43x75.jpg 43w, https:\/\/lexing.ch\/wp-content\/uploads\/2018\/07\/seb-250x440.jpg 250w, https:\/\/lexing.ch\/wp-content\/uploads\/2018\/07\/seb-200x352.jpg 200w, https:\/\/lexing.ch\/wp-content\/uploads\/2018\/07\/seb-600x1055.jpg 600w, https:\/\/lexing.ch\/wp-content\/uploads\/2018\/07\/seb.jpg 1397w, https:\/\/lexing.ch\/wp-content\/uploads\/2018\/07\/seb-171x300@2x.jpg 342w, https:\/\/lexing.ch\/wp-content\/uploads\/2018\/07\/seb-582x1024@2x.jpg 1164w, https:\/\/lexing.ch\/wp-content\/uploads\/2018\/07\/seb-120x211@2x.jpg 240w, https:\/\/lexing.ch\/wp-content\/uploads\/2018\/07\/seb-43x75@2x.jpg 86w, https:\/\/lexing.ch\/wp-content\/uploads\/2018\/07\/seb-250x440@2x.jpg 500w, https:\/\/lexing.ch\/wp-content\/uploads\/2018\/07\/seb-200x352@2x.jpg 400w, https:\/\/lexing.ch\/wp-content\/uploads\/2018\/07\/seb-600x1055@2x.jpg 1200w\" sizes=\"(max-width: 171px) 100vw, 171px\" \/><\/p>\n<p>Votre adolescent rentre furieux de sa derni\u00e8re sortie avec ses copains. Il s\u2019est vu interdire l\u2019entr\u00e9e de la c\u00e9l\u00e8bre discoth\u00e8que \u00abVS4EVER \u00bb, au motif qu\u2019il avait adopt\u00e9 un comportement inopportun, par le pass\u00e9, dans un \u00e9tablissement similaire. Ce qui l\u2019exasp\u00e8re n\u2019est pas tant l\u2019impossibilit\u00e9 d\u2019acc\u00e9der \u00e0 un lieu mythique, mais le fait qu\u2019il figure, semble-t-il, sur une liste noire que les g\u00e9rants d\u2019\u00e9tablissements nocturnes ont \u00e9tablie de concert. Il s\u2019imagine d\u00e9j\u00e0 banni ad vitam aeternam et ainsi priv\u00e9 de soir\u00e9es r\u00e9cr\u00e9atives avec ses copains, alors m\u00eame (il vous le jure) qu\u2019il n\u2019a qu\u2019\u00e0 une reprise \u00e9t\u00e9 malhonn\u00eate avec un serveur apr\u00e8s que celui-ci ait refus\u00e9 le paiement par carte bancaire.<\/p>\n<p>Intrigu\u00e9(e) vous vous saisissez du t\u00e9l\u00e9phone et contactez le g\u00e9rant. Celui-ci vous confirme la version de votre fils et ajoute que vous feriez mieux de consacrer du temps \u00e0 son \u00e9ducation plut\u00f4t qu\u2019\u00e0 ennuyer les gens qui travaillent honn\u00eatement. La moutarde vous monte au nez et vous d\u00e9cidez d\u2019en savoir plus, respectivement de d\u00e9terminer si la cr\u00e9ation et le partage d\u2019une liste noire respectent la loi. Vous pianotez sur votre clavier et recherchez une personne qui pourrait vous orienter de mani\u00e8re s\u00e9rieuse. C\u2019est alors que vous d\u00e9couvrez le site du Pr\u00e9pos\u00e9 f\u00e9d\u00e9ral \u00e0 la protection des donn\u00e9es (<a href=\"http:\/\/www.leprepose.ch\">www.leprepose.ch<\/a>), lequel contient diff\u00e9rentes publications \u00e0 cet \u00e9gard.<\/p>\n<p>En substance, vous constatez que s\u2019il est possible, sur le principe, de constituer des banques de donn\u00e9es centralis\u00e9es comprenant diff\u00e9rentes informations (identit\u00e9, photographie, motif et dur\u00e9e de l\u2019interdiction), l\u2019\u00e9change g\u00e9n\u00e8re quant \u00e0 lui diff\u00e9rents probl\u00e8mes plus complexes \u00e0 circonscrire. Seules les personnes pour lesquelles il existe objectivement un soup\u00e7on de futur comportement dolosif en d\u2019autres endroits peuvent faire l\u2019objet d\u2019un \u00e9change de donn\u00e9es dans le respect du principe de proportionnalit\u00e9. Une personne qui ne supporte pas l\u2019alcool, devient agressive apr\u00e8s un verre et s\u2019est singularis\u00e9e \u00e0 r\u00e9it\u00e9r\u00e9es reprises par le pass\u00e9 par des dommages \u00e0 la propri\u00e9t\u00e9 r\u00e9pond \u00e0 cette d\u00e9finition.<\/p>\n<p>Tel n\u2019est pas le cas lorsqu\u2019un client se voit interdire l\u2019entr\u00e9e en raison d\u2019un conflit personnel avec le personnel d\u2019un bar ou un g\u00e9rant. Le consommateur ne peut pas \u00eatre l\u00e9galement enregistr\u00e9 dans une base de donn\u00e9es, de ce fait. Ainsi le Pr\u00e9pos\u00e9 f\u00e9d\u00e9ral a-t-il recommand\u00e9 d\u2019abandonner l\u2019\u00e9change automatique de donn\u00e9es, soit de ne le r\u00e9server qu\u2019aux cas justifi\u00e9s. Si comme ce jeune homme vous craignez de figurer sur une liste noire, la premi\u00e8re d\u00e9marche \u00e0 accomplir consiste \u00e0 exercer votre droit d\u2019acc\u00e8s pour savoir ce que le g\u00e9rant d\u00e9tient comme information vous concernant. Des mod\u00e8les se trouvent sur le site du Pr\u00e9pos\u00e9.<\/p>\n<p>Cet article a \u00e9t\u00e9 publi\u00e9 dans le Nouvelliste du 22 juin 2018<\/p>\n","protected":false},"excerpt":{"rendered":"<p>Votre adolescent rentre furieux de sa derni\u00e8re sortie avec ses copains. Il s\u2019est vu interdire l\u2019entr\u00e9e de la c\u00e9l\u00e8bre discoth\u00e8que \u00abVS4EVER \u00bb, au motif qu\u2019il avait adopt\u00e9 un comportement inopportun, par le pass\u00e9, dans un \u00e9tablissement similaire. Ce qui l\u2019exasp\u00e8re n\u2019est pas tant l\u2019impossibilit\u00e9 d\u2019acc\u00e9der \u00e0 un lieu mythique, mais le fait qu\u2019il figure, semble-t-il, [&hellip;]<\/p>\n","protected":false},"author":22,"featured_media":39873,"comment_status":"open","ping_status":"open","sticky":false,"template":"","format":"standard","meta":{"_acf_changed":false,"footnotes":""},"categories":[566,333],"tags":[2077,2071,2072,1798,1511],"class_list":["post-39872","post","type-post","status-publish","format-standard","has-post-thumbnail","hentry","category-les-conseils-de-sebastien-fanti-en-de","category-news-de","tag-principe-de-proportionnalite-de","tag-listes-noires-de","tag-www-leprepose-ch-de","tag-prepose-federal-de","tag-protection-des-donnees-de","expertise-lpd","expertise-protection-des-donnees"],"yoast_head":"<!-- This site is optimized with the Yoast SEO Premium plugin v20.11 (Yoast SEO v27.3) - https:\/\/yoast.com\/product\/yoast-seo-premium-wordpress\/ -->\n<title>Listes noires et protection des donn\u00e9es - Lexing Switzerland<\/title>\n<meta name=\"description\" content=\"S\u2019il est possible, sur le principe, de constituer des banques de donn\u00e9es centralis\u00e9es (listes noires) comprenant diff\u00e9rentes informations (identit\u00e9, photographie, motif et dur\u00e9e de l\u2019interdiction), l\u2019\u00e9change g\u00e9n\u00e8re quant \u00e0 lui diff\u00e9rents probl\u00e8mes plus complexes \u00e0 circonscrire.\" \/>\n<meta name=\"robots\" content=\"index, follow, max-snippet:-1, max-image-preview:large, max-video-preview:-1\" \/>\n<link rel=\"canonical\" href=\"https:\/\/lexing.ch\/listes-noires-et-protection-des-donnees\/\" \/>\n<meta property=\"og:locale\" content=\"de_DE\" \/>\n<meta property=\"og:type\" content=\"article\" \/>\n<meta property=\"og:title\" content=\"Listes noires et protection des donn\u00e9es\" \/>\n<meta property=\"og:description\" content=\"S\u2019il est possible, sur le principe, de constituer des banques de donn\u00e9es centralis\u00e9es (listes noires) comprenant diff\u00e9rentes informations (identit\u00e9, photographie, motif et dur\u00e9e de l\u2019interdiction), l\u2019\u00e9change g\u00e9n\u00e8re quant \u00e0 lui diff\u00e9rents probl\u00e8mes plus complexes \u00e0 circonscrire.\" \/>\n<meta property=\"og:url\" content=\"https:\/\/lexing.ch\/listes-noires-et-protection-des-donnees\/\" \/>\n<meta property=\"og:site_name\" content=\"Lexing Switzerland\" \/>\n<meta property=\"article:publisher\" content=\"https:\/\/www.facebook.com\/Lexing.ch\" \/>\n<meta property=\"article:author\" content=\"https:\/\/www.facebook.com\/sebastien.fanti\/\" \/>\n<meta property=\"article:published_time\" content=\"2018-08-06T06:51:58+00:00\" \/>\n<meta property=\"og:image\" content=\"https:\/\/lexing.ch\/wp-content\/uploads\/2018\/07\/listenore-768x1024.jpg\" \/>\n\t<meta property=\"og:image:width\" content=\"768\" \/>\n\t<meta property=\"og:image:height\" content=\"1024\" \/>\n\t<meta property=\"og:image:type\" content=\"image\/jpeg\" \/>\n<meta name=\"author\" content=\"S\u00e9bastien Fanti\" \/>\n<meta name=\"twitter:card\" content=\"summary_large_image\" \/>\n<meta name=\"twitter:creator\" content=\"@sebastienfanti\" \/>\n<meta name=\"twitter:site\" content=\"@sebastienfanti\" \/>\n<meta name=\"twitter:label1\" content=\"Verfasst von\" \/>\n\t<meta name=\"twitter:data1\" content=\"S\u00e9bastien Fanti\" \/>\n\t<meta name=\"twitter:label2\" content=\"Gesch\u00e4tzte Lesezeit\" \/>\n\t<meta name=\"twitter:data2\" content=\"3\u00a0Minuten\" \/>\n<script type=\"application\/ld+json\" class=\"yoast-schema-graph\">{\"@context\":\"https:\\\/\\\/schema.org\",\"@graph\":[{\"@type\":\"Article\",\"@id\":\"https:\\\/\\\/lexing.ch\\\/listes-noires-et-protection-des-donnees\\\/#article\",\"isPartOf\":{\"@id\":\"https:\\\/\\\/lexing.ch\\\/listes-noires-et-protection-des-donnees\\\/\"},\"author\":{\"name\":\"S\u00e9bastien Fanti\",\"@id\":\"https:\\\/\\\/lexing.ch\\\/#\\\/schema\\\/person\\\/0091f3d1919243ea4e1989a3b50ddcfb\"},\"headline\":\"Listes noires et protection des donn\u00e9es\",\"datePublished\":\"2018-08-06T06:51:58+00:00\",\"mainEntityOfPage\":{\"@id\":\"https:\\\/\\\/lexing.ch\\\/listes-noires-et-protection-des-donnees\\\/\"},\"wordCount\":526,\"commentCount\":0,\"publisher\":{\"@id\":\"https:\\\/\\\/lexing.ch\\\/#organization\"},\"image\":{\"@id\":\"https:\\\/\\\/lexing.ch\\\/listes-noires-et-protection-des-donnees\\\/#primaryimage\"},\"thumbnailUrl\":\"https:\\\/\\\/lexing.ch\\\/wp-content\\\/uploads\\\/2018\\\/07\\\/listenore.jpg\",\"keywords\":[\"principe de proportionnalit\u00e9\",\"listes noires\",\"www.leprepose.ch\",\"Pr\u00e9pos\u00e9 f\u00e9d\u00e9ral\",\"protection des donn\u00e9es\"],\"articleSection\":[\"Les conseils de S\u00e9bastien Fanti\",\"News\"],\"inLanguage\":\"de\"},{\"@type\":\"WebPage\",\"@id\":\"https:\\\/\\\/lexing.ch\\\/listes-noires-et-protection-des-donnees\\\/\",\"url\":\"https:\\\/\\\/lexing.ch\\\/listes-noires-et-protection-des-donnees\\\/\",\"name\":\"Listes noires et protection des donn\u00e9es - Lexing Switzerland\",\"isPartOf\":{\"@id\":\"https:\\\/\\\/lexing.ch\\\/#website\"},\"primaryImageOfPage\":{\"@id\":\"https:\\\/\\\/lexing.ch\\\/listes-noires-et-protection-des-donnees\\\/#primaryimage\"},\"image\":{\"@id\":\"https:\\\/\\\/lexing.ch\\\/listes-noires-et-protection-des-donnees\\\/#primaryimage\"},\"thumbnailUrl\":\"https:\\\/\\\/lexing.ch\\\/wp-content\\\/uploads\\\/2018\\\/07\\\/listenore.jpg\",\"datePublished\":\"2018-08-06T06:51:58+00:00\",\"description\":\"S\u2019il est possible, sur le principe, de constituer des banques de donn\u00e9es centralis\u00e9es (listes noires) comprenant diff\u00e9rentes informations (identit\u00e9, photographie, motif et dur\u00e9e de l\u2019interdiction), l\u2019\u00e9change g\u00e9n\u00e8re quant \u00e0 lui diff\u00e9rents probl\u00e8mes plus complexes \u00e0 circonscrire.\",\"breadcrumb\":{\"@id\":\"https:\\\/\\\/lexing.ch\\\/listes-noires-et-protection-des-donnees\\\/#breadcrumb\"},\"inLanguage\":\"de\",\"potentialAction\":[{\"@type\":\"ReadAction\",\"target\":[\"https:\\\/\\\/lexing.ch\\\/listes-noires-et-protection-des-donnees\\\/\"]}]},{\"@type\":\"ImageObject\",\"inLanguage\":\"de\",\"@id\":\"https:\\\/\\\/lexing.ch\\\/listes-noires-et-protection-des-donnees\\\/#primaryimage\",\"url\":\"https:\\\/\\\/lexing.ch\\\/wp-content\\\/uploads\\\/2018\\\/07\\\/listenore.jpg\",\"contentUrl\":\"https:\\\/\\\/lexing.ch\\\/wp-content\\\/uploads\\\/2018\\\/07\\\/listenore.jpg\",\"width\":\"3024\",\"height\":\"4032\"},{\"@type\":\"BreadcrumbList\",\"@id\":\"https:\\\/\\\/lexing.ch\\\/listes-noires-et-protection-des-donnees\\\/#breadcrumb\",\"itemListElement\":[{\"@type\":\"ListItem\",\"position\":1,\"name\":\"Accueil\",\"item\":\"https:\\\/\\\/lexing.ch\\\/de\\\/\"},{\"@type\":\"ListItem\",\"position\":2,\"name\":\"Listes noires et protection des donn\u00e9es\"}]},{\"@type\":\"WebSite\",\"@id\":\"https:\\\/\\\/lexing.ch\\\/#website\",\"url\":\"https:\\\/\\\/lexing.ch\\\/\",\"name\":\"Lexing Switzerland\",\"description\":\"Common sense. Innovative solutions.\",\"publisher\":{\"@id\":\"https:\\\/\\\/lexing.ch\\\/#organization\"},\"potentialAction\":[{\"@type\":\"SearchAction\",\"target\":{\"@type\":\"EntryPoint\",\"urlTemplate\":\"https:\\\/\\\/lexing.ch\\\/?s={search_term_string}\"},\"query-input\":{\"@type\":\"PropertyValueSpecification\",\"valueRequired\":true,\"valueName\":\"search_term_string\"}}],\"inLanguage\":\"de\"},{\"@type\":\"Organization\",\"@id\":\"https:\\\/\\\/lexing.ch\\\/#organization\",\"name\":\"Lexing.ch\",\"url\":\"https:\\\/\\\/lexing.ch\\\/\",\"logo\":{\"@type\":\"ImageObject\",\"inLanguage\":\"de\",\"@id\":\"https:\\\/\\\/lexing.ch\\\/#\\\/schema\\\/logo\\\/image\\\/\",\"url\":\"https:\\\/\\\/lexing.ch\\\/wp-content\\\/uploads\\\/2018\\\/02\\\/logo-lexing-ch.png\",\"contentUrl\":\"https:\\\/\\\/lexing.ch\\\/wp-content\\\/uploads\\\/2018\\\/02\\\/logo-lexing-ch.png\",\"width\":\"500\",\"height\":\"174\",\"caption\":\"Lexing.ch\"},\"image\":{\"@id\":\"https:\\\/\\\/lexing.ch\\\/#\\\/schema\\\/logo\\\/image\\\/\"},\"sameAs\":[\"https:\\\/\\\/www.facebook.com\\\/Lexing.ch\",\"https:\\\/\\\/x.com\\\/sebastienfanti\"]},{\"@type\":\"Person\",\"@id\":\"https:\\\/\\\/lexing.ch\\\/#\\\/schema\\\/person\\\/0091f3d1919243ea4e1989a3b50ddcfb\",\"name\":\"S\u00e9bastien Fanti\",\"image\":{\"@type\":\"ImageObject\",\"inLanguage\":\"de\",\"@id\":\"https:\\\/\\\/secure.gravatar.com\\\/avatar\\\/4fb338e49d6b8f08bf4237565e3f005f762bdf5c75755363fd2b35a8da164837?s=96&d=mm&r=g\",\"url\":\"https:\\\/\\\/secure.gravatar.com\\\/avatar\\\/4fb338e49d6b8f08bf4237565e3f005f762bdf5c75755363fd2b35a8da164837?s=96&d=mm&r=g\",\"contentUrl\":\"https:\\\/\\\/secure.gravatar.com\\\/avatar\\\/4fb338e49d6b8f08bf4237565e3f005f762bdf5c75755363fd2b35a8da164837?s=96&d=mm&r=g\",\"caption\":\"S\u00e9bastien Fanti\"},\"description\":\"S\u00e9bastien Fanti est un avocat technologue qui participe au d\u00e9bat sur l\u2019avenir des normes en cette mati\u00e8re, avec le souci de l\u2019homme comme point cardinal de r\u00e9flexion. Fanatique de ballon orange (il est aussi agent de joueurs) , il oscille r\u00e9guli\u00e8rement entre le Run and Gun et la d\u00e9fense Diamond and One, soit provoque le d\u00e9bat dans le but de g\u00e9n\u00e9rer prise de conscience et processus vertueux. A l\u2019instar de Maverick (son surnom), la disruption constitue son ADN et les solutions out of the box ont sa pr\u00e9f\u00e9rence.\",\"sameAs\":[\"https:\\\/\\\/lexing.ch\",\"https:\\\/\\\/www.facebook.com\\\/sebastien.fanti\\\/\",\"https:\\\/\\\/www.instagram.com\\\/sebastienfanti\\\/\",\"https:\\\/\\\/www.linkedin.com\\\/in\\\/sebastienfanti\\\/\",\"https:\\\/\\\/x.com\\\/sebastienfanti\",\"https:\\\/\\\/www.youtube.com\\\/user\\\/sebastienfanti\",\"https:\\\/\\\/soundcloud.com\\\/sebastienfanti\"]}]}<\/script>\n<!-- \/ Yoast SEO Premium plugin. -->","yoast_head_json":{"title":"Listes noires et protection des donn\u00e9es - Lexing Switzerland","description":"S\u2019il est possible, sur le principe, de constituer des banques de donn\u00e9es centralis\u00e9es (listes noires) comprenant diff\u00e9rentes informations (identit\u00e9, photographie, motif et dur\u00e9e de l\u2019interdiction), l\u2019\u00e9change g\u00e9n\u00e8re quant \u00e0 lui diff\u00e9rents probl\u00e8mes plus complexes \u00e0 circonscrire.","robots":{"index":"index","follow":"follow","max-snippet":"max-snippet:-1","max-image-preview":"max-image-preview:large","max-video-preview":"max-video-preview:-1"},"canonical":"https:\/\/lexing.ch\/listes-noires-et-protection-des-donnees\/","og_locale":"de_DE","og_type":"article","og_title":"Listes noires et protection des donn\u00e9es","og_description":"S\u2019il est possible, sur le principe, de constituer des banques de donn\u00e9es centralis\u00e9es (listes noires) comprenant diff\u00e9rentes informations (identit\u00e9, photographie, motif et dur\u00e9e de l\u2019interdiction), l\u2019\u00e9change g\u00e9n\u00e8re quant \u00e0 lui diff\u00e9rents probl\u00e8mes plus complexes \u00e0 circonscrire.","og_url":"https:\/\/lexing.ch\/listes-noires-et-protection-des-donnees\/","og_site_name":"Lexing Switzerland","article_publisher":"https:\/\/www.facebook.com\/Lexing.ch","article_author":"https:\/\/www.facebook.com\/sebastien.fanti\/","article_published_time":"2018-08-06T06:51:58+00:00","og_image":[{"width":768,"height":1024,"url":"https:\/\/lexing.ch\/wp-content\/uploads\/2018\/07\/listenore-768x1024.jpg","type":"image\/jpeg"}],"author":"S\u00e9bastien Fanti","twitter_card":"summary_large_image","twitter_creator":"@sebastienfanti","twitter_site":"@sebastienfanti","twitter_misc":{"Verfasst von":"S\u00e9bastien Fanti","Gesch\u00e4tzte Lesezeit":"3\u00a0Minuten"},"schema":{"@context":"https:\/\/schema.org","@graph":[{"@type":"Article","@id":"https:\/\/lexing.ch\/listes-noires-et-protection-des-donnees\/#article","isPartOf":{"@id":"https:\/\/lexing.ch\/listes-noires-et-protection-des-donnees\/"},"author":{"name":"S\u00e9bastien Fanti","@id":"https:\/\/lexing.ch\/#\/schema\/person\/0091f3d1919243ea4e1989a3b50ddcfb"},"headline":"Listes noires et protection des donn\u00e9es","datePublished":"2018-08-06T06:51:58+00:00","mainEntityOfPage":{"@id":"https:\/\/lexing.ch\/listes-noires-et-protection-des-donnees\/"},"wordCount":526,"commentCount":0,"publisher":{"@id":"https:\/\/lexing.ch\/#organization"},"image":{"@id":"https:\/\/lexing.ch\/listes-noires-et-protection-des-donnees\/#primaryimage"},"thumbnailUrl":"https:\/\/lexing.ch\/wp-content\/uploads\/2018\/07\/listenore.jpg","keywords":["principe de proportionnalit\u00e9","listes noires","www.leprepose.ch","Pr\u00e9pos\u00e9 f\u00e9d\u00e9ral","protection des donn\u00e9es"],"articleSection":["Les conseils de S\u00e9bastien Fanti","News"],"inLanguage":"de"},{"@type":"WebPage","@id":"https:\/\/lexing.ch\/listes-noires-et-protection-des-donnees\/","url":"https:\/\/lexing.ch\/listes-noires-et-protection-des-donnees\/","name":"Listes noires et protection des donn\u00e9es - Lexing Switzerland","isPartOf":{"@id":"https:\/\/lexing.ch\/#website"},"primaryImageOfPage":{"@id":"https:\/\/lexing.ch\/listes-noires-et-protection-des-donnees\/#primaryimage"},"image":{"@id":"https:\/\/lexing.ch\/listes-noires-et-protection-des-donnees\/#primaryimage"},"thumbnailUrl":"https:\/\/lexing.ch\/wp-content\/uploads\/2018\/07\/listenore.jpg","datePublished":"2018-08-06T06:51:58+00:00","description":"S\u2019il est possible, sur le principe, de constituer des banques de donn\u00e9es centralis\u00e9es (listes noires) comprenant diff\u00e9rentes informations (identit\u00e9, photographie, motif et dur\u00e9e de l\u2019interdiction), l\u2019\u00e9change g\u00e9n\u00e8re quant \u00e0 lui diff\u00e9rents probl\u00e8mes plus complexes \u00e0 circonscrire.","breadcrumb":{"@id":"https:\/\/lexing.ch\/listes-noires-et-protection-des-donnees\/#breadcrumb"},"inLanguage":"de","potentialAction":[{"@type":"ReadAction","target":["https:\/\/lexing.ch\/listes-noires-et-protection-des-donnees\/"]}]},{"@type":"ImageObject","inLanguage":"de","@id":"https:\/\/lexing.ch\/listes-noires-et-protection-des-donnees\/#primaryimage","url":"https:\/\/lexing.ch\/wp-content\/uploads\/2018\/07\/listenore.jpg","contentUrl":"https:\/\/lexing.ch\/wp-content\/uploads\/2018\/07\/listenore.jpg","width":"3024","height":"4032"},{"@type":"BreadcrumbList","@id":"https:\/\/lexing.ch\/listes-noires-et-protection-des-donnees\/#breadcrumb","itemListElement":[{"@type":"ListItem","position":1,"name":"Accueil","item":"https:\/\/lexing.ch\/de\/"},{"@type":"ListItem","position":2,"name":"Listes noires et protection des donn\u00e9es"}]},{"@type":"WebSite","@id":"https:\/\/lexing.ch\/#website","url":"https:\/\/lexing.ch\/","name":"Lexing Switzerland","description":"Common sense. Innovative solutions.","publisher":{"@id":"https:\/\/lexing.ch\/#organization"},"potentialAction":[{"@type":"SearchAction","target":{"@type":"EntryPoint","urlTemplate":"https:\/\/lexing.ch\/?s={search_term_string}"},"query-input":{"@type":"PropertyValueSpecification","valueRequired":true,"valueName":"search_term_string"}}],"inLanguage":"de"},{"@type":"Organization","@id":"https:\/\/lexing.ch\/#organization","name":"Lexing.ch","url":"https:\/\/lexing.ch\/","logo":{"@type":"ImageObject","inLanguage":"de","@id":"https:\/\/lexing.ch\/#\/schema\/logo\/image\/","url":"https:\/\/lexing.ch\/wp-content\/uploads\/2018\/02\/logo-lexing-ch.png","contentUrl":"https:\/\/lexing.ch\/wp-content\/uploads\/2018\/02\/logo-lexing-ch.png","width":"500","height":"174","caption":"Lexing.ch"},"image":{"@id":"https:\/\/lexing.ch\/#\/schema\/logo\/image\/"},"sameAs":["https:\/\/www.facebook.com\/Lexing.ch","https:\/\/x.com\/sebastienfanti"]},{"@type":"Person","@id":"https:\/\/lexing.ch\/#\/schema\/person\/0091f3d1919243ea4e1989a3b50ddcfb","name":"S\u00e9bastien Fanti","image":{"@type":"ImageObject","inLanguage":"de","@id":"https:\/\/secure.gravatar.com\/avatar\/4fb338e49d6b8f08bf4237565e3f005f762bdf5c75755363fd2b35a8da164837?s=96&d=mm&r=g","url":"https:\/\/secure.gravatar.com\/avatar\/4fb338e49d6b8f08bf4237565e3f005f762bdf5c75755363fd2b35a8da164837?s=96&d=mm&r=g","contentUrl":"https:\/\/secure.gravatar.com\/avatar\/4fb338e49d6b8f08bf4237565e3f005f762bdf5c75755363fd2b35a8da164837?s=96&d=mm&r=g","caption":"S\u00e9bastien Fanti"},"description":"S\u00e9bastien Fanti est un avocat technologue qui participe au d\u00e9bat sur l\u2019avenir des normes en cette mati\u00e8re, avec le souci de l\u2019homme comme point cardinal de r\u00e9flexion. Fanatique de ballon orange (il est aussi agent de joueurs) , il oscille r\u00e9guli\u00e8rement entre le Run and Gun et la d\u00e9fense Diamond and One, soit provoque le d\u00e9bat dans le but de g\u00e9n\u00e9rer prise de conscience et processus vertueux. A l\u2019instar de Maverick (son surnom), la disruption constitue son ADN et les solutions out of the box ont sa pr\u00e9f\u00e9rence.","sameAs":["https:\/\/lexing.ch","https:\/\/www.facebook.com\/sebastien.fanti\/","https:\/\/www.instagram.com\/sebastienfanti\/","https:\/\/www.linkedin.com\/in\/sebastienfanti\/","https:\/\/x.com\/sebastienfanti","https:\/\/www.youtube.com\/user\/sebastienfanti","https:\/\/soundcloud.com\/sebastienfanti"]}]}},"acf":[],"_links":{"self":[{"href":"https:\/\/lexing.ch\/de\/wp-json\/wp\/v2\/posts\/39872","targetHints":{"allow":["GET"]}}],"collection":[{"href":"https:\/\/lexing.ch\/de\/wp-json\/wp\/v2\/posts"}],"about":[{"href":"https:\/\/lexing.ch\/de\/wp-json\/wp\/v2\/types\/post"}],"author":[{"embeddable":true,"href":"https:\/\/lexing.ch\/de\/wp-json\/wp\/v2\/users\/22"}],"replies":[{"embeddable":true,"href":"https:\/\/lexing.ch\/de\/wp-json\/wp\/v2\/comments?post=39872"}],"version-history":[{"count":1,"href":"https:\/\/lexing.ch\/de\/wp-json\/wp\/v2\/posts\/39872\/revisions"}],"predecessor-version":[{"id":39877,"href":"https:\/\/lexing.ch\/de\/wp-json\/wp\/v2\/posts\/39872\/revisions\/39877"}],"wp:featuredmedia":[{"embeddable":true,"href":"https:\/\/lexing.ch\/de\/wp-json\/wp\/v2\/media\/39873"}],"wp:attachment":[{"href":"https:\/\/lexing.ch\/de\/wp-json\/wp\/v2\/media?parent=39872"}],"wp:term":[{"taxonomy":"category","embeddable":true,"href":"https:\/\/lexing.ch\/de\/wp-json\/wp\/v2\/categories?post=39872"},{"taxonomy":"post_tag","embeddable":true,"href":"https:\/\/lexing.ch\/de\/wp-json\/wp\/v2\/tags?post=39872"}],"curies":[{"name":"wp","href":"https:\/\/api.w.org\/{rel}","templated":true}]}}