{"id":39804,"date":"2018-05-25T09:22:25","date_gmt":"2018-05-25T07:22:25","guid":{"rendered":"https:\/\/lexing.ch\/?p=39804"},"modified":"2018-07-17T09:26:05","modified_gmt":"2018-07-17T07:26:05","slug":"le-reglement-europeen-en-matiere-de-protection-des-donnees-rgpd-entre-en-vigueur","status":"publish","type":"post","link":"https:\/\/lexing.ch\/de\/le-reglement-europeen-en-matiere-de-protection-des-donnees-rgpd-entre-en-vigueur\/","title":{"rendered":"Le R\u00e8glement europ\u00e9en en mati\u00e8re de protection des donn\u00e9es (RGPD) entre en vigueur !"},"content":{"rendered":"<p><img decoding=\"async\" class=\"aligncenter wp-image-39799 size-medium\" src=\"https:\/\/lexing.ch\/wp-content\/uploads\/2018\/07\/seb-171x300.jpg\" alt=\"\" width=\"171\" height=\"300\" srcset=\"https:\/\/lexing.ch\/wp-content\/uploads\/2018\/07\/seb-171x300.jpg 171w, https:\/\/lexing.ch\/wp-content\/uploads\/2018\/07\/seb-582x1024.jpg 582w, https:\/\/lexing.ch\/wp-content\/uploads\/2018\/07\/seb-120x211.jpg 120w, https:\/\/lexing.ch\/wp-content\/uploads\/2018\/07\/seb-43x75.jpg 43w, https:\/\/lexing.ch\/wp-content\/uploads\/2018\/07\/seb-250x440.jpg 250w, https:\/\/lexing.ch\/wp-content\/uploads\/2018\/07\/seb-200x352.jpg 200w, https:\/\/lexing.ch\/wp-content\/uploads\/2018\/07\/seb-600x1055.jpg 600w, https:\/\/lexing.ch\/wp-content\/uploads\/2018\/07\/seb.jpg 1397w, https:\/\/lexing.ch\/wp-content\/uploads\/2018\/07\/seb-171x300@2x.jpg 342w, https:\/\/lexing.ch\/wp-content\/uploads\/2018\/07\/seb-582x1024@2x.jpg 1164w, https:\/\/lexing.ch\/wp-content\/uploads\/2018\/07\/seb-120x211@2x.jpg 240w, https:\/\/lexing.ch\/wp-content\/uploads\/2018\/07\/seb-43x75@2x.jpg 86w, https:\/\/lexing.ch\/wp-content\/uploads\/2018\/07\/seb-250x440@2x.jpg 500w, https:\/\/lexing.ch\/wp-content\/uploads\/2018\/07\/seb-200x352@2x.jpg 400w, https:\/\/lexing.ch\/wp-content\/uploads\/2018\/07\/seb-600x1055@2x.jpg 1200w\" sizes=\"(max-width: 171px) 100vw, 171px\" \/><\/p>\n<p>Et le RGPD entre m\u00eame en vigueur aujourd\u2019hui.<\/p>\n<p>Et en quoi cela me concerne S\u00e9bastien ? Tu as re\u00e7u quelques courriels comprenant l\u2019abr\u00e9viation RGPD depuis quelques jours ? Quelques mails, tu rigoles ! J\u2019ai re\u00e7u pour la seule journ\u00e9e d\u2019hier 12 courriers \u00e9lectroniques o\u00f9 l\u2019on m\u2019explique des tas de choses auxquelles je ne comprends strictement rien. Tu pourrais m\u2019affranchir ?<\/p>\n<p>Alors vois-tu, que dis-je voyez-vous chers lecteurs, le RGPD c\u2019est le graal de la protection des donn\u00e9es, la norme la plus avanc\u00e9e au monde. 99 articles et 173 consid\u00e9rants, soit un texte long, technique et ardu. En bref, vous en saurez d\u00e9sormais plus sur ce qui est fait de vos donn\u00e9es, vous pourrez plus facilement les r\u00e9cup\u00e9rer, les mineurs seront mieux prot\u00e9g\u00e9s, le droit \u00e0 l\u2019oubli vous permettra d\u2019obtenir que ce qui porte atteinte \u00e0 votre personnalit\u00e9 n\u2019apparaisse plus dans les r\u00e9sultats des moteurs de recherche et les contrevenants au r\u00e8glement seront s\u00e9v\u00e8rement sanctionn\u00e9s.<\/p>\n<p>Il s\u2019appliquera d\u00e8s aujourd\u2019hui de mani\u00e8re directe dans tous les \u00c9tats membres de l\u2019UE. Mais pas seulement. Et c\u2019est ce qui explique l\u2019avalanche de mails, d\u00e8s lors que chacun de nous a fait appel \u00e0 des tas de soci\u00e9t\u00e9s au sein de l\u2019UE (et en dehors) pour traiter nos donn\u00e9es.<\/p>\n<p>Le r\u00e8glement s&#8217;applique en effet aux entreprises \u00e9tablies en dehors de l&#8217;Union europ\u00e9enne qui traitent les donn\u00e9es relatives aux activit\u00e9s des organisations de l&#8217;UE. Les soci\u00e9t\u00e9s non europ\u00e9ennes sont \u00e9galement soumises au r\u00e8glement d\u00e8s qu&#8217;elles ciblent les r\u00e9sidents de l&#8217;UE par le profilage ou proposent des biens et services \u00e0 des r\u00e9sidents europ\u00e9ens (Apple, Facebook, Google, etc.).<\/p>\n<p>Le faisceau d\u2019entit\u00e9s helv\u00e9tiques susceptibles d\u2019\u00eatre concern\u00e9es par l\u2019application du RGPD est par cons\u00e9quent consid\u00e9rable : entreprises, associations, syndicats, mais \u00e9galement des collectivit\u00e9s publiques (HES, Universit\u00e9s, Services de promotion \u00e9conomique, etc.) qui, pour certaines, ignorent l\u2019existence m\u00eame du R\u00e8glement.<\/p>\n<p>Qu\u2019est-ce que cela va changer pour moi, me direz-vous ? En qualit\u00e9 de consommateur, vos droits sont indirectement \u00e9tendus par le respect des principaux prestataires web et de nouvelles technologies du RGPD. En Suisse, cependant, le cadre l\u00e9gal \u00e9volue tr\u00e8s lentement, de sorte que ceux qui traitent des donn\u00e9es et qui n\u2019offrent pas de prestations au sein de l\u2019UE doivent se contenter de respecter des standards d\u2019un autre \u00e2ge (la loi date de 1992). Esp\u00e9rons que notre cadre l\u00e9gislatif sera bient\u00f4t \u00e0 l\u2019aune de celui de nos voisins ! Pour tous ceux qui offrent des produits et des services au sein de l\u2019UE, il est imp\u00e9ratif de d\u00e9buter une mise en conformit\u00e9 avec le R\u00e8glement ! A d\u00e9faut, vous risquez fort des d\u00e9convenues, en esp\u00e8ces sonnantes et tr\u00e9buchantes.<\/p>\n<p><a href=\"https:\/\/www.lenouvelliste.ch\/dossiers\/les-conseils-de-sebastien-fanti\/articles\/le-reglement-europeen-en-matiere-de-protection-des-donnees-rgpd-entre-en-vigueur-par-sebastien-fanti-759591\">Article paru dans le Nouvelliste du 25 mai 2018<\/a><\/p>\n","protected":false},"excerpt":{"rendered":"<p>Et le RGPD entre m\u00eame en vigueur aujourd\u2019hui. Et en quoi cela me concerne S\u00e9bastien ? Tu as re\u00e7u quelques courriels comprenant l\u2019abr\u00e9viation RGPD depuis quelques jours ? Quelques mails, tu rigoles ! J\u2019ai re\u00e7u pour la seule journ\u00e9e d\u2019hier 12 courriers \u00e9lectroniques o\u00f9 l\u2019on m\u2019explique des tas de choses auxquelles je ne comprends strictement [&hellip;]<\/p>\n","protected":false},"author":22,"featured_media":0,"comment_status":"open","ping_status":"open","sticky":false,"template":"","format":"standard","meta":{"_acf_changed":false,"footnotes":""},"categories":[566,333],"tags":[1976,1977,1965,1966,1967,1968,1511,1013,1014,1017,518],"class_list":["post-39804","post","type-post","status-publish","format-standard","hentry","category-les-conseils-de-sebastien-fanti-en-de","category-news-de","tag-reglement-de","tag-donnees-de","tag-application-de","tag-entree-en-vigueur-de","tag-extraterritoralite-de","tag-sanctions-de","tag-protection-des-donnees-de","tag-suisse-de","tag-ue-de","tag-rgpd-de","tag-gdpr-de","expertise-rgpd"],"yoast_head":"<!-- This site is optimized with the Yoast SEO Premium plugin v20.11 (Yoast SEO v27.3) - https:\/\/yoast.com\/product\/yoast-seo-premium-wordpress\/ -->\n<title>Le R\u00e8glement europ\u00e9en en mati\u00e8re de protection des donn\u00e9es (RGPD) entre en vigueur ! - Lexing Switzerland<\/title>\n<meta name=\"description\" content=\"Et en quoi cela me concerne S\u00e9bastien ? Tu as re\u00e7u quelques courriels comprenant l\u2019abr\u00e9viation RGPD depuis quelques jours ? Quelques mails, tu rigoles ! J\u2019ai re\u00e7u pour la seule journ\u00e9e d\u2019hier 12 courriers \u00e9lectroniques o\u00f9 l\u2019on m\u2019explique des tas de choses auxquelles je ne comprends strictement rien.\" \/>\n<meta name=\"robots\" content=\"index, follow, max-snippet:-1, max-image-preview:large, max-video-preview:-1\" \/>\n<link rel=\"canonical\" href=\"https:\/\/lexing.ch\/de\/le-reglement-europeen-en-matiere-de-protection-des-donnees-rgpd-entre-en-vigueur\/\" \/>\n<meta property=\"og:locale\" content=\"de_DE\" \/>\n<meta property=\"og:type\" content=\"article\" \/>\n<meta property=\"og:title\" content=\"Le R\u00e8glement europ\u00e9en en mati\u00e8re de protection des donn\u00e9es (RGPD) entre en vigueur !\" \/>\n<meta property=\"og:description\" content=\"Et en quoi cela me concerne S\u00e9bastien ? Tu as re\u00e7u quelques courriels comprenant l\u2019abr\u00e9viation RGPD depuis quelques jours ? Quelques mails, tu rigoles ! J\u2019ai re\u00e7u pour la seule journ\u00e9e d\u2019hier 12 courriers \u00e9lectroniques o\u00f9 l\u2019on m\u2019explique des tas de choses auxquelles je ne comprends strictement rien.\" \/>\n<meta property=\"og:url\" content=\"https:\/\/lexing.ch\/de\/le-reglement-europeen-en-matiere-de-protection-des-donnees-rgpd-entre-en-vigueur\/\" \/>\n<meta property=\"og:site_name\" content=\"Lexing Switzerland\" \/>\n<meta property=\"article:publisher\" content=\"https:\/\/www.facebook.com\/Lexing.ch\" \/>\n<meta property=\"article:author\" content=\"https:\/\/www.facebook.com\/sebastien.fanti\/\" \/>\n<meta property=\"article:published_time\" content=\"2018-05-25T07:22:25+00:00\" \/>\n<meta property=\"article:modified_time\" content=\"2018-07-17T07:26:05+00:00\" \/>\n<meta property=\"og:image\" content=\"https:\/\/lexing.ch\/wp-content\/uploads\/2018\/07\/seb-171x300.jpg\" \/>\n<meta name=\"author\" content=\"S\u00e9bastien Fanti\" \/>\n<meta name=\"twitter:card\" content=\"summary_large_image\" \/>\n<meta name=\"twitter:creator\" content=\"@sebastienfanti\" \/>\n<meta name=\"twitter:site\" content=\"@sebastienfanti\" \/>\n<meta name=\"twitter:label1\" content=\"Verfasst von\" \/>\n\t<meta name=\"twitter:data1\" content=\"S\u00e9bastien Fanti\" \/>\n\t<meta name=\"twitter:label2\" content=\"Gesch\u00e4tzte Lesezeit\" \/>\n\t<meta name=\"twitter:data2\" content=\"3\u00a0Minuten\" \/>\n<script type=\"application\/ld+json\" class=\"yoast-schema-graph\">{\"@context\":\"https:\\\/\\\/schema.org\",\"@graph\":[{\"@type\":\"Article\",\"@id\":\"https:\\\/\\\/lexing.ch\\\/de\\\/le-reglement-europeen-en-matiere-de-protection-des-donnees-rgpd-entre-en-vigueur\\\/#article\",\"isPartOf\":{\"@id\":\"https:\\\/\\\/lexing.ch\\\/de\\\/le-reglement-europeen-en-matiere-de-protection-des-donnees-rgpd-entre-en-vigueur\\\/\"},\"author\":{\"name\":\"S\u00e9bastien Fanti\",\"@id\":\"https:\\\/\\\/lexing.ch\\\/#\\\/schema\\\/person\\\/0091f3d1919243ea4e1989a3b50ddcfb\"},\"headline\":\"Le R\u00e8glement europ\u00e9en en mati\u00e8re de protection des donn\u00e9es (RGPD) entre en vigueur !\",\"datePublished\":\"2018-05-25T07:22:25+00:00\",\"dateModified\":\"2018-07-17T07:26:05+00:00\",\"mainEntityOfPage\":{\"@id\":\"https:\\\/\\\/lexing.ch\\\/de\\\/le-reglement-europeen-en-matiere-de-protection-des-donnees-rgpd-entre-en-vigueur\\\/\"},\"wordCount\":527,\"commentCount\":0,\"publisher\":{\"@id\":\"https:\\\/\\\/lexing.ch\\\/#organization\"},\"image\":{\"@id\":\"https:\\\/\\\/lexing.ch\\\/de\\\/le-reglement-europeen-en-matiere-de-protection-des-donnees-rgpd-entre-en-vigueur\\\/#primaryimage\"},\"thumbnailUrl\":\"https:\\\/\\\/lexing.ch\\\/wp-content\\\/uploads\\\/2018\\\/07\\\/seb-171x300.jpg\",\"keywords\":[\"r\u00e8glement\",\"donn\u00e9es\",\"application\",\"entr\u00e9e en vigueur\",\"extraterritoralit\u00e9\",\"sanctions\",\"protection des donn\u00e9es\",\"Suisse\",\"UE\",\"RGPD\",\"GDPR\"],\"articleSection\":[\"Les conseils de S\u00e9bastien Fanti\",\"News\"],\"inLanguage\":\"de\"},{\"@type\":\"WebPage\",\"@id\":\"https:\\\/\\\/lexing.ch\\\/de\\\/le-reglement-europeen-en-matiere-de-protection-des-donnees-rgpd-entre-en-vigueur\\\/\",\"url\":\"https:\\\/\\\/lexing.ch\\\/de\\\/le-reglement-europeen-en-matiere-de-protection-des-donnees-rgpd-entre-en-vigueur\\\/\",\"name\":\"Le R\u00e8glement europ\u00e9en en mati\u00e8re de protection des donn\u00e9es (RGPD) entre en vigueur ! - Lexing Switzerland\",\"isPartOf\":{\"@id\":\"https:\\\/\\\/lexing.ch\\\/#website\"},\"primaryImageOfPage\":{\"@id\":\"https:\\\/\\\/lexing.ch\\\/de\\\/le-reglement-europeen-en-matiere-de-protection-des-donnees-rgpd-entre-en-vigueur\\\/#primaryimage\"},\"image\":{\"@id\":\"https:\\\/\\\/lexing.ch\\\/de\\\/le-reglement-europeen-en-matiere-de-protection-des-donnees-rgpd-entre-en-vigueur\\\/#primaryimage\"},\"thumbnailUrl\":\"https:\\\/\\\/lexing.ch\\\/wp-content\\\/uploads\\\/2018\\\/07\\\/seb-171x300.jpg\",\"datePublished\":\"2018-05-25T07:22:25+00:00\",\"dateModified\":\"2018-07-17T07:26:05+00:00\",\"description\":\"Et en quoi cela me concerne S\u00e9bastien ? Tu as re\u00e7u quelques courriels comprenant l\u2019abr\u00e9viation RGPD depuis quelques jours ? Quelques mails, tu rigoles ! J\u2019ai re\u00e7u pour la seule journ\u00e9e d\u2019hier 12 courriers \u00e9lectroniques o\u00f9 l\u2019on m\u2019explique des tas de choses auxquelles je ne comprends strictement rien.\",\"breadcrumb\":{\"@id\":\"https:\\\/\\\/lexing.ch\\\/de\\\/le-reglement-europeen-en-matiere-de-protection-des-donnees-rgpd-entre-en-vigueur\\\/#breadcrumb\"},\"inLanguage\":\"de\",\"potentialAction\":[{\"@type\":\"ReadAction\",\"target\":[\"https:\\\/\\\/lexing.ch\\\/de\\\/le-reglement-europeen-en-matiere-de-protection-des-donnees-rgpd-entre-en-vigueur\\\/\"]}]},{\"@type\":\"ImageObject\",\"inLanguage\":\"de\",\"@id\":\"https:\\\/\\\/lexing.ch\\\/de\\\/le-reglement-europeen-en-matiere-de-protection-des-donnees-rgpd-entre-en-vigueur\\\/#primaryimage\",\"url\":\"https:\\\/\\\/lexing.ch\\\/wp-content\\\/uploads\\\/2018\\\/07\\\/seb-171x300.jpg\",\"contentUrl\":\"https:\\\/\\\/lexing.ch\\\/wp-content\\\/uploads\\\/2018\\\/07\\\/seb-171x300.jpg\"},{\"@type\":\"BreadcrumbList\",\"@id\":\"https:\\\/\\\/lexing.ch\\\/de\\\/le-reglement-europeen-en-matiere-de-protection-des-donnees-rgpd-entre-en-vigueur\\\/#breadcrumb\",\"itemListElement\":[{\"@type\":\"ListItem\",\"position\":1,\"name\":\"Accueil\",\"item\":\"https:\\\/\\\/lexing.ch\\\/de\\\/\"},{\"@type\":\"ListItem\",\"position\":2,\"name\":\"Le R\u00e8glement europ\u00e9en en mati\u00e8re de protection des donn\u00e9es (RGPD) entre en vigueur !\"}]},{\"@type\":\"WebSite\",\"@id\":\"https:\\\/\\\/lexing.ch\\\/#website\",\"url\":\"https:\\\/\\\/lexing.ch\\\/\",\"name\":\"Lexing Switzerland\",\"description\":\"Common sense. Innovative solutions.\",\"publisher\":{\"@id\":\"https:\\\/\\\/lexing.ch\\\/#organization\"},\"potentialAction\":[{\"@type\":\"SearchAction\",\"target\":{\"@type\":\"EntryPoint\",\"urlTemplate\":\"https:\\\/\\\/lexing.ch\\\/?s={search_term_string}\"},\"query-input\":{\"@type\":\"PropertyValueSpecification\",\"valueRequired\":true,\"valueName\":\"search_term_string\"}}],\"inLanguage\":\"de\"},{\"@type\":\"Organization\",\"@id\":\"https:\\\/\\\/lexing.ch\\\/#organization\",\"name\":\"Lexing.ch\",\"url\":\"https:\\\/\\\/lexing.ch\\\/\",\"logo\":{\"@type\":\"ImageObject\",\"inLanguage\":\"de\",\"@id\":\"https:\\\/\\\/lexing.ch\\\/#\\\/schema\\\/logo\\\/image\\\/\",\"url\":\"https:\\\/\\\/lexing.ch\\\/wp-content\\\/uploads\\\/2018\\\/02\\\/logo-lexing-ch.png\",\"contentUrl\":\"https:\\\/\\\/lexing.ch\\\/wp-content\\\/uploads\\\/2018\\\/02\\\/logo-lexing-ch.png\",\"width\":\"500\",\"height\":\"174\",\"caption\":\"Lexing.ch\"},\"image\":{\"@id\":\"https:\\\/\\\/lexing.ch\\\/#\\\/schema\\\/logo\\\/image\\\/\"},\"sameAs\":[\"https:\\\/\\\/www.facebook.com\\\/Lexing.ch\",\"https:\\\/\\\/x.com\\\/sebastienfanti\"]},{\"@type\":\"Person\",\"@id\":\"https:\\\/\\\/lexing.ch\\\/#\\\/schema\\\/person\\\/0091f3d1919243ea4e1989a3b50ddcfb\",\"name\":\"S\u00e9bastien Fanti\",\"image\":{\"@type\":\"ImageObject\",\"inLanguage\":\"de\",\"@id\":\"https:\\\/\\\/secure.gravatar.com\\\/avatar\\\/4fb338e49d6b8f08bf4237565e3f005f762bdf5c75755363fd2b35a8da164837?s=96&d=mm&r=g\",\"url\":\"https:\\\/\\\/secure.gravatar.com\\\/avatar\\\/4fb338e49d6b8f08bf4237565e3f005f762bdf5c75755363fd2b35a8da164837?s=96&d=mm&r=g\",\"contentUrl\":\"https:\\\/\\\/secure.gravatar.com\\\/avatar\\\/4fb338e49d6b8f08bf4237565e3f005f762bdf5c75755363fd2b35a8da164837?s=96&d=mm&r=g\",\"caption\":\"S\u00e9bastien Fanti\"},\"description\":\"S\u00e9bastien Fanti est un avocat technologue qui participe au d\u00e9bat sur l\u2019avenir des normes en cette mati\u00e8re, avec le souci de l\u2019homme comme point cardinal de r\u00e9flexion. Fanatique de ballon orange (il est aussi agent de joueurs) , il oscille r\u00e9guli\u00e8rement entre le Run and Gun et la d\u00e9fense Diamond and One, soit provoque le d\u00e9bat dans le but de g\u00e9n\u00e9rer prise de conscience et processus vertueux. A l\u2019instar de Maverick (son surnom), la disruption constitue son ADN et les solutions out of the box ont sa pr\u00e9f\u00e9rence.\",\"sameAs\":[\"https:\\\/\\\/lexing.ch\",\"https:\\\/\\\/www.facebook.com\\\/sebastien.fanti\\\/\",\"https:\\\/\\\/www.instagram.com\\\/sebastienfanti\\\/\",\"https:\\\/\\\/www.linkedin.com\\\/in\\\/sebastienfanti\\\/\",\"https:\\\/\\\/x.com\\\/sebastienfanti\",\"https:\\\/\\\/www.youtube.com\\\/user\\\/sebastienfanti\",\"https:\\\/\\\/soundcloud.com\\\/sebastienfanti\"]}]}<\/script>\n<!-- \/ Yoast SEO Premium plugin. -->","yoast_head_json":{"title":"Le R\u00e8glement europ\u00e9en en mati\u00e8re de protection des donn\u00e9es (RGPD) entre en vigueur ! - Lexing Switzerland","description":"Et en quoi cela me concerne S\u00e9bastien ? Tu as re\u00e7u quelques courriels comprenant l\u2019abr\u00e9viation RGPD depuis quelques jours ? Quelques mails, tu rigoles ! J\u2019ai re\u00e7u pour la seule journ\u00e9e d\u2019hier 12 courriers \u00e9lectroniques o\u00f9 l\u2019on m\u2019explique des tas de choses auxquelles je ne comprends strictement rien.","robots":{"index":"index","follow":"follow","max-snippet":"max-snippet:-1","max-image-preview":"max-image-preview:large","max-video-preview":"max-video-preview:-1"},"canonical":"https:\/\/lexing.ch\/de\/le-reglement-europeen-en-matiere-de-protection-des-donnees-rgpd-entre-en-vigueur\/","og_locale":"de_DE","og_type":"article","og_title":"Le R\u00e8glement europ\u00e9en en mati\u00e8re de protection des donn\u00e9es (RGPD) entre en vigueur !","og_description":"Et en quoi cela me concerne S\u00e9bastien ? Tu as re\u00e7u quelques courriels comprenant l\u2019abr\u00e9viation RGPD depuis quelques jours ? Quelques mails, tu rigoles ! J\u2019ai re\u00e7u pour la seule journ\u00e9e d\u2019hier 12 courriers \u00e9lectroniques o\u00f9 l\u2019on m\u2019explique des tas de choses auxquelles je ne comprends strictement rien.","og_url":"https:\/\/lexing.ch\/de\/le-reglement-europeen-en-matiere-de-protection-des-donnees-rgpd-entre-en-vigueur\/","og_site_name":"Lexing Switzerland","article_publisher":"https:\/\/www.facebook.com\/Lexing.ch","article_author":"https:\/\/www.facebook.com\/sebastien.fanti\/","article_published_time":"2018-05-25T07:22:25+00:00","article_modified_time":"2018-07-17T07:26:05+00:00","og_image":[{"url":"https:\/\/lexing.ch\/wp-content\/uploads\/2018\/07\/seb-171x300.jpg","type":"","width":"","height":""}],"author":"S\u00e9bastien Fanti","twitter_card":"summary_large_image","twitter_creator":"@sebastienfanti","twitter_site":"@sebastienfanti","twitter_misc":{"Verfasst von":"S\u00e9bastien Fanti","Gesch\u00e4tzte Lesezeit":"3\u00a0Minuten"},"schema":{"@context":"https:\/\/schema.org","@graph":[{"@type":"Article","@id":"https:\/\/lexing.ch\/de\/le-reglement-europeen-en-matiere-de-protection-des-donnees-rgpd-entre-en-vigueur\/#article","isPartOf":{"@id":"https:\/\/lexing.ch\/de\/le-reglement-europeen-en-matiere-de-protection-des-donnees-rgpd-entre-en-vigueur\/"},"author":{"name":"S\u00e9bastien Fanti","@id":"https:\/\/lexing.ch\/#\/schema\/person\/0091f3d1919243ea4e1989a3b50ddcfb"},"headline":"Le R\u00e8glement europ\u00e9en en mati\u00e8re de protection des donn\u00e9es (RGPD) entre en vigueur !","datePublished":"2018-05-25T07:22:25+00:00","dateModified":"2018-07-17T07:26:05+00:00","mainEntityOfPage":{"@id":"https:\/\/lexing.ch\/de\/le-reglement-europeen-en-matiere-de-protection-des-donnees-rgpd-entre-en-vigueur\/"},"wordCount":527,"commentCount":0,"publisher":{"@id":"https:\/\/lexing.ch\/#organization"},"image":{"@id":"https:\/\/lexing.ch\/de\/le-reglement-europeen-en-matiere-de-protection-des-donnees-rgpd-entre-en-vigueur\/#primaryimage"},"thumbnailUrl":"https:\/\/lexing.ch\/wp-content\/uploads\/2018\/07\/seb-171x300.jpg","keywords":["r\u00e8glement","donn\u00e9es","application","entr\u00e9e en vigueur","extraterritoralit\u00e9","sanctions","protection des donn\u00e9es","Suisse","UE","RGPD","GDPR"],"articleSection":["Les conseils de S\u00e9bastien Fanti","News"],"inLanguage":"de"},{"@type":"WebPage","@id":"https:\/\/lexing.ch\/de\/le-reglement-europeen-en-matiere-de-protection-des-donnees-rgpd-entre-en-vigueur\/","url":"https:\/\/lexing.ch\/de\/le-reglement-europeen-en-matiere-de-protection-des-donnees-rgpd-entre-en-vigueur\/","name":"Le R\u00e8glement europ\u00e9en en mati\u00e8re de protection des donn\u00e9es (RGPD) entre en vigueur ! - Lexing Switzerland","isPartOf":{"@id":"https:\/\/lexing.ch\/#website"},"primaryImageOfPage":{"@id":"https:\/\/lexing.ch\/de\/le-reglement-europeen-en-matiere-de-protection-des-donnees-rgpd-entre-en-vigueur\/#primaryimage"},"image":{"@id":"https:\/\/lexing.ch\/de\/le-reglement-europeen-en-matiere-de-protection-des-donnees-rgpd-entre-en-vigueur\/#primaryimage"},"thumbnailUrl":"https:\/\/lexing.ch\/wp-content\/uploads\/2018\/07\/seb-171x300.jpg","datePublished":"2018-05-25T07:22:25+00:00","dateModified":"2018-07-17T07:26:05+00:00","description":"Et en quoi cela me concerne S\u00e9bastien ? Tu as re\u00e7u quelques courriels comprenant l\u2019abr\u00e9viation RGPD depuis quelques jours ? Quelques mails, tu rigoles ! J\u2019ai re\u00e7u pour la seule journ\u00e9e d\u2019hier 12 courriers \u00e9lectroniques o\u00f9 l\u2019on m\u2019explique des tas de choses auxquelles je ne comprends strictement rien.","breadcrumb":{"@id":"https:\/\/lexing.ch\/de\/le-reglement-europeen-en-matiere-de-protection-des-donnees-rgpd-entre-en-vigueur\/#breadcrumb"},"inLanguage":"de","potentialAction":[{"@type":"ReadAction","target":["https:\/\/lexing.ch\/de\/le-reglement-europeen-en-matiere-de-protection-des-donnees-rgpd-entre-en-vigueur\/"]}]},{"@type":"ImageObject","inLanguage":"de","@id":"https:\/\/lexing.ch\/de\/le-reglement-europeen-en-matiere-de-protection-des-donnees-rgpd-entre-en-vigueur\/#primaryimage","url":"https:\/\/lexing.ch\/wp-content\/uploads\/2018\/07\/seb-171x300.jpg","contentUrl":"https:\/\/lexing.ch\/wp-content\/uploads\/2018\/07\/seb-171x300.jpg"},{"@type":"BreadcrumbList","@id":"https:\/\/lexing.ch\/de\/le-reglement-europeen-en-matiere-de-protection-des-donnees-rgpd-entre-en-vigueur\/#breadcrumb","itemListElement":[{"@type":"ListItem","position":1,"name":"Accueil","item":"https:\/\/lexing.ch\/de\/"},{"@type":"ListItem","position":2,"name":"Le R\u00e8glement europ\u00e9en en mati\u00e8re de protection des donn\u00e9es (RGPD) entre en vigueur !"}]},{"@type":"WebSite","@id":"https:\/\/lexing.ch\/#website","url":"https:\/\/lexing.ch\/","name":"Lexing Switzerland","description":"Common sense. Innovative solutions.","publisher":{"@id":"https:\/\/lexing.ch\/#organization"},"potentialAction":[{"@type":"SearchAction","target":{"@type":"EntryPoint","urlTemplate":"https:\/\/lexing.ch\/?s={search_term_string}"},"query-input":{"@type":"PropertyValueSpecification","valueRequired":true,"valueName":"search_term_string"}}],"inLanguage":"de"},{"@type":"Organization","@id":"https:\/\/lexing.ch\/#organization","name":"Lexing.ch","url":"https:\/\/lexing.ch\/","logo":{"@type":"ImageObject","inLanguage":"de","@id":"https:\/\/lexing.ch\/#\/schema\/logo\/image\/","url":"https:\/\/lexing.ch\/wp-content\/uploads\/2018\/02\/logo-lexing-ch.png","contentUrl":"https:\/\/lexing.ch\/wp-content\/uploads\/2018\/02\/logo-lexing-ch.png","width":"500","height":"174","caption":"Lexing.ch"},"image":{"@id":"https:\/\/lexing.ch\/#\/schema\/logo\/image\/"},"sameAs":["https:\/\/www.facebook.com\/Lexing.ch","https:\/\/x.com\/sebastienfanti"]},{"@type":"Person","@id":"https:\/\/lexing.ch\/#\/schema\/person\/0091f3d1919243ea4e1989a3b50ddcfb","name":"S\u00e9bastien Fanti","image":{"@type":"ImageObject","inLanguage":"de","@id":"https:\/\/secure.gravatar.com\/avatar\/4fb338e49d6b8f08bf4237565e3f005f762bdf5c75755363fd2b35a8da164837?s=96&d=mm&r=g","url":"https:\/\/secure.gravatar.com\/avatar\/4fb338e49d6b8f08bf4237565e3f005f762bdf5c75755363fd2b35a8da164837?s=96&d=mm&r=g","contentUrl":"https:\/\/secure.gravatar.com\/avatar\/4fb338e49d6b8f08bf4237565e3f005f762bdf5c75755363fd2b35a8da164837?s=96&d=mm&r=g","caption":"S\u00e9bastien Fanti"},"description":"S\u00e9bastien Fanti est un avocat technologue qui participe au d\u00e9bat sur l\u2019avenir des normes en cette mati\u00e8re, avec le souci de l\u2019homme comme point cardinal de r\u00e9flexion. Fanatique de ballon orange (il est aussi agent de joueurs) , il oscille r\u00e9guli\u00e8rement entre le Run and Gun et la d\u00e9fense Diamond and One, soit provoque le d\u00e9bat dans le but de g\u00e9n\u00e9rer prise de conscience et processus vertueux. A l\u2019instar de Maverick (son surnom), la disruption constitue son ADN et les solutions out of the box ont sa pr\u00e9f\u00e9rence.","sameAs":["https:\/\/lexing.ch","https:\/\/www.facebook.com\/sebastien.fanti\/","https:\/\/www.instagram.com\/sebastienfanti\/","https:\/\/www.linkedin.com\/in\/sebastienfanti\/","https:\/\/x.com\/sebastienfanti","https:\/\/www.youtube.com\/user\/sebastienfanti","https:\/\/soundcloud.com\/sebastienfanti"]}]}},"acf":[],"_links":{"self":[{"href":"https:\/\/lexing.ch\/de\/wp-json\/wp\/v2\/posts\/39804","targetHints":{"allow":["GET"]}}],"collection":[{"href":"https:\/\/lexing.ch\/de\/wp-json\/wp\/v2\/posts"}],"about":[{"href":"https:\/\/lexing.ch\/de\/wp-json\/wp\/v2\/types\/post"}],"author":[{"embeddable":true,"href":"https:\/\/lexing.ch\/de\/wp-json\/wp\/v2\/users\/22"}],"replies":[{"embeddable":true,"href":"https:\/\/lexing.ch\/de\/wp-json\/wp\/v2\/comments?post=39804"}],"version-history":[{"count":3,"href":"https:\/\/lexing.ch\/de\/wp-json\/wp\/v2\/posts\/39804\/revisions"}],"predecessor-version":[{"id":39817,"href":"https:\/\/lexing.ch\/de\/wp-json\/wp\/v2\/posts\/39804\/revisions\/39817"}],"wp:attachment":[{"href":"https:\/\/lexing.ch\/de\/wp-json\/wp\/v2\/media?parent=39804"}],"wp:term":[{"taxonomy":"category","embeddable":true,"href":"https:\/\/lexing.ch\/de\/wp-json\/wp\/v2\/categories?post=39804"},{"taxonomy":"post_tag","embeddable":true,"href":"https:\/\/lexing.ch\/de\/wp-json\/wp\/v2\/tags?post=39804"}],"curies":[{"name":"wp","href":"https:\/\/api.w.org\/{rel}","templated":true}]}}