{"id":39786,"date":"2018-06-22T15:21:08","date_gmt":"2018-06-22T13:21:08","guid":{"rendered":"https:\/\/lexing.ch\/?p=39786"},"modified":"2018-06-22T15:21:08","modified_gmt":"2018-06-22T13:21:08","slug":"lancement-du-diagnostic-rgpd-wolters-kluwer-lexing","status":"publish","type":"post","link":"https:\/\/lexing.ch\/de\/lancement-du-diagnostic-rgpd-wolters-kluwer-lexing\/","title":{"rendered":"Lancement du \u00abDiagnostic RGPD\u00bb Wolters Kluwer \/ Lexing \u00ae"},"content":{"rendered":"<p><strong>Wolters Kluwer lance en partenariat avec le r\u00e9seau d&#8217;avocats Lexing le \u00ab Diagnostic RGPD \u00bb, un outil logiciel disponible en mode SaaS pour accompagner les entreprises priv\u00e9es et organismes publics dans leur mise en conformit\u00e9 au RGPD.<\/strong><\/p>\n<p>Le R\u00e8glement G\u00e9n\u00e9ral sur la Protection des Donn\u00e9es (RGPD) vient d\u2019entrer en application le 25 mai dernier.<\/p>\n<p><strong>Un tournant majeur dans la r\u00e9gulation des donn\u00e9es personnelles<\/strong><\/p>\n<p>Ce texte complexe et technique op\u00e8re un bouleversement complet des r\u00e8gles applicables \u00e0 l\u2019environnement digital des entreprises priv\u00e9es et organismes publics. <strong>Il<\/strong> <strong>impose aux acteurs de se plier \u00e0 de nouvelles obligations<\/strong>, telles que la prise en compte de la protection de la s\u00e9curit\u00e9 des donn\u00e9es, tant logique que physique, d\u00e8s la conception du traitement de donn\u00e9es concern\u00e9 et l\u2019obligation d\u2019\u00eatre, \u00e0 tout moment, en mesure de d\u00e9montrer la conformit\u00e9 du traitement avec le RGPD.<\/p>\n<p>Les organisations doivent dor\u00e9navant assumer <strong>leur pleine et enti\u00e8re responsabilit\u00e9<\/strong> sur les donn\u00e9es qu\u2019elles traitent, et \u00eatre en mesure de d\u00e9montrer que les op\u00e9rations de traitement qu\u2019elles effectuent ou leurs sous-traitants respectent le r\u00e8glement.<\/p>\n<p>Les questions sont nombreuses et <strong>les enjeux cruciaux<\/strong> : en termes principalement financiers en cas d\u2019infraction, mais \u00e9galement, de fa\u00e7on plus positive, en termes d\u2019image, le respect des obligations d\u00e9coulant du RGPD pouvant s\u2019av\u00e9rer un \u00e9l\u00e9ment marketing pr\u00e9cieux susceptible de renforcer sa position concurrentielle.<\/p>\n<p>C\u2019est la raison pour laquelle <strong>Wolters Kluwer<\/strong> et le <strong>r\u00e9seau Lexing, <\/strong>r\u00e9seau\u00a0\u00e0 la pointe du droit de la protection des donn\u00e9es personnelles, ont \u00e9labor\u00e9 de concert le \u00ab Diagnostic RGPD \u00bb, progiciel en mode SaaS d\u00e9di\u00e9 \u00e0 la conformit\u00e9 au RGPD.<\/p>\n<p>Cet outil consiste en un rapport de <strong>diagnostic de conformit\u00e9 bas\u00e9 sur plus de 100 questions<\/strong> avec l\u2019analyse d\u2019\u00e9cart, un tableau de synth\u00e8se de conformit\u00e9, la \u00ab feuille de route Lexing \u00bb en 20 \u00e9tapes, les priorit\u00e9s et le macro-calendrier.<\/p>\n<p>Selon <strong>Alain Bensoussan<\/strong>, Pr\u00e9sident du r\u00e9seau Lexing, \u00ab \u00e0 l\u2019heure o\u00f9 le RGPD marque un tournant majeur dans la r\u00e9gulation des donn\u00e9es personnelles, nous sommes heureux et fiers d\u2019avoir \u00e9labor\u00e9 en partenariat avec Wolters Kluwer, un des leaders mondiaux de son secteur, un outil int\u00e9grant les exigences du RGPD. Et ce faisant de permettre aux entreprises d\u2019\u00eatre accompagn\u00e9es dans leur mutation digitale en favorisant la confiance dans le big data. \u00bb<\/p>\n<p>Selon<strong> Hubert Chemla<\/strong>, PDG de Wolters Kluwer France, \u00ab nous sommes en permanence \u00e0 l\u2019\u00e9coute des besoins des professionnels. Il nous est ainsi apparu qu\u2019un certain nombre de dirigeants n\u2019avaient pas encore totalement pris la mesure du nouveau RGPD, entr\u00e9 en application le 25 mai 2018. C\u2019est pourquoi nous proposons aujourd\u2019hui, avec le Cabinet Lexing Alain Bensoussan Avocats, une solution Diagnostic RGPD qui va faciliter la mise en conformit\u00e9 des entreprises en toute s\u00e9curit\u00e9 juridique, conform\u00e9ment \u00e0 notre mission. \u00bb<\/p>\n<p>Le nouveau partenariat se poursuivra dans les prochains mois avec d\u2019autres solutions d\u2019accompagnement pour les professionnels.<\/p>\n","protected":false},"excerpt":{"rendered":"<p>Wolters Kluwer lance en partenariat avec le r\u00e9seau d&#8217;avocats Lexing le \u00ab Diagnostic RGPD \u00bb, un outil logiciel disponible en mode SaaS pour accompagner les entreprises priv\u00e9es et organismes publics dans leur mise en conformit\u00e9 au RGPD. Le R\u00e8glement G\u00e9n\u00e9ral sur la Protection des Donn\u00e9es (RGPD) vient d\u2019entrer en application le 25 mai dernier. Un [&hellip;]<\/p>\n","protected":false},"author":22,"featured_media":39788,"comment_status":"open","ping_status":"open","sticky":false,"template":"","format":"standard","meta":{"_acf_changed":false,"footnotes":""},"categories":[333],"tags":[1939,1940,1941,1942,1943,1777,1017,518],"class_list":["post-39786","post","type-post","status-publish","format-standard","has-post-thumbnail","hentry","category-news-de","tag-diagnostic-de","tag-diagnostic-de-conformite-base-sur-plus-de-100-questions-de","tag-diagnostic-rgpd-de","tag-gap-analysis-de","tag-test-de-conformite-de","tag-lexing-de","tag-rgpd-de","tag-gdpr-de","expertise-rgpd"],"yoast_head":"<!-- This site is optimized with the Yoast SEO Premium plugin v20.11 (Yoast SEO v27.3) - https:\/\/yoast.com\/product\/yoast-seo-premium-wordpress\/ -->\n<title>Lancement du \u00abDiagnostic RGPD\u00bb Wolters Kluwer \/ Lexing \u00ae - Lexing Switzerland<\/title>\n<meta name=\"description\" content=\"Wolters Kluwer lance en partenariat avec le r\u00e9seau d&#039;avocats Lexing le \u00ab Diagnostic RGPD \u00bb, un outil logiciel disponible en mode SaaS pour accompagner les entreprises priv\u00e9es et organismes publics dans leur mise en conformit\u00e9 au RGPD.\" \/>\n<meta name=\"robots\" content=\"index, follow, max-snippet:-1, max-image-preview:large, max-video-preview:-1\" \/>\n<link rel=\"canonical\" href=\"https:\/\/lexing.ch\/de\/lancement-du-diagnostic-rgpd-wolters-kluwer-lexing\/\" \/>\n<meta property=\"og:locale\" content=\"de_DE\" \/>\n<meta property=\"og:type\" content=\"article\" \/>\n<meta property=\"og:title\" content=\"Lancement du \u00abDiagnostic RGPD\u00bb Wolters Kluwer \/ Lexing \u00ae\" \/>\n<meta property=\"og:description\" content=\"Wolters Kluwer lance en partenariat avec le r\u00e9seau d&#039;avocats Lexing le \u00ab Diagnostic RGPD \u00bb, un outil logiciel disponible en mode SaaS pour accompagner les entreprises priv\u00e9es et organismes publics dans leur mise en conformit\u00e9 au RGPD.\" \/>\n<meta property=\"og:url\" content=\"https:\/\/lexing.ch\/de\/lancement-du-diagnostic-rgpd-wolters-kluwer-lexing\/\" \/>\n<meta property=\"og:site_name\" content=\"Lexing Switzerland\" \/>\n<meta property=\"article:publisher\" content=\"https:\/\/www.facebook.com\/Lexing.ch\" \/>\n<meta property=\"article:author\" content=\"https:\/\/www.facebook.com\/sebastien.fanti\/\" \/>\n<meta property=\"article:published_time\" content=\"2018-06-22T13:21:08+00:00\" \/>\n<meta property=\"og:image\" content=\"https:\/\/lexing.ch\/wp-content\/uploads\/2018\/06\/shutterstock_790955071.jpg\" \/>\n\t<meta property=\"og:image:width\" content=\"500\" \/>\n\t<meta property=\"og:image:height\" content=\"300\" \/>\n\t<meta property=\"og:image:type\" content=\"image\/jpeg\" \/>\n<meta name=\"author\" content=\"S\u00e9bastien Fanti\" \/>\n<meta name=\"twitter:card\" content=\"summary_large_image\" \/>\n<meta name=\"twitter:description\" content=\"Wolters Kluwer lance en partenariat avec le r\u00e9seau d&#039;avocats Lexing le \u00ab Diagnostic RGPD \u00bb, un outil logiciel disponible en mode SaaS pour accompagner les entreprises priv\u00e9es et organismes publics dans leur mise en conformit\u00e9 au RGPD.\" \/>\n<meta name=\"twitter:creator\" content=\"@sebastienfanti\" \/>\n<meta name=\"twitter:site\" content=\"@sebastienfanti\" \/>\n<meta name=\"twitter:label1\" content=\"Verfasst von\" \/>\n\t<meta name=\"twitter:data1\" content=\"S\u00e9bastien Fanti\" \/>\n\t<meta name=\"twitter:label2\" content=\"Gesch\u00e4tzte Lesezeit\" \/>\n\t<meta name=\"twitter:data2\" content=\"3\u00a0Minuten\" \/>\n<script type=\"application\/ld+json\" class=\"yoast-schema-graph\">{\"@context\":\"https:\\\/\\\/schema.org\",\"@graph\":[{\"@type\":\"Article\",\"@id\":\"https:\\\/\\\/lexing.ch\\\/de\\\/lancement-du-diagnostic-rgpd-wolters-kluwer-lexing\\\/#article\",\"isPartOf\":{\"@id\":\"https:\\\/\\\/lexing.ch\\\/de\\\/lancement-du-diagnostic-rgpd-wolters-kluwer-lexing\\\/\"},\"author\":{\"name\":\"S\u00e9bastien Fanti\",\"@id\":\"https:\\\/\\\/lexing.ch\\\/#\\\/schema\\\/person\\\/0091f3d1919243ea4e1989a3b50ddcfb\"},\"headline\":\"Lancement du \u00abDiagnostic RGPD\u00bb Wolters Kluwer \\\/ Lexing \u00ae\",\"datePublished\":\"2018-06-22T13:21:08+00:00\",\"mainEntityOfPage\":{\"@id\":\"https:\\\/\\\/lexing.ch\\\/de\\\/lancement-du-diagnostic-rgpd-wolters-kluwer-lexing\\\/\"},\"wordCount\":512,\"commentCount\":0,\"publisher\":{\"@id\":\"https:\\\/\\\/lexing.ch\\\/#organization\"},\"image\":{\"@id\":\"https:\\\/\\\/lexing.ch\\\/de\\\/lancement-du-diagnostic-rgpd-wolters-kluwer-lexing\\\/#primaryimage\"},\"thumbnailUrl\":\"https:\\\/\\\/lexing.ch\\\/wp-content\\\/uploads\\\/2018\\\/06\\\/shutterstock_790955071.jpg\",\"keywords\":[\"Diagnostic\",\"diagnostic de conformit\u00e9 bas\u00e9 sur plus de 100 questions\",\"Diagnostic RGPD\",\"Gap Analysis\",\"test de conformit\u00e9\",\"Lexing\",\"RGPD\",\"GDPR\"],\"articleSection\":[\"News\"],\"inLanguage\":\"de\"},{\"@type\":\"WebPage\",\"@id\":\"https:\\\/\\\/lexing.ch\\\/de\\\/lancement-du-diagnostic-rgpd-wolters-kluwer-lexing\\\/\",\"url\":\"https:\\\/\\\/lexing.ch\\\/de\\\/lancement-du-diagnostic-rgpd-wolters-kluwer-lexing\\\/\",\"name\":\"Lancement du \u00abDiagnostic RGPD\u00bb Wolters Kluwer \\\/ Lexing \u00ae - Lexing Switzerland\",\"isPartOf\":{\"@id\":\"https:\\\/\\\/lexing.ch\\\/#website\"},\"primaryImageOfPage\":{\"@id\":\"https:\\\/\\\/lexing.ch\\\/de\\\/lancement-du-diagnostic-rgpd-wolters-kluwer-lexing\\\/#primaryimage\"},\"image\":{\"@id\":\"https:\\\/\\\/lexing.ch\\\/de\\\/lancement-du-diagnostic-rgpd-wolters-kluwer-lexing\\\/#primaryimage\"},\"thumbnailUrl\":\"https:\\\/\\\/lexing.ch\\\/wp-content\\\/uploads\\\/2018\\\/06\\\/shutterstock_790955071.jpg\",\"datePublished\":\"2018-06-22T13:21:08+00:00\",\"description\":\"Wolters Kluwer lance en partenariat avec le r\u00e9seau d'avocats Lexing le \u00ab Diagnostic RGPD \u00bb, un outil logiciel disponible en mode SaaS pour accompagner les entreprises priv\u00e9es et organismes publics dans leur mise en conformit\u00e9 au RGPD.\",\"breadcrumb\":{\"@id\":\"https:\\\/\\\/lexing.ch\\\/de\\\/lancement-du-diagnostic-rgpd-wolters-kluwer-lexing\\\/#breadcrumb\"},\"inLanguage\":\"de\",\"potentialAction\":[{\"@type\":\"ReadAction\",\"target\":[\"https:\\\/\\\/lexing.ch\\\/de\\\/lancement-du-diagnostic-rgpd-wolters-kluwer-lexing\\\/\"]}]},{\"@type\":\"ImageObject\",\"inLanguage\":\"de\",\"@id\":\"https:\\\/\\\/lexing.ch\\\/de\\\/lancement-du-diagnostic-rgpd-wolters-kluwer-lexing\\\/#primaryimage\",\"url\":\"https:\\\/\\\/lexing.ch\\\/wp-content\\\/uploads\\\/2018\\\/06\\\/shutterstock_790955071.jpg\",\"contentUrl\":\"https:\\\/\\\/lexing.ch\\\/wp-content\\\/uploads\\\/2018\\\/06\\\/shutterstock_790955071.jpg\",\"width\":\"500\",\"height\":\"300\"},{\"@type\":\"BreadcrumbList\",\"@id\":\"https:\\\/\\\/lexing.ch\\\/de\\\/lancement-du-diagnostic-rgpd-wolters-kluwer-lexing\\\/#breadcrumb\",\"itemListElement\":[{\"@type\":\"ListItem\",\"position\":1,\"name\":\"Accueil\",\"item\":\"https:\\\/\\\/lexing.ch\\\/de\\\/\"},{\"@type\":\"ListItem\",\"position\":2,\"name\":\"Lancement du \u00abDiagnostic RGPD\u00bb Wolters Kluwer \\\/ Lexing \u00ae\"}]},{\"@type\":\"WebSite\",\"@id\":\"https:\\\/\\\/lexing.ch\\\/#website\",\"url\":\"https:\\\/\\\/lexing.ch\\\/\",\"name\":\"Lexing Switzerland\",\"description\":\"Common sense. Innovative solutions.\",\"publisher\":{\"@id\":\"https:\\\/\\\/lexing.ch\\\/#organization\"},\"potentialAction\":[{\"@type\":\"SearchAction\",\"target\":{\"@type\":\"EntryPoint\",\"urlTemplate\":\"https:\\\/\\\/lexing.ch\\\/?s={search_term_string}\"},\"query-input\":{\"@type\":\"PropertyValueSpecification\",\"valueRequired\":true,\"valueName\":\"search_term_string\"}}],\"inLanguage\":\"de\"},{\"@type\":\"Organization\",\"@id\":\"https:\\\/\\\/lexing.ch\\\/#organization\",\"name\":\"Lexing.ch\",\"url\":\"https:\\\/\\\/lexing.ch\\\/\",\"logo\":{\"@type\":\"ImageObject\",\"inLanguage\":\"de\",\"@id\":\"https:\\\/\\\/lexing.ch\\\/#\\\/schema\\\/logo\\\/image\\\/\",\"url\":\"https:\\\/\\\/lexing.ch\\\/wp-content\\\/uploads\\\/2018\\\/02\\\/logo-lexing-ch.png\",\"contentUrl\":\"https:\\\/\\\/lexing.ch\\\/wp-content\\\/uploads\\\/2018\\\/02\\\/logo-lexing-ch.png\",\"width\":\"500\",\"height\":\"174\",\"caption\":\"Lexing.ch\"},\"image\":{\"@id\":\"https:\\\/\\\/lexing.ch\\\/#\\\/schema\\\/logo\\\/image\\\/\"},\"sameAs\":[\"https:\\\/\\\/www.facebook.com\\\/Lexing.ch\",\"https:\\\/\\\/x.com\\\/sebastienfanti\"]},{\"@type\":\"Person\",\"@id\":\"https:\\\/\\\/lexing.ch\\\/#\\\/schema\\\/person\\\/0091f3d1919243ea4e1989a3b50ddcfb\",\"name\":\"S\u00e9bastien Fanti\",\"image\":{\"@type\":\"ImageObject\",\"inLanguage\":\"de\",\"@id\":\"https:\\\/\\\/secure.gravatar.com\\\/avatar\\\/4fb338e49d6b8f08bf4237565e3f005f762bdf5c75755363fd2b35a8da164837?s=96&d=mm&r=g\",\"url\":\"https:\\\/\\\/secure.gravatar.com\\\/avatar\\\/4fb338e49d6b8f08bf4237565e3f005f762bdf5c75755363fd2b35a8da164837?s=96&d=mm&r=g\",\"contentUrl\":\"https:\\\/\\\/secure.gravatar.com\\\/avatar\\\/4fb338e49d6b8f08bf4237565e3f005f762bdf5c75755363fd2b35a8da164837?s=96&d=mm&r=g\",\"caption\":\"S\u00e9bastien Fanti\"},\"description\":\"S\u00e9bastien Fanti est un avocat technologue qui participe au d\u00e9bat sur l\u2019avenir des normes en cette mati\u00e8re, avec le souci de l\u2019homme comme point cardinal de r\u00e9flexion. Fanatique de ballon orange (il est aussi agent de joueurs) , il oscille r\u00e9guli\u00e8rement entre le Run and Gun et la d\u00e9fense Diamond and One, soit provoque le d\u00e9bat dans le but de g\u00e9n\u00e9rer prise de conscience et processus vertueux. A l\u2019instar de Maverick (son surnom), la disruption constitue son ADN et les solutions out of the box ont sa pr\u00e9f\u00e9rence.\",\"sameAs\":[\"https:\\\/\\\/lexing.ch\",\"https:\\\/\\\/www.facebook.com\\\/sebastien.fanti\\\/\",\"https:\\\/\\\/www.instagram.com\\\/sebastienfanti\\\/\",\"https:\\\/\\\/www.linkedin.com\\\/in\\\/sebastienfanti\\\/\",\"https:\\\/\\\/x.com\\\/sebastienfanti\",\"https:\\\/\\\/www.youtube.com\\\/user\\\/sebastienfanti\",\"https:\\\/\\\/soundcloud.com\\\/sebastienfanti\"]}]}<\/script>\n<!-- \/ Yoast SEO Premium plugin. -->","yoast_head_json":{"title":"Lancement du \u00abDiagnostic RGPD\u00bb Wolters Kluwer \/ Lexing \u00ae - Lexing Switzerland","description":"Wolters Kluwer lance en partenariat avec le r\u00e9seau d'avocats Lexing le \u00ab Diagnostic RGPD \u00bb, un outil logiciel disponible en mode SaaS pour accompagner les entreprises priv\u00e9es et organismes publics dans leur mise en conformit\u00e9 au RGPD.","robots":{"index":"index","follow":"follow","max-snippet":"max-snippet:-1","max-image-preview":"max-image-preview:large","max-video-preview":"max-video-preview:-1"},"canonical":"https:\/\/lexing.ch\/de\/lancement-du-diagnostic-rgpd-wolters-kluwer-lexing\/","og_locale":"de_DE","og_type":"article","og_title":"Lancement du \u00abDiagnostic RGPD\u00bb Wolters Kluwer \/ Lexing \u00ae","og_description":"Wolters Kluwer lance en partenariat avec le r\u00e9seau d'avocats Lexing le \u00ab Diagnostic RGPD \u00bb, un outil logiciel disponible en mode SaaS pour accompagner les entreprises priv\u00e9es et organismes publics dans leur mise en conformit\u00e9 au RGPD.","og_url":"https:\/\/lexing.ch\/de\/lancement-du-diagnostic-rgpd-wolters-kluwer-lexing\/","og_site_name":"Lexing Switzerland","article_publisher":"https:\/\/www.facebook.com\/Lexing.ch","article_author":"https:\/\/www.facebook.com\/sebastien.fanti\/","article_published_time":"2018-06-22T13:21:08+00:00","og_image":[{"width":500,"height":300,"url":"https:\/\/lexing.ch\/wp-content\/uploads\/2018\/06\/shutterstock_790955071.jpg","type":"image\/jpeg"}],"author":"S\u00e9bastien Fanti","twitter_card":"summary_large_image","twitter_description":"Wolters Kluwer lance en partenariat avec le r\u00e9seau d'avocats Lexing le \u00ab Diagnostic RGPD \u00bb, un outil logiciel disponible en mode SaaS pour accompagner les entreprises priv\u00e9es et organismes publics dans leur mise en conformit\u00e9 au RGPD.","twitter_creator":"@sebastienfanti","twitter_site":"@sebastienfanti","twitter_misc":{"Verfasst von":"S\u00e9bastien Fanti","Gesch\u00e4tzte Lesezeit":"3\u00a0Minuten"},"schema":{"@context":"https:\/\/schema.org","@graph":[{"@type":"Article","@id":"https:\/\/lexing.ch\/de\/lancement-du-diagnostic-rgpd-wolters-kluwer-lexing\/#article","isPartOf":{"@id":"https:\/\/lexing.ch\/de\/lancement-du-diagnostic-rgpd-wolters-kluwer-lexing\/"},"author":{"name":"S\u00e9bastien Fanti","@id":"https:\/\/lexing.ch\/#\/schema\/person\/0091f3d1919243ea4e1989a3b50ddcfb"},"headline":"Lancement du \u00abDiagnostic RGPD\u00bb Wolters Kluwer \/ Lexing \u00ae","datePublished":"2018-06-22T13:21:08+00:00","mainEntityOfPage":{"@id":"https:\/\/lexing.ch\/de\/lancement-du-diagnostic-rgpd-wolters-kluwer-lexing\/"},"wordCount":512,"commentCount":0,"publisher":{"@id":"https:\/\/lexing.ch\/#organization"},"image":{"@id":"https:\/\/lexing.ch\/de\/lancement-du-diagnostic-rgpd-wolters-kluwer-lexing\/#primaryimage"},"thumbnailUrl":"https:\/\/lexing.ch\/wp-content\/uploads\/2018\/06\/shutterstock_790955071.jpg","keywords":["Diagnostic","diagnostic de conformit\u00e9 bas\u00e9 sur plus de 100 questions","Diagnostic RGPD","Gap Analysis","test de conformit\u00e9","Lexing","RGPD","GDPR"],"articleSection":["News"],"inLanguage":"de"},{"@type":"WebPage","@id":"https:\/\/lexing.ch\/de\/lancement-du-diagnostic-rgpd-wolters-kluwer-lexing\/","url":"https:\/\/lexing.ch\/de\/lancement-du-diagnostic-rgpd-wolters-kluwer-lexing\/","name":"Lancement du \u00abDiagnostic RGPD\u00bb Wolters Kluwer \/ Lexing \u00ae - Lexing Switzerland","isPartOf":{"@id":"https:\/\/lexing.ch\/#website"},"primaryImageOfPage":{"@id":"https:\/\/lexing.ch\/de\/lancement-du-diagnostic-rgpd-wolters-kluwer-lexing\/#primaryimage"},"image":{"@id":"https:\/\/lexing.ch\/de\/lancement-du-diagnostic-rgpd-wolters-kluwer-lexing\/#primaryimage"},"thumbnailUrl":"https:\/\/lexing.ch\/wp-content\/uploads\/2018\/06\/shutterstock_790955071.jpg","datePublished":"2018-06-22T13:21:08+00:00","description":"Wolters Kluwer lance en partenariat avec le r\u00e9seau d'avocats Lexing le \u00ab Diagnostic RGPD \u00bb, un outil logiciel disponible en mode SaaS pour accompagner les entreprises priv\u00e9es et organismes publics dans leur mise en conformit\u00e9 au RGPD.","breadcrumb":{"@id":"https:\/\/lexing.ch\/de\/lancement-du-diagnostic-rgpd-wolters-kluwer-lexing\/#breadcrumb"},"inLanguage":"de","potentialAction":[{"@type":"ReadAction","target":["https:\/\/lexing.ch\/de\/lancement-du-diagnostic-rgpd-wolters-kluwer-lexing\/"]}]},{"@type":"ImageObject","inLanguage":"de","@id":"https:\/\/lexing.ch\/de\/lancement-du-diagnostic-rgpd-wolters-kluwer-lexing\/#primaryimage","url":"https:\/\/lexing.ch\/wp-content\/uploads\/2018\/06\/shutterstock_790955071.jpg","contentUrl":"https:\/\/lexing.ch\/wp-content\/uploads\/2018\/06\/shutterstock_790955071.jpg","width":"500","height":"300"},{"@type":"BreadcrumbList","@id":"https:\/\/lexing.ch\/de\/lancement-du-diagnostic-rgpd-wolters-kluwer-lexing\/#breadcrumb","itemListElement":[{"@type":"ListItem","position":1,"name":"Accueil","item":"https:\/\/lexing.ch\/de\/"},{"@type":"ListItem","position":2,"name":"Lancement du \u00abDiagnostic RGPD\u00bb Wolters Kluwer \/ Lexing \u00ae"}]},{"@type":"WebSite","@id":"https:\/\/lexing.ch\/#website","url":"https:\/\/lexing.ch\/","name":"Lexing Switzerland","description":"Common sense. Innovative solutions.","publisher":{"@id":"https:\/\/lexing.ch\/#organization"},"potentialAction":[{"@type":"SearchAction","target":{"@type":"EntryPoint","urlTemplate":"https:\/\/lexing.ch\/?s={search_term_string}"},"query-input":{"@type":"PropertyValueSpecification","valueRequired":true,"valueName":"search_term_string"}}],"inLanguage":"de"},{"@type":"Organization","@id":"https:\/\/lexing.ch\/#organization","name":"Lexing.ch","url":"https:\/\/lexing.ch\/","logo":{"@type":"ImageObject","inLanguage":"de","@id":"https:\/\/lexing.ch\/#\/schema\/logo\/image\/","url":"https:\/\/lexing.ch\/wp-content\/uploads\/2018\/02\/logo-lexing-ch.png","contentUrl":"https:\/\/lexing.ch\/wp-content\/uploads\/2018\/02\/logo-lexing-ch.png","width":"500","height":"174","caption":"Lexing.ch"},"image":{"@id":"https:\/\/lexing.ch\/#\/schema\/logo\/image\/"},"sameAs":["https:\/\/www.facebook.com\/Lexing.ch","https:\/\/x.com\/sebastienfanti"]},{"@type":"Person","@id":"https:\/\/lexing.ch\/#\/schema\/person\/0091f3d1919243ea4e1989a3b50ddcfb","name":"S\u00e9bastien Fanti","image":{"@type":"ImageObject","inLanguage":"de","@id":"https:\/\/secure.gravatar.com\/avatar\/4fb338e49d6b8f08bf4237565e3f005f762bdf5c75755363fd2b35a8da164837?s=96&d=mm&r=g","url":"https:\/\/secure.gravatar.com\/avatar\/4fb338e49d6b8f08bf4237565e3f005f762bdf5c75755363fd2b35a8da164837?s=96&d=mm&r=g","contentUrl":"https:\/\/secure.gravatar.com\/avatar\/4fb338e49d6b8f08bf4237565e3f005f762bdf5c75755363fd2b35a8da164837?s=96&d=mm&r=g","caption":"S\u00e9bastien Fanti"},"description":"S\u00e9bastien Fanti est un avocat technologue qui participe au d\u00e9bat sur l\u2019avenir des normes en cette mati\u00e8re, avec le souci de l\u2019homme comme point cardinal de r\u00e9flexion. Fanatique de ballon orange (il est aussi agent de joueurs) , il oscille r\u00e9guli\u00e8rement entre le Run and Gun et la d\u00e9fense Diamond and One, soit provoque le d\u00e9bat dans le but de g\u00e9n\u00e9rer prise de conscience et processus vertueux. A l\u2019instar de Maverick (son surnom), la disruption constitue son ADN et les solutions out of the box ont sa pr\u00e9f\u00e9rence.","sameAs":["https:\/\/lexing.ch","https:\/\/www.facebook.com\/sebastien.fanti\/","https:\/\/www.instagram.com\/sebastienfanti\/","https:\/\/www.linkedin.com\/in\/sebastienfanti\/","https:\/\/x.com\/sebastienfanti","https:\/\/www.youtube.com\/user\/sebastienfanti","https:\/\/soundcloud.com\/sebastienfanti"]}]}},"acf":[],"_links":{"self":[{"href":"https:\/\/lexing.ch\/de\/wp-json\/wp\/v2\/posts\/39786","targetHints":{"allow":["GET"]}}],"collection":[{"href":"https:\/\/lexing.ch\/de\/wp-json\/wp\/v2\/posts"}],"about":[{"href":"https:\/\/lexing.ch\/de\/wp-json\/wp\/v2\/types\/post"}],"author":[{"embeddable":true,"href":"https:\/\/lexing.ch\/de\/wp-json\/wp\/v2\/users\/22"}],"replies":[{"embeddable":true,"href":"https:\/\/lexing.ch\/de\/wp-json\/wp\/v2\/comments?post=39786"}],"version-history":[{"count":1,"href":"https:\/\/lexing.ch\/de\/wp-json\/wp\/v2\/posts\/39786\/revisions"}],"predecessor-version":[{"id":39794,"href":"https:\/\/lexing.ch\/de\/wp-json\/wp\/v2\/posts\/39786\/revisions\/39794"}],"wp:featuredmedia":[{"embeddable":true,"href":"https:\/\/lexing.ch\/de\/wp-json\/wp\/v2\/media\/39788"}],"wp:attachment":[{"href":"https:\/\/lexing.ch\/de\/wp-json\/wp\/v2\/media?parent=39786"}],"wp:term":[{"taxonomy":"category","embeddable":true,"href":"https:\/\/lexing.ch\/de\/wp-json\/wp\/v2\/categories?post=39786"},{"taxonomy":"post_tag","embeddable":true,"href":"https:\/\/lexing.ch\/de\/wp-json\/wp\/v2\/tags?post=39786"}],"curies":[{"name":"wp","href":"https:\/\/api.w.org\/{rel}","templated":true}]}}