{"id":39683,"date":"2018-06-10T10:13:54","date_gmt":"2018-06-10T08:13:54","guid":{"rendered":"https:\/\/lexing.ch\/?p=39683"},"modified":"2018-06-10T10:13:54","modified_gmt":"2018-06-10T08:13:54","slug":"la-conference-mondiale-lexing-consacree-a-lintelligence-artificielle-ia-aura-lieu-a-paris-le-14-juin-2018","status":"publish","type":"post","link":"https:\/\/lexing.ch\/de\/la-conference-mondiale-lexing-consacree-a-lintelligence-artificielle-ia-aura-lieu-a-paris-le-14-juin-2018\/","title":{"rendered":"La conf\u00e9rence mondiale Lexing consacr\u00e9e \u00e0 l&#8217;intelligence artificielle (IA) aura lieu \u00e0 Paris le 14 juin 2018!"},"content":{"rendered":"<p>La Conf\u00e9rence internationale Lexing 2018 qui se tiendra \u00e0 Paris le 14 juin 2018 \u00e0 l\u2019invitation du cabinet Lexing Alain Bensoussan Avocats, sera consacr\u00e9e \u00e0 la question de l\u2019<strong>encadrement juridique de l\u2019IA<\/strong>, intelligence artificielle.<\/p>\n<p>Il s\u2019agit de la 7\u00e8me conf\u00e9rence annuelle des membres du r\u00e9seau Lexing\u00ae.<\/p>\n<p>Ces derniers venus des 5 continents et tous sp\u00e9cialis\u00e9s et reconnus pour leurs comp\u00e9tences et leur expertise dans les domaines du droit des technologies avanc\u00e9es, se retrouveront pour leurs journ\u00e9es annuelles \u00e0 l\u2019occasion desquelles ils organisent une conf\u00e9rence qui se tiendra le 14 juin 2018 au <a href=\"https:\/\/www.collegedesbernardins.fr\/qui-sommes-nous\/informations-pratiques\">Coll\u00e8ge des Bernardins<\/a> (75005 Paris) de 8h15 \u00e0 17h30.<\/p>\n<p>Les membres du r\u00e9seau, ainsi que des personnalit\u00e9s ext\u00e9rieures, interviendront sur le th\u00e8me : <strong>&#8222;Intelligence artificielle et droit&#8220;<\/strong> .<\/p>\n<blockquote><p>Voitures autonomes, villes intelligentes, contrats intelligents, etc. notre vie quotidienne, personnelle ou professionnelle est de plus en plus gouvern\u00e9e par les algorithmes. Comment cette \u00e9volution est-elle encadr\u00e9e juridiquement ?<\/p><\/blockquote>\n<p>Alain Bensoussan, pr\u00e9sident fondateur du r\u00e9seau, ouvrira cette conf\u00e9rence en pr\u00e9sentant les grandes tendances 2018-2028 du droit de l\u2019intelligence artificielle.<\/p>\n<p>Les avocats du r\u00e9seau Lexing\u00ae feront, pour leur part, un tour d\u2019horizon international sur les grandes probl\u00e9matiques de l\u2019intelligence artificielle.<\/p>\n<blockquote><p>S\u00e9bastien Fanti s&#8217;exprimera sur la th\u00e9matique suivante: &#8222;L&#8217;intelligence artificielle comme substrat du l\u00e9gislateur dans l&#8217;analyse des CGU et la v\u00e9rification de leur conformit\u00e9&#8220;.<\/p><\/blockquote>\n<p>&nbsp;<\/p>\n","protected":false},"excerpt":{"rendered":"<p>La Conf\u00e9rence internationale Lexing 2018 qui se tiendra \u00e0 Paris le 14 juin 2018 \u00e0 l\u2019invitation du cabinet Lexing Alain Bensoussan Avocats, sera consacr\u00e9e \u00e0 la question de l\u2019encadrement juridique de l\u2019IA, intelligence artificielle. Il s\u2019agit de la 7\u00e8me conf\u00e9rence annuelle des membres du r\u00e9seau Lexing\u00ae. Ces derniers venus des 5 continents et tous sp\u00e9cialis\u00e9s [&hellip;]<\/p>\n","protected":false},"author":22,"featured_media":39684,"comment_status":"open","ping_status":"open","sticky":false,"template":"","format":"standard","meta":{"_acf_changed":false,"footnotes":""},"categories":[333],"tags":[1786,1772,1773,1774,1775,1776,1777,1017,518],"class_list":["post-39683","post","type-post","status-publish","format-standard","has-post-thumbnail","hentry","category-news-de","tag-algorithmes-de","tag-ia-de","tag-voiture-autonome-de","tag-ville-intelligente-de","tag-contrats-intelligents-de","tag-ai-de","tag-lexing-de","tag-rgpd-de","tag-gdpr-de","expertise-intelligence-artificielle"],"yoast_head":"<!-- This site is optimized with the Yoast SEO Premium plugin v20.11 (Yoast SEO v27.3) - https:\/\/yoast.com\/product\/yoast-seo-premium-wordpress\/ -->\n<title>La conf\u00e9rence mondiale Lexing consacr\u00e9e \u00e0 l&#039;intelligence artificielle (IA) aura lieu \u00e0 Paris le 14 juin 2018! - Lexing Switzerland<\/title>\n<meta name=\"description\" content=\"Voitures autonomes, villes intelligentes, contrats intelligents, etc. notre vie quotidienne, personnelle ou professionnelle est de plus en plus gouvern\u00e9e par les algorithmes. Comment cette \u00e9volution est-elle encadr\u00e9e juridiquement ?\" \/>\n<meta name=\"robots\" content=\"index, follow, max-snippet:-1, max-image-preview:large, max-video-preview:-1\" \/>\n<link rel=\"canonical\" href=\"https:\/\/lexing.ch\/la-conference-mondiale-lexing-consacree-a-lintelligence-artificielle-ia-aura-lieu-a-paris-le-14-juin-2018\/\" \/>\n<meta property=\"og:locale\" content=\"de_DE\" \/>\n<meta property=\"og:type\" content=\"article\" \/>\n<meta property=\"og:title\" content=\"La conf\u00e9rence mondiale Lexing consacr\u00e9e \u00e0 l&#039;intelligence artificielle (IA) aura lieu \u00e0 Paris le 14 juin 2018!\" \/>\n<meta property=\"og:description\" content=\"Voitures autonomes, villes intelligentes, contrats intelligents, etc. notre vie quotidienne, personnelle ou professionnelle est de plus en plus gouvern\u00e9e par les algorithmes. Comment cette \u00e9volution est-elle encadr\u00e9e juridiquement ?\" \/>\n<meta property=\"og:url\" content=\"https:\/\/lexing.ch\/la-conference-mondiale-lexing-consacree-a-lintelligence-artificielle-ia-aura-lieu-a-paris-le-14-juin-2018\/\" \/>\n<meta property=\"og:site_name\" content=\"Lexing Switzerland\" \/>\n<meta property=\"article:publisher\" content=\"https:\/\/www.facebook.com\/Lexing.ch\" \/>\n<meta property=\"article:author\" content=\"https:\/\/www.facebook.com\/sebastien.fanti\/\" \/>\n<meta property=\"article:published_time\" content=\"2018-06-10T08:13:54+00:00\" \/>\n<meta property=\"og:image\" content=\"https:\/\/lexing.ch\/wp-content\/uploads\/2018\/06\/artificial-intelligence-1024x675.jpg\" \/>\n\t<meta property=\"og:image:width\" content=\"1024\" \/>\n\t<meta property=\"og:image:height\" content=\"675\" \/>\n\t<meta property=\"og:image:type\" content=\"image\/jpeg\" \/>\n<meta name=\"author\" content=\"S\u00e9bastien Fanti\" \/>\n<meta name=\"twitter:card\" content=\"summary_large_image\" \/>\n<meta name=\"twitter:description\" content=\"Voitures autonomes, villes intelligentes, contrats intelligents, etc. notre vie quotidienne, personnelle ou professionnelle est de plus en plus gouvern\u00e9e par les algorithmes. Comment cette \u00e9volution est-elle encadr\u00e9e juridiquement ?\" \/>\n<meta name=\"twitter:image\" content=\"https:\/\/lexing.ch\/wp-content\/uploads\/2018\/06\/artificial-intelligence.jpg\" \/>\n<meta name=\"twitter:creator\" content=\"@sebastienfanti\" \/>\n<meta name=\"twitter:site\" content=\"@sebastienfanti\" \/>\n<meta name=\"twitter:label1\" content=\"Verfasst von\" \/>\n\t<meta name=\"twitter:data1\" content=\"S\u00e9bastien Fanti\" \/>\n\t<meta name=\"twitter:label2\" content=\"Gesch\u00e4tzte Lesezeit\" \/>\n\t<meta name=\"twitter:data2\" content=\"1\u00a0Minute\" \/>\n<script type=\"application\/ld+json\" class=\"yoast-schema-graph\">{\"@context\":\"https:\\\/\\\/schema.org\",\"@graph\":[{\"@type\":\"Article\",\"@id\":\"https:\\\/\\\/lexing.ch\\\/la-conference-mondiale-lexing-consacree-a-lintelligence-artificielle-ia-aura-lieu-a-paris-le-14-juin-2018\\\/#article\",\"isPartOf\":{\"@id\":\"https:\\\/\\\/lexing.ch\\\/la-conference-mondiale-lexing-consacree-a-lintelligence-artificielle-ia-aura-lieu-a-paris-le-14-juin-2018\\\/\"},\"author\":{\"name\":\"S\u00e9bastien Fanti\",\"@id\":\"https:\\\/\\\/lexing.ch\\\/#\\\/schema\\\/person\\\/0091f3d1919243ea4e1989a3b50ddcfb\"},\"headline\":\"La conf\u00e9rence mondiale Lexing consacr\u00e9e \u00e0 l&#8217;intelligence artificielle (IA) aura lieu \u00e0 Paris le 14 juin 2018!\",\"datePublished\":\"2018-06-10T08:13:54+00:00\",\"mainEntityOfPage\":{\"@id\":\"https:\\\/\\\/lexing.ch\\\/la-conference-mondiale-lexing-consacree-a-lintelligence-artificielle-ia-aura-lieu-a-paris-le-14-juin-2018\\\/\"},\"wordCount\":252,\"commentCount\":0,\"publisher\":{\"@id\":\"https:\\\/\\\/lexing.ch\\\/#organization\"},\"image\":{\"@id\":\"https:\\\/\\\/lexing.ch\\\/la-conference-mondiale-lexing-consacree-a-lintelligence-artificielle-ia-aura-lieu-a-paris-le-14-juin-2018\\\/#primaryimage\"},\"thumbnailUrl\":\"https:\\\/\\\/lexing.ch\\\/wp-content\\\/uploads\\\/2018\\\/06\\\/artificial-intelligence.jpg\",\"keywords\":[\"algorithmes\",\"IA\",\"voiture autonome\",\"ville intelligente\",\"contrats intelligents\",\"AI\",\"Lexing\",\"RGPD\",\"GDPR\"],\"articleSection\":[\"News\"],\"inLanguage\":\"de\"},{\"@type\":\"WebPage\",\"@id\":\"https:\\\/\\\/lexing.ch\\\/la-conference-mondiale-lexing-consacree-a-lintelligence-artificielle-ia-aura-lieu-a-paris-le-14-juin-2018\\\/\",\"url\":\"https:\\\/\\\/lexing.ch\\\/la-conference-mondiale-lexing-consacree-a-lintelligence-artificielle-ia-aura-lieu-a-paris-le-14-juin-2018\\\/\",\"name\":\"La conf\u00e9rence mondiale Lexing consacr\u00e9e \u00e0 l'intelligence artificielle (IA) aura lieu \u00e0 Paris le 14 juin 2018! - Lexing Switzerland\",\"isPartOf\":{\"@id\":\"https:\\\/\\\/lexing.ch\\\/#website\"},\"primaryImageOfPage\":{\"@id\":\"https:\\\/\\\/lexing.ch\\\/la-conference-mondiale-lexing-consacree-a-lintelligence-artificielle-ia-aura-lieu-a-paris-le-14-juin-2018\\\/#primaryimage\"},\"image\":{\"@id\":\"https:\\\/\\\/lexing.ch\\\/la-conference-mondiale-lexing-consacree-a-lintelligence-artificielle-ia-aura-lieu-a-paris-le-14-juin-2018\\\/#primaryimage\"},\"thumbnailUrl\":\"https:\\\/\\\/lexing.ch\\\/wp-content\\\/uploads\\\/2018\\\/06\\\/artificial-intelligence.jpg\",\"datePublished\":\"2018-06-10T08:13:54+00:00\",\"description\":\"Voitures autonomes, villes intelligentes, contrats intelligents, etc. notre vie quotidienne, personnelle ou professionnelle est de plus en plus gouvern\u00e9e par les algorithmes. Comment cette \u00e9volution est-elle encadr\u00e9e juridiquement ?\",\"breadcrumb\":{\"@id\":\"https:\\\/\\\/lexing.ch\\\/la-conference-mondiale-lexing-consacree-a-lintelligence-artificielle-ia-aura-lieu-a-paris-le-14-juin-2018\\\/#breadcrumb\"},\"inLanguage\":\"de\",\"potentialAction\":[{\"@type\":\"ReadAction\",\"target\":[\"https:\\\/\\\/lexing.ch\\\/la-conference-mondiale-lexing-consacree-a-lintelligence-artificielle-ia-aura-lieu-a-paris-le-14-juin-2018\\\/\"]}]},{\"@type\":\"ImageObject\",\"inLanguage\":\"de\",\"@id\":\"https:\\\/\\\/lexing.ch\\\/la-conference-mondiale-lexing-consacree-a-lintelligence-artificielle-ia-aura-lieu-a-paris-le-14-juin-2018\\\/#primaryimage\",\"url\":\"https:\\\/\\\/lexing.ch\\\/wp-content\\\/uploads\\\/2018\\\/06\\\/artificial-intelligence.jpg\",\"contentUrl\":\"https:\\\/\\\/lexing.ch\\\/wp-content\\\/uploads\\\/2018\\\/06\\\/artificial-intelligence.jpg\",\"width\":\"5805\",\"height\":\"3824\"},{\"@type\":\"BreadcrumbList\",\"@id\":\"https:\\\/\\\/lexing.ch\\\/la-conference-mondiale-lexing-consacree-a-lintelligence-artificielle-ia-aura-lieu-a-paris-le-14-juin-2018\\\/#breadcrumb\",\"itemListElement\":[{\"@type\":\"ListItem\",\"position\":1,\"name\":\"Accueil\",\"item\":\"https:\\\/\\\/lexing.ch\\\/de\\\/\"},{\"@type\":\"ListItem\",\"position\":2,\"name\":\"La conf\u00e9rence mondiale Lexing consacr\u00e9e \u00e0 l&rsquo;intelligence artificielle (IA) aura lieu \u00e0 Paris le 14 juin 2018!\"}]},{\"@type\":\"WebSite\",\"@id\":\"https:\\\/\\\/lexing.ch\\\/#website\",\"url\":\"https:\\\/\\\/lexing.ch\\\/\",\"name\":\"Lexing Switzerland\",\"description\":\"Common sense. Innovative solutions.\",\"publisher\":{\"@id\":\"https:\\\/\\\/lexing.ch\\\/#organization\"},\"potentialAction\":[{\"@type\":\"SearchAction\",\"target\":{\"@type\":\"EntryPoint\",\"urlTemplate\":\"https:\\\/\\\/lexing.ch\\\/?s={search_term_string}\"},\"query-input\":{\"@type\":\"PropertyValueSpecification\",\"valueRequired\":true,\"valueName\":\"search_term_string\"}}],\"inLanguage\":\"de\"},{\"@type\":\"Organization\",\"@id\":\"https:\\\/\\\/lexing.ch\\\/#organization\",\"name\":\"Lexing.ch\",\"url\":\"https:\\\/\\\/lexing.ch\\\/\",\"logo\":{\"@type\":\"ImageObject\",\"inLanguage\":\"de\",\"@id\":\"https:\\\/\\\/lexing.ch\\\/#\\\/schema\\\/logo\\\/image\\\/\",\"url\":\"https:\\\/\\\/lexing.ch\\\/wp-content\\\/uploads\\\/2018\\\/02\\\/logo-lexing-ch.png\",\"contentUrl\":\"https:\\\/\\\/lexing.ch\\\/wp-content\\\/uploads\\\/2018\\\/02\\\/logo-lexing-ch.png\",\"width\":\"500\",\"height\":\"174\",\"caption\":\"Lexing.ch\"},\"image\":{\"@id\":\"https:\\\/\\\/lexing.ch\\\/#\\\/schema\\\/logo\\\/image\\\/\"},\"sameAs\":[\"https:\\\/\\\/www.facebook.com\\\/Lexing.ch\",\"https:\\\/\\\/x.com\\\/sebastienfanti\"]},{\"@type\":\"Person\",\"@id\":\"https:\\\/\\\/lexing.ch\\\/#\\\/schema\\\/person\\\/0091f3d1919243ea4e1989a3b50ddcfb\",\"name\":\"S\u00e9bastien Fanti\",\"image\":{\"@type\":\"ImageObject\",\"inLanguage\":\"de\",\"@id\":\"https:\\\/\\\/secure.gravatar.com\\\/avatar\\\/4fb338e49d6b8f08bf4237565e3f005f762bdf5c75755363fd2b35a8da164837?s=96&d=mm&r=g\",\"url\":\"https:\\\/\\\/secure.gravatar.com\\\/avatar\\\/4fb338e49d6b8f08bf4237565e3f005f762bdf5c75755363fd2b35a8da164837?s=96&d=mm&r=g\",\"contentUrl\":\"https:\\\/\\\/secure.gravatar.com\\\/avatar\\\/4fb338e49d6b8f08bf4237565e3f005f762bdf5c75755363fd2b35a8da164837?s=96&d=mm&r=g\",\"caption\":\"S\u00e9bastien Fanti\"},\"description\":\"S\u00e9bastien Fanti est un avocat technologue qui participe au d\u00e9bat sur l\u2019avenir des normes en cette mati\u00e8re, avec le souci de l\u2019homme comme point cardinal de r\u00e9flexion. Fanatique de ballon orange (il est aussi agent de joueurs) , il oscille r\u00e9guli\u00e8rement entre le Run and Gun et la d\u00e9fense Diamond and One, soit provoque le d\u00e9bat dans le but de g\u00e9n\u00e9rer prise de conscience et processus vertueux. A l\u2019instar de Maverick (son surnom), la disruption constitue son ADN et les solutions out of the box ont sa pr\u00e9f\u00e9rence.\",\"sameAs\":[\"https:\\\/\\\/lexing.ch\",\"https:\\\/\\\/www.facebook.com\\\/sebastien.fanti\\\/\",\"https:\\\/\\\/www.instagram.com\\\/sebastienfanti\\\/\",\"https:\\\/\\\/www.linkedin.com\\\/in\\\/sebastienfanti\\\/\",\"https:\\\/\\\/x.com\\\/sebastienfanti\",\"https:\\\/\\\/www.youtube.com\\\/user\\\/sebastienfanti\",\"https:\\\/\\\/soundcloud.com\\\/sebastienfanti\"]}]}<\/script>\n<!-- \/ Yoast SEO Premium plugin. -->","yoast_head_json":{"title":"La conf\u00e9rence mondiale Lexing consacr\u00e9e \u00e0 l'intelligence artificielle (IA) aura lieu \u00e0 Paris le 14 juin 2018! - Lexing Switzerland","description":"Voitures autonomes, villes intelligentes, contrats intelligents, etc. notre vie quotidienne, personnelle ou professionnelle est de plus en plus gouvern\u00e9e par les algorithmes. Comment cette \u00e9volution est-elle encadr\u00e9e juridiquement ?","robots":{"index":"index","follow":"follow","max-snippet":"max-snippet:-1","max-image-preview":"max-image-preview:large","max-video-preview":"max-video-preview:-1"},"canonical":"https:\/\/lexing.ch\/la-conference-mondiale-lexing-consacree-a-lintelligence-artificielle-ia-aura-lieu-a-paris-le-14-juin-2018\/","og_locale":"de_DE","og_type":"article","og_title":"La conf\u00e9rence mondiale Lexing consacr\u00e9e \u00e0 l'intelligence artificielle (IA) aura lieu \u00e0 Paris le 14 juin 2018!","og_description":"Voitures autonomes, villes intelligentes, contrats intelligents, etc. notre vie quotidienne, personnelle ou professionnelle est de plus en plus gouvern\u00e9e par les algorithmes. Comment cette \u00e9volution est-elle encadr\u00e9e juridiquement ?","og_url":"https:\/\/lexing.ch\/la-conference-mondiale-lexing-consacree-a-lintelligence-artificielle-ia-aura-lieu-a-paris-le-14-juin-2018\/","og_site_name":"Lexing Switzerland","article_publisher":"https:\/\/www.facebook.com\/Lexing.ch","article_author":"https:\/\/www.facebook.com\/sebastien.fanti\/","article_published_time":"2018-06-10T08:13:54+00:00","og_image":[{"width":1024,"height":675,"url":"https:\/\/lexing.ch\/wp-content\/uploads\/2018\/06\/artificial-intelligence-1024x675.jpg","type":"image\/jpeg"}],"author":"S\u00e9bastien Fanti","twitter_card":"summary_large_image","twitter_description":"Voitures autonomes, villes intelligentes, contrats intelligents, etc. notre vie quotidienne, personnelle ou professionnelle est de plus en plus gouvern\u00e9e par les algorithmes. Comment cette \u00e9volution est-elle encadr\u00e9e juridiquement ?","twitter_image":"https:\/\/lexing.ch\/wp-content\/uploads\/2018\/06\/artificial-intelligence.jpg","twitter_creator":"@sebastienfanti","twitter_site":"@sebastienfanti","twitter_misc":{"Verfasst von":"S\u00e9bastien Fanti","Gesch\u00e4tzte Lesezeit":"1\u00a0Minute"},"schema":{"@context":"https:\/\/schema.org","@graph":[{"@type":"Article","@id":"https:\/\/lexing.ch\/la-conference-mondiale-lexing-consacree-a-lintelligence-artificielle-ia-aura-lieu-a-paris-le-14-juin-2018\/#article","isPartOf":{"@id":"https:\/\/lexing.ch\/la-conference-mondiale-lexing-consacree-a-lintelligence-artificielle-ia-aura-lieu-a-paris-le-14-juin-2018\/"},"author":{"name":"S\u00e9bastien Fanti","@id":"https:\/\/lexing.ch\/#\/schema\/person\/0091f3d1919243ea4e1989a3b50ddcfb"},"headline":"La conf\u00e9rence mondiale Lexing consacr\u00e9e \u00e0 l&#8217;intelligence artificielle (IA) aura lieu \u00e0 Paris le 14 juin 2018!","datePublished":"2018-06-10T08:13:54+00:00","mainEntityOfPage":{"@id":"https:\/\/lexing.ch\/la-conference-mondiale-lexing-consacree-a-lintelligence-artificielle-ia-aura-lieu-a-paris-le-14-juin-2018\/"},"wordCount":252,"commentCount":0,"publisher":{"@id":"https:\/\/lexing.ch\/#organization"},"image":{"@id":"https:\/\/lexing.ch\/la-conference-mondiale-lexing-consacree-a-lintelligence-artificielle-ia-aura-lieu-a-paris-le-14-juin-2018\/#primaryimage"},"thumbnailUrl":"https:\/\/lexing.ch\/wp-content\/uploads\/2018\/06\/artificial-intelligence.jpg","keywords":["algorithmes","IA","voiture autonome","ville intelligente","contrats intelligents","AI","Lexing","RGPD","GDPR"],"articleSection":["News"],"inLanguage":"de"},{"@type":"WebPage","@id":"https:\/\/lexing.ch\/la-conference-mondiale-lexing-consacree-a-lintelligence-artificielle-ia-aura-lieu-a-paris-le-14-juin-2018\/","url":"https:\/\/lexing.ch\/la-conference-mondiale-lexing-consacree-a-lintelligence-artificielle-ia-aura-lieu-a-paris-le-14-juin-2018\/","name":"La conf\u00e9rence mondiale Lexing consacr\u00e9e \u00e0 l'intelligence artificielle (IA) aura lieu \u00e0 Paris le 14 juin 2018! - Lexing Switzerland","isPartOf":{"@id":"https:\/\/lexing.ch\/#website"},"primaryImageOfPage":{"@id":"https:\/\/lexing.ch\/la-conference-mondiale-lexing-consacree-a-lintelligence-artificielle-ia-aura-lieu-a-paris-le-14-juin-2018\/#primaryimage"},"image":{"@id":"https:\/\/lexing.ch\/la-conference-mondiale-lexing-consacree-a-lintelligence-artificielle-ia-aura-lieu-a-paris-le-14-juin-2018\/#primaryimage"},"thumbnailUrl":"https:\/\/lexing.ch\/wp-content\/uploads\/2018\/06\/artificial-intelligence.jpg","datePublished":"2018-06-10T08:13:54+00:00","description":"Voitures autonomes, villes intelligentes, contrats intelligents, etc. notre vie quotidienne, personnelle ou professionnelle est de plus en plus gouvern\u00e9e par les algorithmes. Comment cette \u00e9volution est-elle encadr\u00e9e juridiquement ?","breadcrumb":{"@id":"https:\/\/lexing.ch\/la-conference-mondiale-lexing-consacree-a-lintelligence-artificielle-ia-aura-lieu-a-paris-le-14-juin-2018\/#breadcrumb"},"inLanguage":"de","potentialAction":[{"@type":"ReadAction","target":["https:\/\/lexing.ch\/la-conference-mondiale-lexing-consacree-a-lintelligence-artificielle-ia-aura-lieu-a-paris-le-14-juin-2018\/"]}]},{"@type":"ImageObject","inLanguage":"de","@id":"https:\/\/lexing.ch\/la-conference-mondiale-lexing-consacree-a-lintelligence-artificielle-ia-aura-lieu-a-paris-le-14-juin-2018\/#primaryimage","url":"https:\/\/lexing.ch\/wp-content\/uploads\/2018\/06\/artificial-intelligence.jpg","contentUrl":"https:\/\/lexing.ch\/wp-content\/uploads\/2018\/06\/artificial-intelligence.jpg","width":"5805","height":"3824"},{"@type":"BreadcrumbList","@id":"https:\/\/lexing.ch\/la-conference-mondiale-lexing-consacree-a-lintelligence-artificielle-ia-aura-lieu-a-paris-le-14-juin-2018\/#breadcrumb","itemListElement":[{"@type":"ListItem","position":1,"name":"Accueil","item":"https:\/\/lexing.ch\/de\/"},{"@type":"ListItem","position":2,"name":"La conf\u00e9rence mondiale Lexing consacr\u00e9e \u00e0 l&rsquo;intelligence artificielle (IA) aura lieu \u00e0 Paris le 14 juin 2018!"}]},{"@type":"WebSite","@id":"https:\/\/lexing.ch\/#website","url":"https:\/\/lexing.ch\/","name":"Lexing Switzerland","description":"Common sense. Innovative solutions.","publisher":{"@id":"https:\/\/lexing.ch\/#organization"},"potentialAction":[{"@type":"SearchAction","target":{"@type":"EntryPoint","urlTemplate":"https:\/\/lexing.ch\/?s={search_term_string}"},"query-input":{"@type":"PropertyValueSpecification","valueRequired":true,"valueName":"search_term_string"}}],"inLanguage":"de"},{"@type":"Organization","@id":"https:\/\/lexing.ch\/#organization","name":"Lexing.ch","url":"https:\/\/lexing.ch\/","logo":{"@type":"ImageObject","inLanguage":"de","@id":"https:\/\/lexing.ch\/#\/schema\/logo\/image\/","url":"https:\/\/lexing.ch\/wp-content\/uploads\/2018\/02\/logo-lexing-ch.png","contentUrl":"https:\/\/lexing.ch\/wp-content\/uploads\/2018\/02\/logo-lexing-ch.png","width":"500","height":"174","caption":"Lexing.ch"},"image":{"@id":"https:\/\/lexing.ch\/#\/schema\/logo\/image\/"},"sameAs":["https:\/\/www.facebook.com\/Lexing.ch","https:\/\/x.com\/sebastienfanti"]},{"@type":"Person","@id":"https:\/\/lexing.ch\/#\/schema\/person\/0091f3d1919243ea4e1989a3b50ddcfb","name":"S\u00e9bastien Fanti","image":{"@type":"ImageObject","inLanguage":"de","@id":"https:\/\/secure.gravatar.com\/avatar\/4fb338e49d6b8f08bf4237565e3f005f762bdf5c75755363fd2b35a8da164837?s=96&d=mm&r=g","url":"https:\/\/secure.gravatar.com\/avatar\/4fb338e49d6b8f08bf4237565e3f005f762bdf5c75755363fd2b35a8da164837?s=96&d=mm&r=g","contentUrl":"https:\/\/secure.gravatar.com\/avatar\/4fb338e49d6b8f08bf4237565e3f005f762bdf5c75755363fd2b35a8da164837?s=96&d=mm&r=g","caption":"S\u00e9bastien Fanti"},"description":"S\u00e9bastien Fanti est un avocat technologue qui participe au d\u00e9bat sur l\u2019avenir des normes en cette mati\u00e8re, avec le souci de l\u2019homme comme point cardinal de r\u00e9flexion. Fanatique de ballon orange (il est aussi agent de joueurs) , il oscille r\u00e9guli\u00e8rement entre le Run and Gun et la d\u00e9fense Diamond and One, soit provoque le d\u00e9bat dans le but de g\u00e9n\u00e9rer prise de conscience et processus vertueux. A l\u2019instar de Maverick (son surnom), la disruption constitue son ADN et les solutions out of the box ont sa pr\u00e9f\u00e9rence.","sameAs":["https:\/\/lexing.ch","https:\/\/www.facebook.com\/sebastien.fanti\/","https:\/\/www.instagram.com\/sebastienfanti\/","https:\/\/www.linkedin.com\/in\/sebastienfanti\/","https:\/\/x.com\/sebastienfanti","https:\/\/www.youtube.com\/user\/sebastienfanti","https:\/\/soundcloud.com\/sebastienfanti"]}]}},"acf":[],"_links":{"self":[{"href":"https:\/\/lexing.ch\/de\/wp-json\/wp\/v2\/posts\/39683","targetHints":{"allow":["GET"]}}],"collection":[{"href":"https:\/\/lexing.ch\/de\/wp-json\/wp\/v2\/posts"}],"about":[{"href":"https:\/\/lexing.ch\/de\/wp-json\/wp\/v2\/types\/post"}],"author":[{"embeddable":true,"href":"https:\/\/lexing.ch\/de\/wp-json\/wp\/v2\/users\/22"}],"replies":[{"embeddable":true,"href":"https:\/\/lexing.ch\/de\/wp-json\/wp\/v2\/comments?post=39683"}],"version-history":[{"count":1,"href":"https:\/\/lexing.ch\/de\/wp-json\/wp\/v2\/posts\/39683\/revisions"}],"predecessor-version":[{"id":39688,"href":"https:\/\/lexing.ch\/de\/wp-json\/wp\/v2\/posts\/39683\/revisions\/39688"}],"wp:featuredmedia":[{"embeddable":true,"href":"https:\/\/lexing.ch\/de\/wp-json\/wp\/v2\/media\/39684"}],"wp:attachment":[{"href":"https:\/\/lexing.ch\/de\/wp-json\/wp\/v2\/media?parent=39683"}],"wp:term":[{"taxonomy":"category","embeddable":true,"href":"https:\/\/lexing.ch\/de\/wp-json\/wp\/v2\/categories?post=39683"},{"taxonomy":"post_tag","embeddable":true,"href":"https:\/\/lexing.ch\/de\/wp-json\/wp\/v2\/tags?post=39683"}],"curies":[{"name":"wp","href":"https:\/\/api.w.org\/{rel}","templated":true}]}}