{"id":39189,"date":"2018-02-18T11:35:32","date_gmt":"2018-02-18T10:35:32","guid":{"rendered":"http:\/\/lexing.ch\/commission-vie-privee-belge-remporte-premier-round-face-a-facebook\/"},"modified":"2018-02-18T11:35:32","modified_gmt":"2018-02-18T10:35:32","slug":"commission-vie-privee-belge-remporte-premier-round-face-a-facebook","status":"publish","type":"post","link":"https:\/\/lexing.ch\/de\/commission-vie-privee-belge-remporte-premier-round-face-a-facebook\/","title":{"rendered":"L&#8217;autorit\u00e9 de protection des donn\u00e9es belge remporte le premier round face \u00e0 Facebook!"},"content":{"rendered":"<p>Le Tribunal de premi\u00e8re instance de Bruxelles a inflig\u00e9, <a href=\"https:\/\/www.privacycommission.be\/sites\/privacycommission\/files\/documents\/jugement_facebook_16022018.pdf\" target=\"_blank\" rel=\"noopener\">par son jugement du 16 f\u00e9vrier 2018<\/a>, une s\u00e9v\u00e8re d\u00e9faite au g\u00e9ant Facebook en suivant int\u00e9gralement l&#8217;argumentaire dress\u00e9 par la Commission de la vie priv\u00e9e belge (Autorit\u00e9 de protection des donn\u00e9es \u00e0 partir du 26 mai 2018).<\/p>\n<p>Comme \u00e0 son habitude Facebook avait tout d&#8217;abord contest\u00e9 la comp\u00e9tence des autorit\u00e9s judiciaires belges vis-\u00e0-vis de sa soci\u00e9t\u00e9 m\u00e8re am\u00e9ricaine et de sa filiale irlandaise. Le Tribunal a quant \u00e0 lui consid\u00e9r\u00e9 qu&#8217;il \u00e9tait en droit de d\u00e9terminer si Facebook respecte la l\u00e9gislation belge en mati\u00e8re de vie priv\u00e9e, d\u00e8s lors que le comportement de navigation des internautes en Belgique fait l&#8217;objet d&#8217;un suivi de la part de la firme am\u00e9ricaine.<\/p>\n<div>Se fondant sur une enqu\u00eate de la Commission, le Tribunal a ensuite analys\u00e9 le respect des normes l\u00e9gales en mati\u00e8re de vie priv\u00e9e.<\/div>\n<div><\/div>\n<div>Factuellement, il a \u00e9t\u00e9 \u00e9tabli que:<\/div>\n<div><\/div>\n<ul>\n<li>Facebook collecte des informations sur nous tous lorsque nous naviguons sur Internet.<\/li>\n<li>\u00c0 cette fin, Facebook a recours \u00e0 diff\u00e9rentes technologies, comme les c\u00e9l\u00e8bres \u00ab cookies \u00bb ou les \u00ab social plug-ins \u00bb\u00a0 (par exemple, les boutons \u00ab J&#8217;aime \u00bb ou \u00ab Partager \u00bb) ou encore les \u00ab pixels \u00bb qui sont invisibles \u00e0 l&#8217;\u0153il nu.<\/li>\n<li>Il les utilise sur son site Internet, mais aussi et surtout sur les sites Internet de tiers.<\/li>\n<\/ul>\n<div><\/div>\n<div>Ainsi, l&#8217;enqu\u00eate r\u00e9v\u00e8le que m\u00eame si vous n&#8217;avez jamais p\u00e9n\u00e9tr\u00e9 sur le domaine Facebook, Facebook est quand m\u00eame en mesure de suivre votre comportement de navigation sans que vous ne le sachiez, et a fortiori, sans que vous ne le souhaitiez, gr\u00e2ce \u00e0 ces pixels invisibles que Facebook a plac\u00e9s sur plus de 10 000 autres sites.<\/div>\n<div><\/div>\n<div>Le Tribunal a donc retenu \u00e0 l&#8217;instar de la Commission que Facebook:<\/div>\n<ol>\n<li>ne nous informe pas suffisamment sur le fait qu&#8217;il collecte des informations nous concernant, sur la nature des informations collect\u00e9es, sur l&#8217;usage de ces informations et sur d\u00e9lai de conservation de ces derni\u00e8res et<\/li>\n<li>ne re\u00e7oit pas d&#8217;autorisation valable de notre part pour collecter et traiter ces informations.<\/li>\n<\/ol>\n<div class=\"intro clearfix\">En bref donc, le Tribunal ordonne, suivant ainsi les conclusions de la Commission, que:<\/div>\n<div class=\"field field-name-body field-type-text-with-summary field-label-hidden\">\n<div class=\"field-items\">\n<div class=\"field-item even\">\n<ul>\n<li>Facebook cesse de suivre et d&#8217;enregistrer le comportement de navigation des personnes qui surfent depuis la Belgique tant qu&#8217;il ne met pas ses pratiques en conformit\u00e9 avec la l\u00e9gislation belge en mati\u00e8re de vie priv\u00e9e.<\/li>\n<li>Facebook doit \u00e9galement d\u00e9truire toutes les donn\u00e9es \u00e0 caract\u00e8re personnel obtenues ill\u00e9galement.<\/li>\n<li>Facebook doit publier l&#8217;int\u00e9gralit\u00e9 du jugement, qui s&#8217;\u00e9tend sur 84 pages, sur son site Internet et publier les trois derni\u00e8res pages de ce jugement avec les mesures impos\u00e9es dans des journaux papier belges n\u00e9erlandophones et francophones.<\/li>\n<\/ul>\n<\/div>\n<p>Si Facebook devait ne pas respecter le jugement, la soci\u00e9t\u00e9 se verrait contrainte de payer des astreintes \u00e0 la Commission vie priv\u00e9e de 250&#8217;000 euros pas jour de retard, avec un montant maximal de 100 millions d&#8217;euros.<\/p>\n<\/div>\n<p>Cette d\u00e9cision va tr\u00e8s certainement \u00eatre d\u00e9f\u00e9r\u00e9e devant la juridiction sup\u00e9rieure, la Cour d&#8217;appel de Bruxelles, mais elle marque un tournant dans la mani\u00e8re dont les autorit\u00e9 de protection des donn\u00e9es appr\u00e9hendent les traitements de ce type, en augurant de sanctions astronomiques d\u00e8s que le \u00a0RGPD sera entr\u00e9 en vigueur en mai 2018.<\/p>\n<\/div>\n","protected":false},"excerpt":{"rendered":"<p>Le Tribunal de premi\u00e8re instance de Bruxelles a inflig\u00e9, par son jugement du 16 f\u00e9vrier 2018, une s\u00e9v\u00e8re d\u00e9faite au g\u00e9ant Facebook en suivant int\u00e9gralement l&#8217;argumentaire dress\u00e9 par la Commission de la vie priv\u00e9e belge (Autorit\u00e9 de protection des donn\u00e9es \u00e0 partir du 26 mai 2018). Comme \u00e0 son habitude Facebook avait tout d&#8217;abord contest\u00e9 [&hellip;]<\/p>\n","protected":false},"author":22,"featured_media":38357,"comment_status":"open","ping_status":"open","sticky":false,"template":"","format":"standard","meta":{"_acf_changed":false,"footnotes":""},"categories":[333],"tags":[],"class_list":["post-39189","post","type-post","status-publish","format-standard","has-post-thumbnail","hentry","category-news-de"],"yoast_head":"<!-- This site is optimized with the Yoast SEO Premium plugin v20.11 (Yoast SEO v27.3) - https:\/\/yoast.com\/product\/yoast-seo-premium-wordpress\/ -->\n<title>L&#039;autorit\u00e9 de protection des donn\u00e9es belge remporte le premier round face \u00e0 Facebook! - Lexing Switzerland<\/title>\n<meta name=\"robots\" content=\"index, follow, max-snippet:-1, max-image-preview:large, max-video-preview:-1\" \/>\n<link rel=\"canonical\" href=\"https:\/\/lexing.ch\/de\/commission-vie-privee-belge-remporte-premier-round-face-a-facebook\/\" \/>\n<meta property=\"og:locale\" content=\"de_DE\" \/>\n<meta property=\"og:type\" content=\"article\" \/>\n<meta property=\"og:title\" content=\"L&#039;autorit\u00e9 de protection des donn\u00e9es belge remporte le premier round face \u00e0 Facebook!\" \/>\n<meta property=\"og:description\" content=\"Le Tribunal de premi\u00e8re instance de Bruxelles a inflig\u00e9, par son jugement du 16 f\u00e9vrier 2018, une s\u00e9v\u00e8re d\u00e9faite au g\u00e9ant Facebook en suivant int\u00e9gralement l&#8217;argumentaire dress\u00e9 par la Commission de la vie priv\u00e9e belge (Autorit\u00e9 de protection des donn\u00e9es \u00e0 partir du 26 mai 2018). Comme \u00e0 son habitude Facebook avait tout d&#8217;abord contest\u00e9 [&hellip;]\" \/>\n<meta property=\"og:url\" content=\"https:\/\/lexing.ch\/de\/commission-vie-privee-belge-remporte-premier-round-face-a-facebook\/\" \/>\n<meta property=\"og:site_name\" content=\"Lexing Switzerland\" \/>\n<meta property=\"article:publisher\" content=\"https:\/\/www.facebook.com\/Lexing.ch\" \/>\n<meta property=\"article:author\" content=\"https:\/\/www.facebook.com\/sebastien.fanti\/\" \/>\n<meta property=\"article:published_time\" content=\"2018-02-18T10:35:32+00:00\" \/>\n<meta property=\"og:image\" content=\"https:\/\/lexing.ch\/wp-content\/uploads\/2018\/02\/facebook.jpg\" \/>\n\t<meta property=\"og:image:width\" content=\"3000\" \/>\n\t<meta property=\"og:image:height\" content=\"1885\" \/>\n\t<meta property=\"og:image:type\" content=\"image\/jpeg\" \/>\n<meta name=\"author\" content=\"S\u00e9bastien Fanti\" \/>\n<meta name=\"twitter:card\" content=\"summary_large_image\" \/>\n<meta name=\"twitter:creator\" content=\"@sebastienfanti\" \/>\n<meta name=\"twitter:site\" content=\"@sebastienfanti\" \/>\n<meta name=\"twitter:label1\" content=\"Verfasst von\" \/>\n\t<meta name=\"twitter:data1\" content=\"S\u00e9bastien Fanti\" \/>\n\t<meta name=\"twitter:label2\" content=\"Gesch\u00e4tzte Lesezeit\" \/>\n\t<meta name=\"twitter:data2\" content=\"3\u00a0Minuten\" \/>\n<script type=\"application\/ld+json\" class=\"yoast-schema-graph\">{\"@context\":\"https:\\\/\\\/schema.org\",\"@graph\":[{\"@type\":\"Article\",\"@id\":\"https:\\\/\\\/lexing.ch\\\/de\\\/commission-vie-privee-belge-remporte-premier-round-face-a-facebook\\\/#article\",\"isPartOf\":{\"@id\":\"https:\\\/\\\/lexing.ch\\\/de\\\/commission-vie-privee-belge-remporte-premier-round-face-a-facebook\\\/\"},\"author\":{\"name\":\"S\u00e9bastien Fanti\",\"@id\":\"https:\\\/\\\/lexing.ch\\\/#\\\/schema\\\/person\\\/0091f3d1919243ea4e1989a3b50ddcfb\"},\"headline\":\"L&#8217;autorit\u00e9 de protection des donn\u00e9es belge remporte le premier round face \u00e0 Facebook!\",\"datePublished\":\"2018-02-18T10:35:32+00:00\",\"mainEntityOfPage\":{\"@id\":\"https:\\\/\\\/lexing.ch\\\/de\\\/commission-vie-privee-belge-remporte-premier-round-face-a-facebook\\\/\"},\"wordCount\":592,\"commentCount\":0,\"publisher\":{\"@id\":\"https:\\\/\\\/lexing.ch\\\/#organization\"},\"image\":{\"@id\":\"https:\\\/\\\/lexing.ch\\\/de\\\/commission-vie-privee-belge-remporte-premier-round-face-a-facebook\\\/#primaryimage\"},\"thumbnailUrl\":\"https:\\\/\\\/lexing.ch\\\/wp-content\\\/uploads\\\/2018\\\/02\\\/facebook.jpg\",\"articleSection\":[\"News\"],\"inLanguage\":\"de\"},{\"@type\":\"WebPage\",\"@id\":\"https:\\\/\\\/lexing.ch\\\/de\\\/commission-vie-privee-belge-remporte-premier-round-face-a-facebook\\\/\",\"url\":\"https:\\\/\\\/lexing.ch\\\/de\\\/commission-vie-privee-belge-remporte-premier-round-face-a-facebook\\\/\",\"name\":\"L'autorit\u00e9 de protection des donn\u00e9es belge remporte le premier round face \u00e0 Facebook! - Lexing Switzerland\",\"isPartOf\":{\"@id\":\"https:\\\/\\\/lexing.ch\\\/#website\"},\"primaryImageOfPage\":{\"@id\":\"https:\\\/\\\/lexing.ch\\\/de\\\/commission-vie-privee-belge-remporte-premier-round-face-a-facebook\\\/#primaryimage\"},\"image\":{\"@id\":\"https:\\\/\\\/lexing.ch\\\/de\\\/commission-vie-privee-belge-remporte-premier-round-face-a-facebook\\\/#primaryimage\"},\"thumbnailUrl\":\"https:\\\/\\\/lexing.ch\\\/wp-content\\\/uploads\\\/2018\\\/02\\\/facebook.jpg\",\"datePublished\":\"2018-02-18T10:35:32+00:00\",\"breadcrumb\":{\"@id\":\"https:\\\/\\\/lexing.ch\\\/de\\\/commission-vie-privee-belge-remporte-premier-round-face-a-facebook\\\/#breadcrumb\"},\"inLanguage\":\"de\",\"potentialAction\":[{\"@type\":\"ReadAction\",\"target\":[\"https:\\\/\\\/lexing.ch\\\/de\\\/commission-vie-privee-belge-remporte-premier-round-face-a-facebook\\\/\"]}]},{\"@type\":\"ImageObject\",\"inLanguage\":\"de\",\"@id\":\"https:\\\/\\\/lexing.ch\\\/de\\\/commission-vie-privee-belge-remporte-premier-round-face-a-facebook\\\/#primaryimage\",\"url\":\"https:\\\/\\\/lexing.ch\\\/wp-content\\\/uploads\\\/2018\\\/02\\\/facebook.jpg\",\"contentUrl\":\"https:\\\/\\\/lexing.ch\\\/wp-content\\\/uploads\\\/2018\\\/02\\\/facebook.jpg\",\"width\":3000,\"height\":1885},{\"@type\":\"BreadcrumbList\",\"@id\":\"https:\\\/\\\/lexing.ch\\\/de\\\/commission-vie-privee-belge-remporte-premier-round-face-a-facebook\\\/#breadcrumb\",\"itemListElement\":[{\"@type\":\"ListItem\",\"position\":1,\"name\":\"Accueil\",\"item\":\"https:\\\/\\\/lexing.ch\\\/de\\\/\"},{\"@type\":\"ListItem\",\"position\":2,\"name\":\"L&#8217;autorit\u00e9 de protection des donn\u00e9es belge remporte le premier round face \u00e0 Facebook!\"}]},{\"@type\":\"WebSite\",\"@id\":\"https:\\\/\\\/lexing.ch\\\/#website\",\"url\":\"https:\\\/\\\/lexing.ch\\\/\",\"name\":\"Lexing Switzerland\",\"description\":\"Common sense. Innovative solutions.\",\"publisher\":{\"@id\":\"https:\\\/\\\/lexing.ch\\\/#organization\"},\"potentialAction\":[{\"@type\":\"SearchAction\",\"target\":{\"@type\":\"EntryPoint\",\"urlTemplate\":\"https:\\\/\\\/lexing.ch\\\/?s={search_term_string}\"},\"query-input\":{\"@type\":\"PropertyValueSpecification\",\"valueRequired\":true,\"valueName\":\"search_term_string\"}}],\"inLanguage\":\"de\"},{\"@type\":\"Organization\",\"@id\":\"https:\\\/\\\/lexing.ch\\\/#organization\",\"name\":\"Lexing.ch\",\"url\":\"https:\\\/\\\/lexing.ch\\\/\",\"logo\":{\"@type\":\"ImageObject\",\"inLanguage\":\"de\",\"@id\":\"https:\\\/\\\/lexing.ch\\\/#\\\/schema\\\/logo\\\/image\\\/\",\"url\":\"https:\\\/\\\/lexing.ch\\\/wp-content\\\/uploads\\\/2018\\\/02\\\/logo-lexing-ch.png\",\"contentUrl\":\"https:\\\/\\\/lexing.ch\\\/wp-content\\\/uploads\\\/2018\\\/02\\\/logo-lexing-ch.png\",\"width\":\"500\",\"height\":\"174\",\"caption\":\"Lexing.ch\"},\"image\":{\"@id\":\"https:\\\/\\\/lexing.ch\\\/#\\\/schema\\\/logo\\\/image\\\/\"},\"sameAs\":[\"https:\\\/\\\/www.facebook.com\\\/Lexing.ch\",\"https:\\\/\\\/x.com\\\/sebastienfanti\"]},{\"@type\":\"Person\",\"@id\":\"https:\\\/\\\/lexing.ch\\\/#\\\/schema\\\/person\\\/0091f3d1919243ea4e1989a3b50ddcfb\",\"name\":\"S\u00e9bastien Fanti\",\"image\":{\"@type\":\"ImageObject\",\"inLanguage\":\"de\",\"@id\":\"https:\\\/\\\/secure.gravatar.com\\\/avatar\\\/4fb338e49d6b8f08bf4237565e3f005f762bdf5c75755363fd2b35a8da164837?s=96&d=mm&r=g\",\"url\":\"https:\\\/\\\/secure.gravatar.com\\\/avatar\\\/4fb338e49d6b8f08bf4237565e3f005f762bdf5c75755363fd2b35a8da164837?s=96&d=mm&r=g\",\"contentUrl\":\"https:\\\/\\\/secure.gravatar.com\\\/avatar\\\/4fb338e49d6b8f08bf4237565e3f005f762bdf5c75755363fd2b35a8da164837?s=96&d=mm&r=g\",\"caption\":\"S\u00e9bastien Fanti\"},\"description\":\"S\u00e9bastien Fanti est un avocat technologue qui participe au d\u00e9bat sur l\u2019avenir des normes en cette mati\u00e8re, avec le souci de l\u2019homme comme point cardinal de r\u00e9flexion. Fanatique de ballon orange (il est aussi agent de joueurs) , il oscille r\u00e9guli\u00e8rement entre le Run and Gun et la d\u00e9fense Diamond and One, soit provoque le d\u00e9bat dans le but de g\u00e9n\u00e9rer prise de conscience et processus vertueux. A l\u2019instar de Maverick (son surnom), la disruption constitue son ADN et les solutions out of the box ont sa pr\u00e9f\u00e9rence.\",\"sameAs\":[\"https:\\\/\\\/lexing.ch\",\"https:\\\/\\\/www.facebook.com\\\/sebastien.fanti\\\/\",\"https:\\\/\\\/www.instagram.com\\\/sebastienfanti\\\/\",\"https:\\\/\\\/www.linkedin.com\\\/in\\\/sebastienfanti\\\/\",\"https:\\\/\\\/x.com\\\/sebastienfanti\",\"https:\\\/\\\/www.youtube.com\\\/user\\\/sebastienfanti\",\"https:\\\/\\\/soundcloud.com\\\/sebastienfanti\"]}]}<\/script>\n<!-- \/ Yoast SEO Premium plugin. -->","yoast_head_json":{"title":"L'autorit\u00e9 de protection des donn\u00e9es belge remporte le premier round face \u00e0 Facebook! - Lexing Switzerland","robots":{"index":"index","follow":"follow","max-snippet":"max-snippet:-1","max-image-preview":"max-image-preview:large","max-video-preview":"max-video-preview:-1"},"canonical":"https:\/\/lexing.ch\/de\/commission-vie-privee-belge-remporte-premier-round-face-a-facebook\/","og_locale":"de_DE","og_type":"article","og_title":"L'autorit\u00e9 de protection des donn\u00e9es belge remporte le premier round face \u00e0 Facebook!","og_description":"Le Tribunal de premi\u00e8re instance de Bruxelles a inflig\u00e9, par son jugement du 16 f\u00e9vrier 2018, une s\u00e9v\u00e8re d\u00e9faite au g\u00e9ant Facebook en suivant int\u00e9gralement l&#8217;argumentaire dress\u00e9 par la Commission de la vie priv\u00e9e belge (Autorit\u00e9 de protection des donn\u00e9es \u00e0 partir du 26 mai 2018). Comme \u00e0 son habitude Facebook avait tout d&#8217;abord contest\u00e9 [&hellip;]","og_url":"https:\/\/lexing.ch\/de\/commission-vie-privee-belge-remporte-premier-round-face-a-facebook\/","og_site_name":"Lexing Switzerland","article_publisher":"https:\/\/www.facebook.com\/Lexing.ch","article_author":"https:\/\/www.facebook.com\/sebastien.fanti\/","article_published_time":"2018-02-18T10:35:32+00:00","og_image":[{"width":3000,"height":1885,"url":"https:\/\/lexing.ch\/wp-content\/uploads\/2018\/02\/facebook.jpg","type":"image\/jpeg"}],"author":"S\u00e9bastien Fanti","twitter_card":"summary_large_image","twitter_creator":"@sebastienfanti","twitter_site":"@sebastienfanti","twitter_misc":{"Verfasst von":"S\u00e9bastien Fanti","Gesch\u00e4tzte Lesezeit":"3\u00a0Minuten"},"schema":{"@context":"https:\/\/schema.org","@graph":[{"@type":"Article","@id":"https:\/\/lexing.ch\/de\/commission-vie-privee-belge-remporte-premier-round-face-a-facebook\/#article","isPartOf":{"@id":"https:\/\/lexing.ch\/de\/commission-vie-privee-belge-remporte-premier-round-face-a-facebook\/"},"author":{"name":"S\u00e9bastien Fanti","@id":"https:\/\/lexing.ch\/#\/schema\/person\/0091f3d1919243ea4e1989a3b50ddcfb"},"headline":"L&#8217;autorit\u00e9 de protection des donn\u00e9es belge remporte le premier round face \u00e0 Facebook!","datePublished":"2018-02-18T10:35:32+00:00","mainEntityOfPage":{"@id":"https:\/\/lexing.ch\/de\/commission-vie-privee-belge-remporte-premier-round-face-a-facebook\/"},"wordCount":592,"commentCount":0,"publisher":{"@id":"https:\/\/lexing.ch\/#organization"},"image":{"@id":"https:\/\/lexing.ch\/de\/commission-vie-privee-belge-remporte-premier-round-face-a-facebook\/#primaryimage"},"thumbnailUrl":"https:\/\/lexing.ch\/wp-content\/uploads\/2018\/02\/facebook.jpg","articleSection":["News"],"inLanguage":"de"},{"@type":"WebPage","@id":"https:\/\/lexing.ch\/de\/commission-vie-privee-belge-remporte-premier-round-face-a-facebook\/","url":"https:\/\/lexing.ch\/de\/commission-vie-privee-belge-remporte-premier-round-face-a-facebook\/","name":"L'autorit\u00e9 de protection des donn\u00e9es belge remporte le premier round face \u00e0 Facebook! - Lexing Switzerland","isPartOf":{"@id":"https:\/\/lexing.ch\/#website"},"primaryImageOfPage":{"@id":"https:\/\/lexing.ch\/de\/commission-vie-privee-belge-remporte-premier-round-face-a-facebook\/#primaryimage"},"image":{"@id":"https:\/\/lexing.ch\/de\/commission-vie-privee-belge-remporte-premier-round-face-a-facebook\/#primaryimage"},"thumbnailUrl":"https:\/\/lexing.ch\/wp-content\/uploads\/2018\/02\/facebook.jpg","datePublished":"2018-02-18T10:35:32+00:00","breadcrumb":{"@id":"https:\/\/lexing.ch\/de\/commission-vie-privee-belge-remporte-premier-round-face-a-facebook\/#breadcrumb"},"inLanguage":"de","potentialAction":[{"@type":"ReadAction","target":["https:\/\/lexing.ch\/de\/commission-vie-privee-belge-remporte-premier-round-face-a-facebook\/"]}]},{"@type":"ImageObject","inLanguage":"de","@id":"https:\/\/lexing.ch\/de\/commission-vie-privee-belge-remporte-premier-round-face-a-facebook\/#primaryimage","url":"https:\/\/lexing.ch\/wp-content\/uploads\/2018\/02\/facebook.jpg","contentUrl":"https:\/\/lexing.ch\/wp-content\/uploads\/2018\/02\/facebook.jpg","width":3000,"height":1885},{"@type":"BreadcrumbList","@id":"https:\/\/lexing.ch\/de\/commission-vie-privee-belge-remporte-premier-round-face-a-facebook\/#breadcrumb","itemListElement":[{"@type":"ListItem","position":1,"name":"Accueil","item":"https:\/\/lexing.ch\/de\/"},{"@type":"ListItem","position":2,"name":"L&#8217;autorit\u00e9 de protection des donn\u00e9es belge remporte le premier round face \u00e0 Facebook!"}]},{"@type":"WebSite","@id":"https:\/\/lexing.ch\/#website","url":"https:\/\/lexing.ch\/","name":"Lexing Switzerland","description":"Common sense. Innovative solutions.","publisher":{"@id":"https:\/\/lexing.ch\/#organization"},"potentialAction":[{"@type":"SearchAction","target":{"@type":"EntryPoint","urlTemplate":"https:\/\/lexing.ch\/?s={search_term_string}"},"query-input":{"@type":"PropertyValueSpecification","valueRequired":true,"valueName":"search_term_string"}}],"inLanguage":"de"},{"@type":"Organization","@id":"https:\/\/lexing.ch\/#organization","name":"Lexing.ch","url":"https:\/\/lexing.ch\/","logo":{"@type":"ImageObject","inLanguage":"de","@id":"https:\/\/lexing.ch\/#\/schema\/logo\/image\/","url":"https:\/\/lexing.ch\/wp-content\/uploads\/2018\/02\/logo-lexing-ch.png","contentUrl":"https:\/\/lexing.ch\/wp-content\/uploads\/2018\/02\/logo-lexing-ch.png","width":"500","height":"174","caption":"Lexing.ch"},"image":{"@id":"https:\/\/lexing.ch\/#\/schema\/logo\/image\/"},"sameAs":["https:\/\/www.facebook.com\/Lexing.ch","https:\/\/x.com\/sebastienfanti"]},{"@type":"Person","@id":"https:\/\/lexing.ch\/#\/schema\/person\/0091f3d1919243ea4e1989a3b50ddcfb","name":"S\u00e9bastien Fanti","image":{"@type":"ImageObject","inLanguage":"de","@id":"https:\/\/secure.gravatar.com\/avatar\/4fb338e49d6b8f08bf4237565e3f005f762bdf5c75755363fd2b35a8da164837?s=96&d=mm&r=g","url":"https:\/\/secure.gravatar.com\/avatar\/4fb338e49d6b8f08bf4237565e3f005f762bdf5c75755363fd2b35a8da164837?s=96&d=mm&r=g","contentUrl":"https:\/\/secure.gravatar.com\/avatar\/4fb338e49d6b8f08bf4237565e3f005f762bdf5c75755363fd2b35a8da164837?s=96&d=mm&r=g","caption":"S\u00e9bastien Fanti"},"description":"S\u00e9bastien Fanti est un avocat technologue qui participe au d\u00e9bat sur l\u2019avenir des normes en cette mati\u00e8re, avec le souci de l\u2019homme comme point cardinal de r\u00e9flexion. Fanatique de ballon orange (il est aussi agent de joueurs) , il oscille r\u00e9guli\u00e8rement entre le Run and Gun et la d\u00e9fense Diamond and One, soit provoque le d\u00e9bat dans le but de g\u00e9n\u00e9rer prise de conscience et processus vertueux. A l\u2019instar de Maverick (son surnom), la disruption constitue son ADN et les solutions out of the box ont sa pr\u00e9f\u00e9rence.","sameAs":["https:\/\/lexing.ch","https:\/\/www.facebook.com\/sebastien.fanti\/","https:\/\/www.instagram.com\/sebastienfanti\/","https:\/\/www.linkedin.com\/in\/sebastienfanti\/","https:\/\/x.com\/sebastienfanti","https:\/\/www.youtube.com\/user\/sebastienfanti","https:\/\/soundcloud.com\/sebastienfanti"]}]}},"acf":[],"_links":{"self":[{"href":"https:\/\/lexing.ch\/de\/wp-json\/wp\/v2\/posts\/39189","targetHints":{"allow":["GET"]}}],"collection":[{"href":"https:\/\/lexing.ch\/de\/wp-json\/wp\/v2\/posts"}],"about":[{"href":"https:\/\/lexing.ch\/de\/wp-json\/wp\/v2\/types\/post"}],"author":[{"embeddable":true,"href":"https:\/\/lexing.ch\/de\/wp-json\/wp\/v2\/users\/22"}],"replies":[{"embeddable":true,"href":"https:\/\/lexing.ch\/de\/wp-json\/wp\/v2\/comments?post=39189"}],"version-history":[{"count":0,"href":"https:\/\/lexing.ch\/de\/wp-json\/wp\/v2\/posts\/39189\/revisions"}],"wp:featuredmedia":[{"embeddable":true,"href":"https:\/\/lexing.ch\/de\/wp-json\/wp\/v2\/media\/38357"}],"wp:attachment":[{"href":"https:\/\/lexing.ch\/de\/wp-json\/wp\/v2\/media?parent=39189"}],"wp:term":[{"taxonomy":"category","embeddable":true,"href":"https:\/\/lexing.ch\/de\/wp-json\/wp\/v2\/categories?post=39189"},{"taxonomy":"post_tag","embeddable":true,"href":"https:\/\/lexing.ch\/de\/wp-json\/wp\/v2\/tags?post=39189"}],"curies":[{"name":"wp","href":"https:\/\/api.w.org\/{rel}","templated":true}]}}