{"id":39075,"date":"2018-03-08T20:38:35","date_gmt":"2018-03-08T19:38:35","guid":{"rendered":"https:\/\/lexing.ch\/?p=39075"},"modified":"2018-03-08T20:38:35","modified_gmt":"2018-03-08T19:38:35","slug":"le-conseil-federal-exprime-son-apprehension-de-lapplication-du-rgpd-la-route-sera-longue","status":"publish","type":"post","link":"https:\/\/lexing.ch\/de\/le-conseil-federal-exprime-son-apprehension-de-lapplication-du-rgpd-la-route-sera-longue\/","title":{"rendered":"Le Conseil f\u00e9d\u00e9ral exprime son appr\u00e9hension de l&#8217;application du RGPD: la route sera longue!"},"content":{"rendered":"<p>Suite \u00e0 une <a href=\"https:\/\/www.parlament.ch\/fr\/ratsbetrieb\/suche-curia-vista\/geschaeft?AffairId=20174088\">interpellation de la Conseill\u00e8re nationale Doris Fiala<\/a>, le Conseil f\u00e9d\u00e9ral a d\u00fb se prononcer <em>in parte qua<\/em> sur les cons\u00e9quences pour la Suisse de la prochaine entr\u00e9e en vigueur du <a href=\"https:\/\/lexing.ch\/de\/rgpd\/\">R\u00e8glement g\u00e9n\u00e9ral sur la protection des donn\u00e9es<\/a>. Les r\u00e9ponses sont int\u00e9ressantes, m\u00eame si elles ne rec\u00e8lent rien de surprenant. Le constat est par contre amer en ce qu&#8217;il concerne le temps qui sera n\u00e9cessaire pour que la Suisse atteigne \u00e0 nouveau un niveau ad\u00e9quat en mati\u00e8re de protection des donn\u00e9es. Le manque de vision strat\u00e9gique et d&#8217;anticipation fait courir un risque syst\u00e9mique \u00e0 l&#8217;\u00e9conomie suisse, sans m\u00eame \u00e9voquer les entreprises qui pourraient d\u00e9cider de quitter notre pays en cas de d\u00e9cision constatant notre inad\u00e9quation!<\/p>\n<ol>\n<li>L&#8217;UE continuera-t-elle de reconna\u00eetre l&#8217;\u00e9quivalence de la l\u00e9gislation suisse en mati\u00e8re de protection des donn\u00e9es?<br \/>\n<i>Le maintien de la d\u00e9cision d&#8217;ad\u00e9quation de l&#8217;UE est une des priorit\u00e9s du Conseil f\u00e9d\u00e9ral. C&#8217;est dans ce but notamment qu&#8217;il a d\u00e9cid\u00e9 de rapprocher le contenu du projet de loi f\u00e9d\u00e9rale sur la\u00a0protection des donn\u00e9es des exigences du projet de modernisation de la convention STE 108, et du RGPD. Il n&#8217;est \u00e0 l&#8217;heure actuelle pas possible de pr\u00e9voir quand la Commission europ\u00e9enne proc\u00e9dera \u00e0 une nouvelle \u00e9valuation du droit suisse de la protection des donn\u00e9es, ni s&#8217;il en d\u00e9coulera un r\u00e9sultat positif. Si la Suisse veut conserver sa d\u00e9cision d&#8217;ad\u00e9quation, elle doit offrir un niveau de protection comparable \u00e0 l&#8217;UE. Le r\u00e9sultat de l&#8217;\u00e9valuation d\u00e9pendra en grande partie des d\u00e9cisions du Parlement dans le cadre de la r\u00e9vision de la l\u00e9gislation suisse en mati\u00e8re de protection des donn\u00e9es.\u00a0<\/i><i>\u00c9tant donn\u00e9 que la Commission des institutions politiques du Conseil national a d\u00e9cid\u00e9 de scinder le projet et de proc\u00e9der \u00e0 son examen en deux temps, des retards sont probables. Si, lors de sa prochaine \u00e9valuation, la Commission europ\u00e9enne arrive \u00e0 la conclusion que la l\u00e9gislation helv\u00e9tique n&#8217;offre plus un niveau de protection ad\u00e9quat &#8211; parce que la LPD n&#8217;a pas encore \u00e9t\u00e9 r\u00e9vis\u00e9e &#8211; elle pourra r\u00e9voquer, modifier ou suspendre sa d\u00e9cision. L&#8217;\u00e9conomie, et en particulier les PME, s&#8217;en trouveraient p\u00e9nalis\u00e9es. <\/i><\/p>\n<blockquote><p><strong><i>Les donn\u00e9es personnelles en provenance de l&#8217;UE ne pourraient plus \u00eatre transf\u00e9r\u00e9es sans autre en Suisse et des garanties suppl\u00e9mentaires devraient \u00eatre pr\u00e9vues. Ainsi, les entreprises suisses devraient s&#8217;engager contractuellement \u00e0 l&#8217;\u00e9gard des entreprises de l&#8217;UE \u00e0 respecter le niveau de protection europ\u00e9en.<\/i><\/strong><\/p><\/blockquote>\n<\/li>\n<li>Quel est l&#8217;interlocuteur des entreprises suisses (par ex. en mati\u00e8re d&#8217;obligation d&#8217;informer) en ce qui concerne le RGPD et la nouvelle loi sur la protection des donn\u00e9es ? Est-ce le PFPDT, un organe de l&#8217;UE, voire les deux?\u00a0<em>Chaque autorit\u00e9 appliquera son propre droit. Lorsque le responsable du traitement estime \u00eatre soumis tant \u00e0 la LPD qu&#8217;au RGPD, il s&#8217;annoncera au pr\u00e9pos\u00e9 et \u00e0 l&#8217;autorit\u00e9 de contr\u00f4le \u00e9trang\u00e8re comp\u00e9tente.<\/em><\/li>\n<li>Est-ce un organe suisse qui est comp\u00e9tent pour enqu\u00eater sur des entreprises suisses et, le cas \u00e9ch\u00e9ant, leur imposer des sanctions? Selon quelles modalit\u00e9s et quel est cet organe?\u00a0<em>Une enqu\u00eate et le prononc\u00e9 de sanctions contre une entreprise sise en Suisse mais soumise au RGPD seront de la comp\u00e9tence des autorit\u00e9s de contr\u00f4le des \u00c9tats membres de l&#8217;UE. Sans accord de coop\u00e9ration, ces derni\u00e8res ne pourront toutefois pas effectuer des actes d&#8217;enqu\u00eates par elles-m\u00eames en Suisse. Lorsque l&#8217;entreprise est tenue de d\u00e9signer un repr\u00e9sentant dans l&#8217;UE (art. 27 RGPD), les autorit\u00e9s de contr\u00f4le europ\u00e9ennes pourront notifier leurs d\u00e9cisions \u00e0 l&#8217;entreprise suisse par le biais de ce repr\u00e9sentant, sans passer par la voie diplomatique.<\/em><\/li>\n<li>Une entreprise peut-elle \u00eatre sanctionn\u00e9e deux fois pour une m\u00eame infraction, une fois par la Suisse et une fois par l&#8217;UE?\u00a0<em>Cette hypoth\u00e8se n&#8217;est pas exclue. Le principe ne bis in idem (interdiction de la double incrimination) pourrait cependant entrer en ligne de compte s&#8217;agissant d&#8217;un concours entre des amendes administratives de l&#8217;UE et des sanctions p\u00e9nales des autorit\u00e9s de poursuite p\u00e9nale en Suisse.<\/em><\/li>\n<li>Une entreprise peut-elle \u00eatre sanctionn\u00e9e par l&#8217;UE ou par un de ses \u00c9tats membres m\u00eame si elle se conforme au droit suisse?\u00a0<em>Oui, si elles sont soumises au RGPD et qu&#8217;elles y contreviennent.<\/em><\/li>\n<li>Les certifications et les organismes de certification suisses sont-ils reconnus par l&#8217;UE?\u00a0<em>Le RGPD ne pr\u00e9voit pas de proc\u00e9dure de reconnaissance de la part de l&#8217;UE concernant des certifications et des organismes de certification suisses.<\/em><\/li>\n<li>La Suisse est-elle associ\u00e9e \u00e0 l&#8217;\u00e9laboration des normes?\u00a0<em>Le RGPD ne contient aucune disposition pr\u00e9voyant une telle association. Il n&#8217;est toutefois pas exclu que des entreprises suisses puissent \u00eatre impliqu\u00e9es, par exemple dans le cadre de l&#8217;\u00e9laboration de codes de conduites.<\/em><\/li>\n<li>Plusieurs dispositions du RGPD renvoient \u00e0 la l\u00e9gislation des \u00c9tats membres. Quel r\u00f4le joue le droit suisse \u00e0 cet \u00e9gard?\u00a0<em>La Suisse n&#8217;est pas un \u00c9tat membre au sens du RGPD, et ce ind\u00e9pendamment du fait que cet acte puisse s&#8217;appliquer \u00e0 des entreprises suisses en vertu de son article 3 alin\u00e9a 2. Les renvois \u00e0 la l\u00e9gislation des \u00c9tats membres ne visent ainsi pas le droit suisse, qui ne joue d\u00e8s lors aucun r\u00f4le.<\/em><\/li>\n<li>Quelles d\u00e9marches le Conseil f\u00e9d\u00e9ral entend-il prendre pour pallier le manque de coordination aussi rapidement que possible par la voie d&#8217;accords internationaux?\u00a0La conclusion d&#8217;un accord de coop\u00e9ration entre la Suisse et l&#8217;UE prendra vraisemblablement plusieurs ann\u00e9es.<strong>\u00a0<\/strong><i>Les chances de succ\u00e8s d\u00e9pendront de la capacit\u00e9 de la Suisse \u00e0 d\u00e9montrer que sa l\u00e9gislation en mati\u00e8re de protection des donn\u00e9es offre un niveau de protection ad\u00e9quat au sens du RGPD. Pour cette raison, le Conseil f\u00e9d\u00e9ral avait estim\u00e9 opportun d&#8217;attendre le d\u00e9but des travaux parlementaires. Il avait envisag\u00e9 une premi\u00e8re prise de contact avec la Commission europ\u00e9enne d\u00e9but 2018. Compte tenu toutefois de la d\u00e9cision de la Commission\u00a0des institutions politiques du Conseil national du 11 janvier dernier de traiter en priorit\u00e9 les modifications l\u00e9gislatives n\u00e9cessaires \u00e0 la mise en oeuvre de l&#8217;acquis de Schengen, et de traiter les modifications visant \u00e0 se rapprocher des exigences du RGPD dans un deuxi\u00e8me temps, le Conseil f\u00e9d\u00e9ral entend suspendre ses d\u00e9marches pour l&#8217;instant.<\/i><\/li>\n<\/ol>\n","protected":false},"excerpt":{"rendered":"<p>Suite \u00e0 une interpellation de la Conseill\u00e8re nationale Doris Fiala, le Conseil f\u00e9d\u00e9ral a d\u00fb se prononcer in parte qua sur les cons\u00e9quences pour la Suisse de la prochaine entr\u00e9e en vigueur du R\u00e8glement g\u00e9n\u00e9ral sur la protection des donn\u00e9es. Les r\u00e9ponses sont int\u00e9ressantes, m\u00eame si elles ne rec\u00e8lent rien de surprenant. Le constat est [&hellip;]<\/p>\n","protected":false},"author":22,"featured_media":39044,"comment_status":"open","ping_status":"open","sticky":false,"template":"","format":"standard","meta":{"_acf_changed":false,"footnotes":""},"categories":[333],"tags":[1012,1013,1014,1015,1016,1017,518],"class_list":["post-39075","post","type-post","status-publish","format-standard","has-post-thumbnail","hentry","category-news-de","tag-conseil-federal-de","tag-suisse-de","tag-ue-de","tag-apprehension-de","tag-cooperation-de","tag-rgpd-de","tag-gdpr-de","expertise-protection-des-donnees","expertise-rgpd"],"yoast_head":"<!-- This site is optimized with the Yoast SEO Premium plugin v20.11 (Yoast SEO v27.3) - https:\/\/yoast.com\/product\/yoast-seo-premium-wordpress\/ -->\n<title>Le Conseil f\u00e9d\u00e9ral exprime son appr\u00e9hension de l&#039;application du RGPD: la route sera longue! - Lexing Switzerland<\/title>\n<meta name=\"description\" content=\"Le Conseil f\u00e9d\u00e9ral a d\u00fb se prononcer sur les cons\u00e9quences pour la Suisse de l&#039;entr\u00e9e en vigueur du R\u00e8glement g\u00e9n\u00e9ral sur la protection des donn\u00e9es. Les r\u00e9ponses sont int\u00e9ressantes, m\u00eame si elles ne rec\u00e8lent rien de surprenant. Le constat est par contre amer en ce qu&#039;il concerne le temps qui sera n\u00e9cessaire pour que la Suisse atteigne \u00e0 nouveau un niveau ad\u00e9quat en mati\u00e8re de protection des donn\u00e9es.\" \/>\n<meta name=\"robots\" content=\"index, follow, max-snippet:-1, max-image-preview:large, max-video-preview:-1\" \/>\n<link rel=\"canonical\" href=\"https:\/\/lexing.ch\/le-conseil-federal-exprime-son-apprehension-de-lapplication-du-rgpd-la-route-sera-longue\/\" \/>\n<meta property=\"og:locale\" content=\"de_DE\" \/>\n<meta property=\"og:type\" content=\"article\" \/>\n<meta property=\"og:title\" content=\"Le Conseil f\u00e9d\u00e9ral exprime son appr\u00e9hension de l&#039;application du RGPD: la route sera longue!\" \/>\n<meta property=\"og:description\" content=\"Le Conseil f\u00e9d\u00e9ral a d\u00fb se prononcer sur les cons\u00e9quences pour la Suisse de l&#039;entr\u00e9e en vigueur du R\u00e8glement g\u00e9n\u00e9ral sur la protection des donn\u00e9es. Les r\u00e9ponses sont int\u00e9ressantes, m\u00eame si elles ne rec\u00e8lent rien de surprenant. Le constat est par contre amer en ce qu&#039;il concerne le temps qui sera n\u00e9cessaire pour que la Suisse atteigne \u00e0 nouveau un niveau ad\u00e9quat en mati\u00e8re de protection des donn\u00e9es.\" \/>\n<meta property=\"og:url\" content=\"https:\/\/lexing.ch\/le-conseil-federal-exprime-son-apprehension-de-lapplication-du-rgpd-la-route-sera-longue\/\" \/>\n<meta property=\"og:site_name\" content=\"Lexing Switzerland\" \/>\n<meta property=\"article:publisher\" content=\"https:\/\/www.facebook.com\/Lexing.ch\" \/>\n<meta property=\"article:author\" content=\"https:\/\/www.facebook.com\/sebastien.fanti\/\" \/>\n<meta property=\"article:published_time\" content=\"2018-03-08T19:38:35+00:00\" \/>\n<meta property=\"og:image\" content=\"https:\/\/lexing.ch\/wp-content\/uploads\/2018\/03\/photo-1508008731349-65d9806e5330.jpg\" \/>\n\t<meta property=\"og:image:width\" content=\"1292\" \/>\n\t<meta property=\"og:image:height\" content=\"1652\" \/>\n\t<meta property=\"og:image:type\" content=\"image\/jpeg\" \/>\n<meta name=\"author\" content=\"S\u00e9bastien Fanti\" \/>\n<meta name=\"twitter:card\" content=\"summary_large_image\" \/>\n<meta name=\"twitter:creator\" content=\"@sebastienfanti\" \/>\n<meta name=\"twitter:site\" content=\"@sebastienfanti\" \/>\n<meta name=\"twitter:label1\" content=\"Verfasst von\" \/>\n\t<meta name=\"twitter:data1\" content=\"S\u00e9bastien Fanti\" \/>\n\t<meta name=\"twitter:label2\" content=\"Gesch\u00e4tzte Lesezeit\" \/>\n\t<meta name=\"twitter:data2\" content=\"5\u00a0Minuten\" \/>\n<script type=\"application\/ld+json\" class=\"yoast-schema-graph\">{\"@context\":\"https:\\\/\\\/schema.org\",\"@graph\":[{\"@type\":\"Article\",\"@id\":\"https:\\\/\\\/lexing.ch\\\/le-conseil-federal-exprime-son-apprehension-de-lapplication-du-rgpd-la-route-sera-longue\\\/#article\",\"isPartOf\":{\"@id\":\"https:\\\/\\\/lexing.ch\\\/le-conseil-federal-exprime-son-apprehension-de-lapplication-du-rgpd-la-route-sera-longue\\\/\"},\"author\":{\"name\":\"S\u00e9bastien Fanti\",\"@id\":\"https:\\\/\\\/lexing.ch\\\/#\\\/schema\\\/person\\\/0091f3d1919243ea4e1989a3b50ddcfb\"},\"headline\":\"Le Conseil f\u00e9d\u00e9ral exprime son appr\u00e9hension de l&#8217;application du RGPD: la route sera longue!\",\"datePublished\":\"2018-03-08T19:38:35+00:00\",\"mainEntityOfPage\":{\"@id\":\"https:\\\/\\\/lexing.ch\\\/le-conseil-federal-exprime-son-apprehension-de-lapplication-du-rgpd-la-route-sera-longue\\\/\"},\"wordCount\":1162,\"commentCount\":0,\"publisher\":{\"@id\":\"https:\\\/\\\/lexing.ch\\\/#organization\"},\"image\":{\"@id\":\"https:\\\/\\\/lexing.ch\\\/le-conseil-federal-exprime-son-apprehension-de-lapplication-du-rgpd-la-route-sera-longue\\\/#primaryimage\"},\"thumbnailUrl\":\"https:\\\/\\\/lexing.ch\\\/wp-content\\\/uploads\\\/2018\\\/03\\\/photo-1508008731349-65d9806e5330.jpg\",\"keywords\":[\"Conseil f\u00e9d\u00e9ral\",\"Suisse\",\"UE\",\"appr\u00e9hension\",\"coop\u00e9ration\",\"RGPD\",\"GDPR\"],\"articleSection\":[\"News\"],\"inLanguage\":\"de\"},{\"@type\":\"WebPage\",\"@id\":\"https:\\\/\\\/lexing.ch\\\/le-conseil-federal-exprime-son-apprehension-de-lapplication-du-rgpd-la-route-sera-longue\\\/\",\"url\":\"https:\\\/\\\/lexing.ch\\\/le-conseil-federal-exprime-son-apprehension-de-lapplication-du-rgpd-la-route-sera-longue\\\/\",\"name\":\"Le Conseil f\u00e9d\u00e9ral exprime son appr\u00e9hension de l'application du RGPD: la route sera longue! - Lexing Switzerland\",\"isPartOf\":{\"@id\":\"https:\\\/\\\/lexing.ch\\\/#website\"},\"primaryImageOfPage\":{\"@id\":\"https:\\\/\\\/lexing.ch\\\/le-conseil-federal-exprime-son-apprehension-de-lapplication-du-rgpd-la-route-sera-longue\\\/#primaryimage\"},\"image\":{\"@id\":\"https:\\\/\\\/lexing.ch\\\/le-conseil-federal-exprime-son-apprehension-de-lapplication-du-rgpd-la-route-sera-longue\\\/#primaryimage\"},\"thumbnailUrl\":\"https:\\\/\\\/lexing.ch\\\/wp-content\\\/uploads\\\/2018\\\/03\\\/photo-1508008731349-65d9806e5330.jpg\",\"datePublished\":\"2018-03-08T19:38:35+00:00\",\"description\":\"Le Conseil f\u00e9d\u00e9ral a d\u00fb se prononcer sur les cons\u00e9quences pour la Suisse de l'entr\u00e9e en vigueur du R\u00e8glement g\u00e9n\u00e9ral sur la protection des donn\u00e9es. Les r\u00e9ponses sont int\u00e9ressantes, m\u00eame si elles ne rec\u00e8lent rien de surprenant. Le constat est par contre amer en ce qu'il concerne le temps qui sera n\u00e9cessaire pour que la Suisse atteigne \u00e0 nouveau un niveau ad\u00e9quat en mati\u00e8re de protection des donn\u00e9es.\",\"breadcrumb\":{\"@id\":\"https:\\\/\\\/lexing.ch\\\/le-conseil-federal-exprime-son-apprehension-de-lapplication-du-rgpd-la-route-sera-longue\\\/#breadcrumb\"},\"inLanguage\":\"de\",\"potentialAction\":[{\"@type\":\"ReadAction\",\"target\":[\"https:\\\/\\\/lexing.ch\\\/le-conseil-federal-exprime-son-apprehension-de-lapplication-du-rgpd-la-route-sera-longue\\\/\"]}]},{\"@type\":\"ImageObject\",\"inLanguage\":\"de\",\"@id\":\"https:\\\/\\\/lexing.ch\\\/le-conseil-federal-exprime-son-apprehension-de-lapplication-du-rgpd-la-route-sera-longue\\\/#primaryimage\",\"url\":\"https:\\\/\\\/lexing.ch\\\/wp-content\\\/uploads\\\/2018\\\/03\\\/photo-1508008731349-65d9806e5330.jpg\",\"contentUrl\":\"https:\\\/\\\/lexing.ch\\\/wp-content\\\/uploads\\\/2018\\\/03\\\/photo-1508008731349-65d9806e5330.jpg\",\"width\":1292,\"height\":1652},{\"@type\":\"BreadcrumbList\",\"@id\":\"https:\\\/\\\/lexing.ch\\\/le-conseil-federal-exprime-son-apprehension-de-lapplication-du-rgpd-la-route-sera-longue\\\/#breadcrumb\",\"itemListElement\":[{\"@type\":\"ListItem\",\"position\":1,\"name\":\"Accueil\",\"item\":\"https:\\\/\\\/lexing.ch\\\/de\\\/\"},{\"@type\":\"ListItem\",\"position\":2,\"name\":\"Le Conseil f\u00e9d\u00e9ral exprime son appr\u00e9hension de l&rsquo;application du RGPD: la route sera longue!\"}]},{\"@type\":\"WebSite\",\"@id\":\"https:\\\/\\\/lexing.ch\\\/#website\",\"url\":\"https:\\\/\\\/lexing.ch\\\/\",\"name\":\"Lexing Switzerland\",\"description\":\"Common sense. Innovative solutions.\",\"publisher\":{\"@id\":\"https:\\\/\\\/lexing.ch\\\/#organization\"},\"potentialAction\":[{\"@type\":\"SearchAction\",\"target\":{\"@type\":\"EntryPoint\",\"urlTemplate\":\"https:\\\/\\\/lexing.ch\\\/?s={search_term_string}\"},\"query-input\":{\"@type\":\"PropertyValueSpecification\",\"valueRequired\":true,\"valueName\":\"search_term_string\"}}],\"inLanguage\":\"de\"},{\"@type\":\"Organization\",\"@id\":\"https:\\\/\\\/lexing.ch\\\/#organization\",\"name\":\"Lexing.ch\",\"url\":\"https:\\\/\\\/lexing.ch\\\/\",\"logo\":{\"@type\":\"ImageObject\",\"inLanguage\":\"de\",\"@id\":\"https:\\\/\\\/lexing.ch\\\/#\\\/schema\\\/logo\\\/image\\\/\",\"url\":\"https:\\\/\\\/lexing.ch\\\/wp-content\\\/uploads\\\/2018\\\/02\\\/logo-lexing-ch.png\",\"contentUrl\":\"https:\\\/\\\/lexing.ch\\\/wp-content\\\/uploads\\\/2018\\\/02\\\/logo-lexing-ch.png\",\"width\":\"500\",\"height\":\"174\",\"caption\":\"Lexing.ch\"},\"image\":{\"@id\":\"https:\\\/\\\/lexing.ch\\\/#\\\/schema\\\/logo\\\/image\\\/\"},\"sameAs\":[\"https:\\\/\\\/www.facebook.com\\\/Lexing.ch\",\"https:\\\/\\\/x.com\\\/sebastienfanti\"]},{\"@type\":\"Person\",\"@id\":\"https:\\\/\\\/lexing.ch\\\/#\\\/schema\\\/person\\\/0091f3d1919243ea4e1989a3b50ddcfb\",\"name\":\"S\u00e9bastien Fanti\",\"image\":{\"@type\":\"ImageObject\",\"inLanguage\":\"de\",\"@id\":\"https:\\\/\\\/secure.gravatar.com\\\/avatar\\\/4fb338e49d6b8f08bf4237565e3f005f762bdf5c75755363fd2b35a8da164837?s=96&d=mm&r=g\",\"url\":\"https:\\\/\\\/secure.gravatar.com\\\/avatar\\\/4fb338e49d6b8f08bf4237565e3f005f762bdf5c75755363fd2b35a8da164837?s=96&d=mm&r=g\",\"contentUrl\":\"https:\\\/\\\/secure.gravatar.com\\\/avatar\\\/4fb338e49d6b8f08bf4237565e3f005f762bdf5c75755363fd2b35a8da164837?s=96&d=mm&r=g\",\"caption\":\"S\u00e9bastien Fanti\"},\"description\":\"S\u00e9bastien Fanti est un avocat technologue qui participe au d\u00e9bat sur l\u2019avenir des normes en cette mati\u00e8re, avec le souci de l\u2019homme comme point cardinal de r\u00e9flexion. Fanatique de ballon orange (il est aussi agent de joueurs) , il oscille r\u00e9guli\u00e8rement entre le Run and Gun et la d\u00e9fense Diamond and One, soit provoque le d\u00e9bat dans le but de g\u00e9n\u00e9rer prise de conscience et processus vertueux. A l\u2019instar de Maverick (son surnom), la disruption constitue son ADN et les solutions out of the box ont sa pr\u00e9f\u00e9rence.\",\"sameAs\":[\"https:\\\/\\\/lexing.ch\",\"https:\\\/\\\/www.facebook.com\\\/sebastien.fanti\\\/\",\"https:\\\/\\\/www.instagram.com\\\/sebastienfanti\\\/\",\"https:\\\/\\\/www.linkedin.com\\\/in\\\/sebastienfanti\\\/\",\"https:\\\/\\\/x.com\\\/sebastienfanti\",\"https:\\\/\\\/www.youtube.com\\\/user\\\/sebastienfanti\",\"https:\\\/\\\/soundcloud.com\\\/sebastienfanti\"]}]}<\/script>\n<!-- \/ Yoast SEO Premium plugin. -->","yoast_head_json":{"title":"Le Conseil f\u00e9d\u00e9ral exprime son appr\u00e9hension de l'application du RGPD: la route sera longue! - Lexing Switzerland","description":"Le Conseil f\u00e9d\u00e9ral a d\u00fb se prononcer sur les cons\u00e9quences pour la Suisse de l'entr\u00e9e en vigueur du R\u00e8glement g\u00e9n\u00e9ral sur la protection des donn\u00e9es. Les r\u00e9ponses sont int\u00e9ressantes, m\u00eame si elles ne rec\u00e8lent rien de surprenant. Le constat est par contre amer en ce qu'il concerne le temps qui sera n\u00e9cessaire pour que la Suisse atteigne \u00e0 nouveau un niveau ad\u00e9quat en mati\u00e8re de protection des donn\u00e9es.","robots":{"index":"index","follow":"follow","max-snippet":"max-snippet:-1","max-image-preview":"max-image-preview:large","max-video-preview":"max-video-preview:-1"},"canonical":"https:\/\/lexing.ch\/le-conseil-federal-exprime-son-apprehension-de-lapplication-du-rgpd-la-route-sera-longue\/","og_locale":"de_DE","og_type":"article","og_title":"Le Conseil f\u00e9d\u00e9ral exprime son appr\u00e9hension de l'application du RGPD: la route sera longue!","og_description":"Le Conseil f\u00e9d\u00e9ral a d\u00fb se prononcer sur les cons\u00e9quences pour la Suisse de l'entr\u00e9e en vigueur du R\u00e8glement g\u00e9n\u00e9ral sur la protection des donn\u00e9es. Les r\u00e9ponses sont int\u00e9ressantes, m\u00eame si elles ne rec\u00e8lent rien de surprenant. Le constat est par contre amer en ce qu'il concerne le temps qui sera n\u00e9cessaire pour que la Suisse atteigne \u00e0 nouveau un niveau ad\u00e9quat en mati\u00e8re de protection des donn\u00e9es.","og_url":"https:\/\/lexing.ch\/le-conseil-federal-exprime-son-apprehension-de-lapplication-du-rgpd-la-route-sera-longue\/","og_site_name":"Lexing Switzerland","article_publisher":"https:\/\/www.facebook.com\/Lexing.ch","article_author":"https:\/\/www.facebook.com\/sebastien.fanti\/","article_published_time":"2018-03-08T19:38:35+00:00","og_image":[{"width":1292,"height":1652,"url":"https:\/\/lexing.ch\/wp-content\/uploads\/2018\/03\/photo-1508008731349-65d9806e5330.jpg","type":"image\/jpeg"}],"author":"S\u00e9bastien Fanti","twitter_card":"summary_large_image","twitter_creator":"@sebastienfanti","twitter_site":"@sebastienfanti","twitter_misc":{"Verfasst von":"S\u00e9bastien Fanti","Gesch\u00e4tzte Lesezeit":"5\u00a0Minuten"},"schema":{"@context":"https:\/\/schema.org","@graph":[{"@type":"Article","@id":"https:\/\/lexing.ch\/le-conseil-federal-exprime-son-apprehension-de-lapplication-du-rgpd-la-route-sera-longue\/#article","isPartOf":{"@id":"https:\/\/lexing.ch\/le-conseil-federal-exprime-son-apprehension-de-lapplication-du-rgpd-la-route-sera-longue\/"},"author":{"name":"S\u00e9bastien Fanti","@id":"https:\/\/lexing.ch\/#\/schema\/person\/0091f3d1919243ea4e1989a3b50ddcfb"},"headline":"Le Conseil f\u00e9d\u00e9ral exprime son appr\u00e9hension de l&#8217;application du RGPD: la route sera longue!","datePublished":"2018-03-08T19:38:35+00:00","mainEntityOfPage":{"@id":"https:\/\/lexing.ch\/le-conseil-federal-exprime-son-apprehension-de-lapplication-du-rgpd-la-route-sera-longue\/"},"wordCount":1162,"commentCount":0,"publisher":{"@id":"https:\/\/lexing.ch\/#organization"},"image":{"@id":"https:\/\/lexing.ch\/le-conseil-federal-exprime-son-apprehension-de-lapplication-du-rgpd-la-route-sera-longue\/#primaryimage"},"thumbnailUrl":"https:\/\/lexing.ch\/wp-content\/uploads\/2018\/03\/photo-1508008731349-65d9806e5330.jpg","keywords":["Conseil f\u00e9d\u00e9ral","Suisse","UE","appr\u00e9hension","coop\u00e9ration","RGPD","GDPR"],"articleSection":["News"],"inLanguage":"de"},{"@type":"WebPage","@id":"https:\/\/lexing.ch\/le-conseil-federal-exprime-son-apprehension-de-lapplication-du-rgpd-la-route-sera-longue\/","url":"https:\/\/lexing.ch\/le-conseil-federal-exprime-son-apprehension-de-lapplication-du-rgpd-la-route-sera-longue\/","name":"Le Conseil f\u00e9d\u00e9ral exprime son appr\u00e9hension de l'application du RGPD: la route sera longue! - Lexing Switzerland","isPartOf":{"@id":"https:\/\/lexing.ch\/#website"},"primaryImageOfPage":{"@id":"https:\/\/lexing.ch\/le-conseil-federal-exprime-son-apprehension-de-lapplication-du-rgpd-la-route-sera-longue\/#primaryimage"},"image":{"@id":"https:\/\/lexing.ch\/le-conseil-federal-exprime-son-apprehension-de-lapplication-du-rgpd-la-route-sera-longue\/#primaryimage"},"thumbnailUrl":"https:\/\/lexing.ch\/wp-content\/uploads\/2018\/03\/photo-1508008731349-65d9806e5330.jpg","datePublished":"2018-03-08T19:38:35+00:00","description":"Le Conseil f\u00e9d\u00e9ral a d\u00fb se prononcer sur les cons\u00e9quences pour la Suisse de l'entr\u00e9e en vigueur du R\u00e8glement g\u00e9n\u00e9ral sur la protection des donn\u00e9es. Les r\u00e9ponses sont int\u00e9ressantes, m\u00eame si elles ne rec\u00e8lent rien de surprenant. Le constat est par contre amer en ce qu'il concerne le temps qui sera n\u00e9cessaire pour que la Suisse atteigne \u00e0 nouveau un niveau ad\u00e9quat en mati\u00e8re de protection des donn\u00e9es.","breadcrumb":{"@id":"https:\/\/lexing.ch\/le-conseil-federal-exprime-son-apprehension-de-lapplication-du-rgpd-la-route-sera-longue\/#breadcrumb"},"inLanguage":"de","potentialAction":[{"@type":"ReadAction","target":["https:\/\/lexing.ch\/le-conseil-federal-exprime-son-apprehension-de-lapplication-du-rgpd-la-route-sera-longue\/"]}]},{"@type":"ImageObject","inLanguage":"de","@id":"https:\/\/lexing.ch\/le-conseil-federal-exprime-son-apprehension-de-lapplication-du-rgpd-la-route-sera-longue\/#primaryimage","url":"https:\/\/lexing.ch\/wp-content\/uploads\/2018\/03\/photo-1508008731349-65d9806e5330.jpg","contentUrl":"https:\/\/lexing.ch\/wp-content\/uploads\/2018\/03\/photo-1508008731349-65d9806e5330.jpg","width":1292,"height":1652},{"@type":"BreadcrumbList","@id":"https:\/\/lexing.ch\/le-conseil-federal-exprime-son-apprehension-de-lapplication-du-rgpd-la-route-sera-longue\/#breadcrumb","itemListElement":[{"@type":"ListItem","position":1,"name":"Accueil","item":"https:\/\/lexing.ch\/de\/"},{"@type":"ListItem","position":2,"name":"Le Conseil f\u00e9d\u00e9ral exprime son appr\u00e9hension de l&rsquo;application du RGPD: la route sera longue!"}]},{"@type":"WebSite","@id":"https:\/\/lexing.ch\/#website","url":"https:\/\/lexing.ch\/","name":"Lexing Switzerland","description":"Common sense. Innovative solutions.","publisher":{"@id":"https:\/\/lexing.ch\/#organization"},"potentialAction":[{"@type":"SearchAction","target":{"@type":"EntryPoint","urlTemplate":"https:\/\/lexing.ch\/?s={search_term_string}"},"query-input":{"@type":"PropertyValueSpecification","valueRequired":true,"valueName":"search_term_string"}}],"inLanguage":"de"},{"@type":"Organization","@id":"https:\/\/lexing.ch\/#organization","name":"Lexing.ch","url":"https:\/\/lexing.ch\/","logo":{"@type":"ImageObject","inLanguage":"de","@id":"https:\/\/lexing.ch\/#\/schema\/logo\/image\/","url":"https:\/\/lexing.ch\/wp-content\/uploads\/2018\/02\/logo-lexing-ch.png","contentUrl":"https:\/\/lexing.ch\/wp-content\/uploads\/2018\/02\/logo-lexing-ch.png","width":"500","height":"174","caption":"Lexing.ch"},"image":{"@id":"https:\/\/lexing.ch\/#\/schema\/logo\/image\/"},"sameAs":["https:\/\/www.facebook.com\/Lexing.ch","https:\/\/x.com\/sebastienfanti"]},{"@type":"Person","@id":"https:\/\/lexing.ch\/#\/schema\/person\/0091f3d1919243ea4e1989a3b50ddcfb","name":"S\u00e9bastien Fanti","image":{"@type":"ImageObject","inLanguage":"de","@id":"https:\/\/secure.gravatar.com\/avatar\/4fb338e49d6b8f08bf4237565e3f005f762bdf5c75755363fd2b35a8da164837?s=96&d=mm&r=g","url":"https:\/\/secure.gravatar.com\/avatar\/4fb338e49d6b8f08bf4237565e3f005f762bdf5c75755363fd2b35a8da164837?s=96&d=mm&r=g","contentUrl":"https:\/\/secure.gravatar.com\/avatar\/4fb338e49d6b8f08bf4237565e3f005f762bdf5c75755363fd2b35a8da164837?s=96&d=mm&r=g","caption":"S\u00e9bastien Fanti"},"description":"S\u00e9bastien Fanti est un avocat technologue qui participe au d\u00e9bat sur l\u2019avenir des normes en cette mati\u00e8re, avec le souci de l\u2019homme comme point cardinal de r\u00e9flexion. Fanatique de ballon orange (il est aussi agent de joueurs) , il oscille r\u00e9guli\u00e8rement entre le Run and Gun et la d\u00e9fense Diamond and One, soit provoque le d\u00e9bat dans le but de g\u00e9n\u00e9rer prise de conscience et processus vertueux. A l\u2019instar de Maverick (son surnom), la disruption constitue son ADN et les solutions out of the box ont sa pr\u00e9f\u00e9rence.","sameAs":["https:\/\/lexing.ch","https:\/\/www.facebook.com\/sebastien.fanti\/","https:\/\/www.instagram.com\/sebastienfanti\/","https:\/\/www.linkedin.com\/in\/sebastienfanti\/","https:\/\/x.com\/sebastienfanti","https:\/\/www.youtube.com\/user\/sebastienfanti","https:\/\/soundcloud.com\/sebastienfanti"]}]}},"acf":[],"_links":{"self":[{"href":"https:\/\/lexing.ch\/de\/wp-json\/wp\/v2\/posts\/39075","targetHints":{"allow":["GET"]}}],"collection":[{"href":"https:\/\/lexing.ch\/de\/wp-json\/wp\/v2\/posts"}],"about":[{"href":"https:\/\/lexing.ch\/de\/wp-json\/wp\/v2\/types\/post"}],"author":[{"embeddable":true,"href":"https:\/\/lexing.ch\/de\/wp-json\/wp\/v2\/users\/22"}],"replies":[{"embeddable":true,"href":"https:\/\/lexing.ch\/de\/wp-json\/wp\/v2\/comments?post=39075"}],"version-history":[{"count":1,"href":"https:\/\/lexing.ch\/de\/wp-json\/wp\/v2\/posts\/39075\/revisions"}],"predecessor-version":[{"id":39078,"href":"https:\/\/lexing.ch\/de\/wp-json\/wp\/v2\/posts\/39075\/revisions\/39078"}],"wp:featuredmedia":[{"embeddable":true,"href":"https:\/\/lexing.ch\/de\/wp-json\/wp\/v2\/media\/39044"}],"wp:attachment":[{"href":"https:\/\/lexing.ch\/de\/wp-json\/wp\/v2\/media?parent=39075"}],"wp:term":[{"taxonomy":"category","embeddable":true,"href":"https:\/\/lexing.ch\/de\/wp-json\/wp\/v2\/categories?post=39075"},{"taxonomy":"post_tag","embeddable":true,"href":"https:\/\/lexing.ch\/de\/wp-json\/wp\/v2\/tags?post=39075"}],"curies":[{"name":"wp","href":"https:\/\/api.w.org\/{rel}","templated":true}]}}