{"id":37771,"date":"2017-10-06T10:36:13","date_gmt":"2017-10-06T08:36:13","guid":{"rendered":"https:\/\/lexing.ch\/publication-dune-photo-denudee-faire\/"},"modified":"2017-10-06T10:36:13","modified_gmt":"2017-10-06T08:36:13","slug":"publication-dune-photo-denudee-faire","status":"publish","type":"post","link":"https:\/\/lexing.ch\/de\/publication-dune-photo-denudee-faire\/","title":{"rendered":"Publication d&#8217;une photo d\u00e9nud\u00e9e, que faire ?"},"content":{"rendered":"<p>Ma fille de 15 ans a publi\u00e9 une photo d\u2019elle d\u00e9nud\u00e9e et elle le regrette, que puis-je faire pour l\u2019aider\u00a0?<\/p>\n<p>Liminairement sollicitez de votre fille qu\u2019elle vous remette la photographique publi\u00e9e, au format num\u00e9rique. Vous en aurez peut-\u00eatre besoin dans la deuxi\u00e8me phase de notre plan d\u2019action. Ensuite, la premi\u00e8re d\u00e9marche \u00e0 accomplir consiste \u00e0 intervenir aupr\u00e8s de la plate-forme de publication pour obtenir le retrait de la photographie, respectivement son effacement d\u00e9finitif. D\u00e8s lors que votre enfant est mineur, vous devrez peut-\u00eatre vous l\u00e9gitimer en communiquant une copie d\u2019une pi\u00e8ce d\u2019identit\u00e9. Le hic r\u00e9side dans le fait que de tr\u00e8s nombreux sites \u00e9rotiques ou pornographiques r\u00e9f\u00e9rencent chaque jour tous les contenus disponibles sur le web. Il se pourrait ainsi que cette photographie, nonobstant son effacement du support originel, se retrouve dupliqu\u00e9e, ce qui va compliquer votre t\u00e2che. Activez tout d\u2019abord une alerte Google personnalis\u00e9e (<a href=\"https:\/\/www.google.ch\/alerts?hl=fr)\" target=\"_blank\" rel=\"noopener\">https:\/\/www.google.ch\/alerts?hl=fr)<\/a> en ins\u00e9rant le nom et le pr\u00e9nom de votre fille. Ainsi, vous serez inform\u00e9e d\u00e8s qu\u2019une photo comportant son nom sera publi\u00e9e sur Internet et vous pourrez agir en vue de sa r\u00e9sorption. Il conviendra ensuite d\u2019effectuer r\u00e9guli\u00e8rement des recherches par comparaison avec la photographie originale. Pour ce faire, vous pouvez utiliser Google images (<a href=\"https:\/\/images.google.fr\/#cns=0)\" target=\"_blank\" rel=\"noopener\">https:\/\/images.google.fr\/#cns=0)<\/a> ou encore TinEye (<a href=\"https:\/\/tineye.com)\" target=\"_blank\" rel=\"noopener\">https:\/\/tineye.com)<\/a>. R\u00e9p\u00e9tez l\u2019op\u00e9ration tous les mois, puis tous les six mois.<\/p>\n<p>L\u2019impact psychologique d\u2019un \u00e9v\u00e9nement aussi traumatisant est difficile \u00e0 appr\u00e9hender pour des n\u00e9ophytes qui sont de surcro\u00eet \u00e9galement atteints. Ne le sous-estimez pas. Le recours \u00e0 un professionnel peut donc s\u2019imposer, pour att\u00e9nuer les cons\u00e9quences de cet acte aux cons\u00e9quences intimes d\u00e9vastatrices. En d\u00e9finitive, le meilleur conseil que je puisse vous donner est de lire cet article avec vos enfants, pour qu\u2019ils prennent conscience de la difficult\u00e9 de gommer leurs exc\u00e8s de juv\u00e9nilit\u00e9.<\/p>\n","protected":false},"excerpt":{"rendered":"<p>Ma fille de 15 ans a publi\u00e9 une photo d\u2019elle d\u00e9nud\u00e9e et elle le regrette, que puis-je faire pour l\u2019aider\u00a0? Liminairement sollicitez de votre fille qu\u2019elle vous remette la photographique publi\u00e9e, au format num\u00e9rique. Vous en aurez peut-\u00eatre besoin dans la deuxi\u00e8me phase de notre plan d\u2019action. Ensuite, la premi\u00e8re d\u00e9marche \u00e0 accomplir consiste \u00e0 [&hellip;]<\/p>\n","protected":false},"author":2,"featured_media":0,"comment_status":"open","ping_status":"open","sticky":false,"template":"","format":"standard","meta":{"_acf_changed":false,"footnotes":""},"categories":[566,333],"tags":[],"class_list":["post-37771","post","type-post","status-publish","format-standard","hentry","category-les-conseils-de-sebastien-fanti-en-de","category-news-de"],"yoast_head":"<!-- This site is optimized with the Yoast SEO Premium plugin v20.11 (Yoast SEO v27.3) - https:\/\/yoast.com\/product\/yoast-seo-premium-wordpress\/ -->\n<title>Publication d&#039;une photo d\u00e9nud\u00e9e, que faire ? - Lexing Switzerland<\/title>\n<meta name=\"robots\" content=\"index, follow, max-snippet:-1, max-image-preview:large, max-video-preview:-1\" \/>\n<link rel=\"canonical\" href=\"https:\/\/lexing.ch\/publication-dune-photo-denudee-faire\/\" \/>\n<meta property=\"og:locale\" content=\"de_DE\" \/>\n<meta property=\"og:type\" content=\"article\" \/>\n<meta property=\"og:title\" content=\"Publication d&#039;une photo d\u00e9nud\u00e9e, que faire ?\" \/>\n<meta property=\"og:description\" content=\"Ma fille de 15 ans a publi\u00e9 une photo d\u2019elle d\u00e9nud\u00e9e et elle le regrette, que puis-je faire pour l\u2019aider\u00a0? Liminairement sollicitez de votre fille qu\u2019elle vous remette la photographique publi\u00e9e, au format num\u00e9rique. Vous en aurez peut-\u00eatre besoin dans la deuxi\u00e8me phase de notre plan d\u2019action. Ensuite, la premi\u00e8re d\u00e9marche \u00e0 accomplir consiste \u00e0 [&hellip;]\" \/>\n<meta property=\"og:url\" content=\"https:\/\/lexing.ch\/publication-dune-photo-denudee-faire\/\" \/>\n<meta property=\"og:site_name\" content=\"Lexing Switzerland\" \/>\n<meta property=\"article:publisher\" content=\"https:\/\/www.facebook.com\/Lexing.ch\" \/>\n<meta property=\"article:published_time\" content=\"2017-10-06T08:36:13+00:00\" \/>\n<meta name=\"author\" content=\"C\u00e9dric Charles\" \/>\n<meta name=\"twitter:card\" content=\"summary_large_image\" \/>\n<meta name=\"twitter:creator\" content=\"@sebastienfanti\" \/>\n<meta name=\"twitter:site\" content=\"@sebastienfanti\" \/>\n<meta name=\"twitter:label1\" content=\"Verfasst von\" \/>\n\t<meta name=\"twitter:data1\" content=\"C\u00e9dric Charles\" \/>\n\t<meta name=\"twitter:label2\" content=\"Gesch\u00e4tzte Lesezeit\" \/>\n\t<meta name=\"twitter:data2\" content=\"2\u00a0Minuten\" \/>\n<script type=\"application\/ld+json\" class=\"yoast-schema-graph\">{\"@context\":\"https:\\\/\\\/schema.org\",\"@graph\":[{\"@type\":\"Article\",\"@id\":\"https:\\\/\\\/lexing.ch\\\/publication-dune-photo-denudee-faire\\\/#article\",\"isPartOf\":{\"@id\":\"https:\\\/\\\/lexing.ch\\\/publication-dune-photo-denudee-faire\\\/\"},\"author\":{\"name\":\"C\u00e9dric Charles\",\"@id\":\"https:\\\/\\\/lexing.ch\\\/#\\\/schema\\\/person\\\/87d1e2eaa274b4698439c237565855d5\"},\"headline\":\"Publication d&#8217;une photo d\u00e9nud\u00e9e, que faire ?\",\"datePublished\":\"2017-10-06T08:36:13+00:00\",\"mainEntityOfPage\":{\"@id\":\"https:\\\/\\\/lexing.ch\\\/publication-dune-photo-denudee-faire\\\/\"},\"wordCount\":361,\"commentCount\":0,\"publisher\":{\"@id\":\"https:\\\/\\\/lexing.ch\\\/#organization\"},\"articleSection\":[\"Les conseils de S\u00e9bastien Fanti\",\"News\"],\"inLanguage\":\"de\"},{\"@type\":\"WebPage\",\"@id\":\"https:\\\/\\\/lexing.ch\\\/publication-dune-photo-denudee-faire\\\/\",\"url\":\"https:\\\/\\\/lexing.ch\\\/publication-dune-photo-denudee-faire\\\/\",\"name\":\"Publication d'une photo d\u00e9nud\u00e9e, que faire ? - Lexing Switzerland\",\"isPartOf\":{\"@id\":\"https:\\\/\\\/lexing.ch\\\/#website\"},\"datePublished\":\"2017-10-06T08:36:13+00:00\",\"breadcrumb\":{\"@id\":\"https:\\\/\\\/lexing.ch\\\/publication-dune-photo-denudee-faire\\\/#breadcrumb\"},\"inLanguage\":\"de\",\"potentialAction\":[{\"@type\":\"ReadAction\",\"target\":[\"https:\\\/\\\/lexing.ch\\\/publication-dune-photo-denudee-faire\\\/\"]}]},{\"@type\":\"BreadcrumbList\",\"@id\":\"https:\\\/\\\/lexing.ch\\\/publication-dune-photo-denudee-faire\\\/#breadcrumb\",\"itemListElement\":[{\"@type\":\"ListItem\",\"position\":1,\"name\":\"Accueil\",\"item\":\"https:\\\/\\\/lexing.ch\\\/de\\\/\"},{\"@type\":\"ListItem\",\"position\":2,\"name\":\"Publication d&rsquo;une photo d\u00e9nud\u00e9e, que faire ?\"}]},{\"@type\":\"WebSite\",\"@id\":\"https:\\\/\\\/lexing.ch\\\/#website\",\"url\":\"https:\\\/\\\/lexing.ch\\\/\",\"name\":\"Lexing Switzerland\",\"description\":\"Common sense. Innovative solutions.\",\"publisher\":{\"@id\":\"https:\\\/\\\/lexing.ch\\\/#organization\"},\"potentialAction\":[{\"@type\":\"SearchAction\",\"target\":{\"@type\":\"EntryPoint\",\"urlTemplate\":\"https:\\\/\\\/lexing.ch\\\/?s={search_term_string}\"},\"query-input\":{\"@type\":\"PropertyValueSpecification\",\"valueRequired\":true,\"valueName\":\"search_term_string\"}}],\"inLanguage\":\"de\"},{\"@type\":\"Organization\",\"@id\":\"https:\\\/\\\/lexing.ch\\\/#organization\",\"name\":\"Lexing.ch\",\"url\":\"https:\\\/\\\/lexing.ch\\\/\",\"logo\":{\"@type\":\"ImageObject\",\"inLanguage\":\"de\",\"@id\":\"https:\\\/\\\/lexing.ch\\\/#\\\/schema\\\/logo\\\/image\\\/\",\"url\":\"https:\\\/\\\/lexing.ch\\\/wp-content\\\/uploads\\\/2018\\\/02\\\/logo-lexing-ch.png\",\"contentUrl\":\"https:\\\/\\\/lexing.ch\\\/wp-content\\\/uploads\\\/2018\\\/02\\\/logo-lexing-ch.png\",\"width\":\"500\",\"height\":\"174\",\"caption\":\"Lexing.ch\"},\"image\":{\"@id\":\"https:\\\/\\\/lexing.ch\\\/#\\\/schema\\\/logo\\\/image\\\/\"},\"sameAs\":[\"https:\\\/\\\/www.facebook.com\\\/Lexing.ch\",\"https:\\\/\\\/x.com\\\/sebastienfanti\"]},{\"@type\":\"Person\",\"@id\":\"https:\\\/\\\/lexing.ch\\\/#\\\/schema\\\/person\\\/87d1e2eaa274b4698439c237565855d5\",\"name\":\"C\u00e9dric Charles\",\"image\":{\"@type\":\"ImageObject\",\"inLanguage\":\"de\",\"@id\":\"https:\\\/\\\/secure.gravatar.com\\\/avatar\\\/3d52632c54176dd50bae132f95905e1132d44852d60ad53b88613fee2cd0bfb7?s=96&d=mm&r=g\",\"url\":\"https:\\\/\\\/secure.gravatar.com\\\/avatar\\\/3d52632c54176dd50bae132f95905e1132d44852d60ad53b88613fee2cd0bfb7?s=96&d=mm&r=g\",\"contentUrl\":\"https:\\\/\\\/secure.gravatar.com\\\/avatar\\\/3d52632c54176dd50bae132f95905e1132d44852d60ad53b88613fee2cd0bfb7?s=96&d=mm&r=g\",\"caption\":\"C\u00e9dric Charles\"}}]}<\/script>\n<!-- \/ Yoast SEO Premium plugin. -->","yoast_head_json":{"title":"Publication d'une photo d\u00e9nud\u00e9e, que faire ? - Lexing Switzerland","robots":{"index":"index","follow":"follow","max-snippet":"max-snippet:-1","max-image-preview":"max-image-preview:large","max-video-preview":"max-video-preview:-1"},"canonical":"https:\/\/lexing.ch\/publication-dune-photo-denudee-faire\/","og_locale":"de_DE","og_type":"article","og_title":"Publication d'une photo d\u00e9nud\u00e9e, que faire ?","og_description":"Ma fille de 15 ans a publi\u00e9 une photo d\u2019elle d\u00e9nud\u00e9e et elle le regrette, que puis-je faire pour l\u2019aider\u00a0? Liminairement sollicitez de votre fille qu\u2019elle vous remette la photographique publi\u00e9e, au format num\u00e9rique. Vous en aurez peut-\u00eatre besoin dans la deuxi\u00e8me phase de notre plan d\u2019action. Ensuite, la premi\u00e8re d\u00e9marche \u00e0 accomplir consiste \u00e0 [&hellip;]","og_url":"https:\/\/lexing.ch\/publication-dune-photo-denudee-faire\/","og_site_name":"Lexing Switzerland","article_publisher":"https:\/\/www.facebook.com\/Lexing.ch","article_published_time":"2017-10-06T08:36:13+00:00","author":"C\u00e9dric Charles","twitter_card":"summary_large_image","twitter_creator":"@sebastienfanti","twitter_site":"@sebastienfanti","twitter_misc":{"Verfasst von":"C\u00e9dric Charles","Gesch\u00e4tzte Lesezeit":"2\u00a0Minuten"},"schema":{"@context":"https:\/\/schema.org","@graph":[{"@type":"Article","@id":"https:\/\/lexing.ch\/publication-dune-photo-denudee-faire\/#article","isPartOf":{"@id":"https:\/\/lexing.ch\/publication-dune-photo-denudee-faire\/"},"author":{"name":"C\u00e9dric Charles","@id":"https:\/\/lexing.ch\/#\/schema\/person\/87d1e2eaa274b4698439c237565855d5"},"headline":"Publication d&#8217;une photo d\u00e9nud\u00e9e, que faire ?","datePublished":"2017-10-06T08:36:13+00:00","mainEntityOfPage":{"@id":"https:\/\/lexing.ch\/publication-dune-photo-denudee-faire\/"},"wordCount":361,"commentCount":0,"publisher":{"@id":"https:\/\/lexing.ch\/#organization"},"articleSection":["Les conseils de S\u00e9bastien Fanti","News"],"inLanguage":"de"},{"@type":"WebPage","@id":"https:\/\/lexing.ch\/publication-dune-photo-denudee-faire\/","url":"https:\/\/lexing.ch\/publication-dune-photo-denudee-faire\/","name":"Publication d'une photo d\u00e9nud\u00e9e, que faire ? - Lexing Switzerland","isPartOf":{"@id":"https:\/\/lexing.ch\/#website"},"datePublished":"2017-10-06T08:36:13+00:00","breadcrumb":{"@id":"https:\/\/lexing.ch\/publication-dune-photo-denudee-faire\/#breadcrumb"},"inLanguage":"de","potentialAction":[{"@type":"ReadAction","target":["https:\/\/lexing.ch\/publication-dune-photo-denudee-faire\/"]}]},{"@type":"BreadcrumbList","@id":"https:\/\/lexing.ch\/publication-dune-photo-denudee-faire\/#breadcrumb","itemListElement":[{"@type":"ListItem","position":1,"name":"Accueil","item":"https:\/\/lexing.ch\/de\/"},{"@type":"ListItem","position":2,"name":"Publication d&rsquo;une photo d\u00e9nud\u00e9e, que faire ?"}]},{"@type":"WebSite","@id":"https:\/\/lexing.ch\/#website","url":"https:\/\/lexing.ch\/","name":"Lexing Switzerland","description":"Common sense. Innovative solutions.","publisher":{"@id":"https:\/\/lexing.ch\/#organization"},"potentialAction":[{"@type":"SearchAction","target":{"@type":"EntryPoint","urlTemplate":"https:\/\/lexing.ch\/?s={search_term_string}"},"query-input":{"@type":"PropertyValueSpecification","valueRequired":true,"valueName":"search_term_string"}}],"inLanguage":"de"},{"@type":"Organization","@id":"https:\/\/lexing.ch\/#organization","name":"Lexing.ch","url":"https:\/\/lexing.ch\/","logo":{"@type":"ImageObject","inLanguage":"de","@id":"https:\/\/lexing.ch\/#\/schema\/logo\/image\/","url":"https:\/\/lexing.ch\/wp-content\/uploads\/2018\/02\/logo-lexing-ch.png","contentUrl":"https:\/\/lexing.ch\/wp-content\/uploads\/2018\/02\/logo-lexing-ch.png","width":"500","height":"174","caption":"Lexing.ch"},"image":{"@id":"https:\/\/lexing.ch\/#\/schema\/logo\/image\/"},"sameAs":["https:\/\/www.facebook.com\/Lexing.ch","https:\/\/x.com\/sebastienfanti"]},{"@type":"Person","@id":"https:\/\/lexing.ch\/#\/schema\/person\/87d1e2eaa274b4698439c237565855d5","name":"C\u00e9dric Charles","image":{"@type":"ImageObject","inLanguage":"de","@id":"https:\/\/secure.gravatar.com\/avatar\/3d52632c54176dd50bae132f95905e1132d44852d60ad53b88613fee2cd0bfb7?s=96&d=mm&r=g","url":"https:\/\/secure.gravatar.com\/avatar\/3d52632c54176dd50bae132f95905e1132d44852d60ad53b88613fee2cd0bfb7?s=96&d=mm&r=g","contentUrl":"https:\/\/secure.gravatar.com\/avatar\/3d52632c54176dd50bae132f95905e1132d44852d60ad53b88613fee2cd0bfb7?s=96&d=mm&r=g","caption":"C\u00e9dric Charles"}}]}},"acf":[],"_links":{"self":[{"href":"https:\/\/lexing.ch\/de\/wp-json\/wp\/v2\/posts\/37771","targetHints":{"allow":["GET"]}}],"collection":[{"href":"https:\/\/lexing.ch\/de\/wp-json\/wp\/v2\/posts"}],"about":[{"href":"https:\/\/lexing.ch\/de\/wp-json\/wp\/v2\/types\/post"}],"author":[{"embeddable":true,"href":"https:\/\/lexing.ch\/de\/wp-json\/wp\/v2\/users\/2"}],"replies":[{"embeddable":true,"href":"https:\/\/lexing.ch\/de\/wp-json\/wp\/v2\/comments?post=37771"}],"version-history":[{"count":0,"href":"https:\/\/lexing.ch\/de\/wp-json\/wp\/v2\/posts\/37771\/revisions"}],"wp:attachment":[{"href":"https:\/\/lexing.ch\/de\/wp-json\/wp\/v2\/media?parent=37771"}],"wp:term":[{"taxonomy":"category","embeddable":true,"href":"https:\/\/lexing.ch\/de\/wp-json\/wp\/v2\/categories?post=37771"},{"taxonomy":"post_tag","embeddable":true,"href":"https:\/\/lexing.ch\/de\/wp-json\/wp\/v2\/tags?post=37771"}],"curies":[{"name":"wp","href":"https:\/\/api.w.org\/{rel}","templated":true}]}}