{"id":37764,"date":"2017-10-20T10:40:21","date_gmt":"2017-10-20T08:40:21","guid":{"rendered":"https:\/\/lexing.ch\/entreprises-valaisannes-feront-faillite-viole-normes-matiere-de-protection-donnees-s\/"},"modified":"2017-10-20T10:40:21","modified_gmt":"2017-10-20T08:40:21","slug":"entreprises-valaisannes-feront-faillite-viole-normes-matiere-de-protection-donnees-s","status":"publish","type":"post","link":"https:\/\/lexing.ch\/de\/entreprises-valaisannes-feront-faillite-viole-normes-matiere-de-protection-donnees-s\/","title":{"rendered":"Des entreprises valaisannes feront-elles faillite pour avoir viol\u00e9 des normes en mati\u00e8re de protection des donn\u00e9es ? s"},"content":{"rendered":"<p>Vous trouvez la question saugrenue ? Le nouveau R\u00e8glement europ\u00e9en en mati\u00e8re de protection des donn\u00e9es (RGPD) pourrait toutefois vous inciter \u00e0 revoir votre copie. Ce texte est susceptible trouver application non seulement pour les entreprises helv\u00e9tiques (donc valaisannes), mais \u00e9galement pour toutes les collectivit\u00e9s publiques. Il concerne les organisations priv\u00e9es ou publiques \u00e9trang\u00e8res qui offrent des produits et des services aux citoyens de l\u2019UE, ou qui analysent leur comportement en r\u00e9coltant leurs donn\u00e9es personnelles. La Suisse est donc largement touch\u00e9e et 90% des entit\u00e9s impact\u00e9es ne semblent pas pr\u00eates \u00e0 faire face \u00e0 ces nouvelles exigences beaucoup plus s\u00e9v\u00e8res que celles que comporte le droit suisse. Ce texte introduit de nouvelles obligations, dont le droit \u00e0 la portabilit\u00e9 des donn\u00e9es, soit celui de pouvoir les obtenir dans un format couramment utilis\u00e9. Imaginez un client d\u2019une banque qui se pr\u00e9sente au guichet et remet une cl\u00e9 USB en exigeant ses donn\u00e9es. Vous pourriez lui r\u00e9torquer que ses donn\u00e9es sont accessibles online, mais si cela n\u2019est pas pr\u00e9cis\u00e9 dans un contrat une violation pourrait \u00eatre constat\u00e9e. Et l\u00e0 c\u2019est le porte-monnaie qui va trinquer. Le RGPD pr\u00e9voit en effet, en fonction des articles en infraction, des amendes administratives d\u2019un montant oscillant entre 10 et 20 millions d\u2019euros ou, dans le cas d\u2019une entreprise, de 2 \u00e0 4 % du chiffre d\u2019affaires annuel mondial total de l\u2019exercice pr\u00e9c\u00e9dent, le montant le plus \u00e9lev\u00e9 \u00e9tant retenu. Si vous d\u00e9tenez des avoirs dans l\u2019UE, ils pourront \u00eatre saisis. Et si vous n\u2019y poss\u00e9dez aucun actif\u00a0? Les experts sont divis\u00e9s, mais il existe un risque que l\u2019autorit\u00e9 \u00e9trang\u00e8re ne tente d\u2019encaisser l\u2019amende en Suisse. Imaginez donc les cons\u00e9quences pour des PME, des Communes, des H\u00f4pitaux. Mieux vaut donc rapidement vous enqu\u00e9rir du fait de savoir si vous y \u00eates soumis, car le RGPD entre en vigueur le 25 mai 2018\u00a0!<\/p>\n","protected":false},"excerpt":{"rendered":"<p>Vous trouvez la question saugrenue ? Le nouveau R\u00e8glement europ\u00e9en en mati\u00e8re de protection des donn\u00e9es (RGPD) pourrait toutefois vous inciter \u00e0 revoir votre copie. Ce texte est susceptible trouver application non seulement pour les entreprises helv\u00e9tiques (donc valaisannes), mais \u00e9galement pour toutes les collectivit\u00e9s publiques. Il concerne les organisations priv\u00e9es ou publiques \u00e9trang\u00e8res qui [&hellip;]<\/p>\n","protected":false},"author":2,"featured_media":0,"comment_status":"open","ping_status":"open","sticky":false,"template":"","format":"standard","meta":{"_acf_changed":false,"footnotes":""},"categories":[566,333],"tags":[],"class_list":["post-37764","post","type-post","status-publish","format-standard","hentry","category-les-conseils-de-sebastien-fanti-en-de","category-news-de"],"yoast_head":"<!-- This site is optimized with the Yoast SEO Premium plugin v20.11 (Yoast SEO v27.3) - https:\/\/yoast.com\/product\/yoast-seo-premium-wordpress\/ -->\n<title>Des entreprises valaisannes feront-elles faillite pour avoir viol\u00e9 des normes en mati\u00e8re de protection des donn\u00e9es ? s - Lexing Switzerland<\/title>\n<meta name=\"robots\" content=\"index, follow, max-snippet:-1, max-image-preview:large, max-video-preview:-1\" \/>\n<link rel=\"canonical\" href=\"https:\/\/lexing.ch\/entreprises-valaisannes-feront-faillite-viole-normes-matiere-de-protection-donnees-s\/\" \/>\n<meta property=\"og:locale\" content=\"de_DE\" \/>\n<meta property=\"og:type\" content=\"article\" \/>\n<meta property=\"og:title\" content=\"Des entreprises valaisannes feront-elles faillite pour avoir viol\u00e9 des normes en mati\u00e8re de protection des donn\u00e9es ? s\" \/>\n<meta property=\"og:description\" content=\"Vous trouvez la question saugrenue ? Le nouveau R\u00e8glement europ\u00e9en en mati\u00e8re de protection des donn\u00e9es (RGPD) pourrait toutefois vous inciter \u00e0 revoir votre copie. Ce texte est susceptible trouver application non seulement pour les entreprises helv\u00e9tiques (donc valaisannes), mais \u00e9galement pour toutes les collectivit\u00e9s publiques. Il concerne les organisations priv\u00e9es ou publiques \u00e9trang\u00e8res qui [&hellip;]\" \/>\n<meta property=\"og:url\" content=\"https:\/\/lexing.ch\/entreprises-valaisannes-feront-faillite-viole-normes-matiere-de-protection-donnees-s\/\" \/>\n<meta property=\"og:site_name\" content=\"Lexing Switzerland\" \/>\n<meta property=\"article:publisher\" content=\"https:\/\/www.facebook.com\/Lexing.ch\" \/>\n<meta property=\"article:published_time\" content=\"2017-10-20T08:40:21+00:00\" \/>\n<meta name=\"author\" content=\"C\u00e9dric Charles\" \/>\n<meta name=\"twitter:card\" content=\"summary_large_image\" \/>\n<meta name=\"twitter:creator\" content=\"@sebastienfanti\" \/>\n<meta name=\"twitter:site\" content=\"@sebastienfanti\" \/>\n<meta name=\"twitter:label1\" content=\"Verfasst von\" \/>\n\t<meta name=\"twitter:data1\" content=\"C\u00e9dric Charles\" \/>\n\t<meta name=\"twitter:label2\" content=\"Gesch\u00e4tzte Lesezeit\" \/>\n\t<meta name=\"twitter:data2\" content=\"2\u00a0Minuten\" \/>\n<script type=\"application\/ld+json\" class=\"yoast-schema-graph\">{\"@context\":\"https:\\\/\\\/schema.org\",\"@graph\":[{\"@type\":\"Article\",\"@id\":\"https:\\\/\\\/lexing.ch\\\/entreprises-valaisannes-feront-faillite-viole-normes-matiere-de-protection-donnees-s\\\/#article\",\"isPartOf\":{\"@id\":\"https:\\\/\\\/lexing.ch\\\/entreprises-valaisannes-feront-faillite-viole-normes-matiere-de-protection-donnees-s\\\/\"},\"author\":{\"name\":\"C\u00e9dric Charles\",\"@id\":\"https:\\\/\\\/lexing.ch\\\/#\\\/schema\\\/person\\\/87d1e2eaa274b4698439c237565855d5\"},\"headline\":\"Des entreprises valaisannes feront-elles faillite pour avoir viol\u00e9 des normes en mati\u00e8re de protection des donn\u00e9es ? s\",\"datePublished\":\"2017-10-20T08:40:21+00:00\",\"mainEntityOfPage\":{\"@id\":\"https:\\\/\\\/lexing.ch\\\/entreprises-valaisannes-feront-faillite-viole-normes-matiere-de-protection-donnees-s\\\/\"},\"wordCount\":357,\"commentCount\":0,\"publisher\":{\"@id\":\"https:\\\/\\\/lexing.ch\\\/#organization\"},\"articleSection\":[\"Les conseils de S\u00e9bastien Fanti\",\"News\"],\"inLanguage\":\"de\"},{\"@type\":\"WebPage\",\"@id\":\"https:\\\/\\\/lexing.ch\\\/entreprises-valaisannes-feront-faillite-viole-normes-matiere-de-protection-donnees-s\\\/\",\"url\":\"https:\\\/\\\/lexing.ch\\\/entreprises-valaisannes-feront-faillite-viole-normes-matiere-de-protection-donnees-s\\\/\",\"name\":\"Des entreprises valaisannes feront-elles faillite pour avoir viol\u00e9 des normes en mati\u00e8re de protection des donn\u00e9es ? s - Lexing Switzerland\",\"isPartOf\":{\"@id\":\"https:\\\/\\\/lexing.ch\\\/#website\"},\"datePublished\":\"2017-10-20T08:40:21+00:00\",\"breadcrumb\":{\"@id\":\"https:\\\/\\\/lexing.ch\\\/entreprises-valaisannes-feront-faillite-viole-normes-matiere-de-protection-donnees-s\\\/#breadcrumb\"},\"inLanguage\":\"de\",\"potentialAction\":[{\"@type\":\"ReadAction\",\"target\":[\"https:\\\/\\\/lexing.ch\\\/entreprises-valaisannes-feront-faillite-viole-normes-matiere-de-protection-donnees-s\\\/\"]}]},{\"@type\":\"BreadcrumbList\",\"@id\":\"https:\\\/\\\/lexing.ch\\\/entreprises-valaisannes-feront-faillite-viole-normes-matiere-de-protection-donnees-s\\\/#breadcrumb\",\"itemListElement\":[{\"@type\":\"ListItem\",\"position\":1,\"name\":\"Accueil\",\"item\":\"https:\\\/\\\/lexing.ch\\\/de\\\/\"},{\"@type\":\"ListItem\",\"position\":2,\"name\":\"Des entreprises valaisannes feront-elles faillite pour avoir viol\u00e9 des normes en mati\u00e8re de protection des donn\u00e9es ? s\"}]},{\"@type\":\"WebSite\",\"@id\":\"https:\\\/\\\/lexing.ch\\\/#website\",\"url\":\"https:\\\/\\\/lexing.ch\\\/\",\"name\":\"Lexing Switzerland\",\"description\":\"Common sense. Innovative solutions.\",\"publisher\":{\"@id\":\"https:\\\/\\\/lexing.ch\\\/#organization\"},\"potentialAction\":[{\"@type\":\"SearchAction\",\"target\":{\"@type\":\"EntryPoint\",\"urlTemplate\":\"https:\\\/\\\/lexing.ch\\\/?s={search_term_string}\"},\"query-input\":{\"@type\":\"PropertyValueSpecification\",\"valueRequired\":true,\"valueName\":\"search_term_string\"}}],\"inLanguage\":\"de\"},{\"@type\":\"Organization\",\"@id\":\"https:\\\/\\\/lexing.ch\\\/#organization\",\"name\":\"Lexing.ch\",\"url\":\"https:\\\/\\\/lexing.ch\\\/\",\"logo\":{\"@type\":\"ImageObject\",\"inLanguage\":\"de\",\"@id\":\"https:\\\/\\\/lexing.ch\\\/#\\\/schema\\\/logo\\\/image\\\/\",\"url\":\"https:\\\/\\\/lexing.ch\\\/wp-content\\\/uploads\\\/2018\\\/02\\\/logo-lexing-ch.png\",\"contentUrl\":\"https:\\\/\\\/lexing.ch\\\/wp-content\\\/uploads\\\/2018\\\/02\\\/logo-lexing-ch.png\",\"width\":\"500\",\"height\":\"174\",\"caption\":\"Lexing.ch\"},\"image\":{\"@id\":\"https:\\\/\\\/lexing.ch\\\/#\\\/schema\\\/logo\\\/image\\\/\"},\"sameAs\":[\"https:\\\/\\\/www.facebook.com\\\/Lexing.ch\",\"https:\\\/\\\/x.com\\\/sebastienfanti\"]},{\"@type\":\"Person\",\"@id\":\"https:\\\/\\\/lexing.ch\\\/#\\\/schema\\\/person\\\/87d1e2eaa274b4698439c237565855d5\",\"name\":\"C\u00e9dric Charles\",\"image\":{\"@type\":\"ImageObject\",\"inLanguage\":\"de\",\"@id\":\"https:\\\/\\\/secure.gravatar.com\\\/avatar\\\/3d52632c54176dd50bae132f95905e1132d44852d60ad53b88613fee2cd0bfb7?s=96&d=mm&r=g\",\"url\":\"https:\\\/\\\/secure.gravatar.com\\\/avatar\\\/3d52632c54176dd50bae132f95905e1132d44852d60ad53b88613fee2cd0bfb7?s=96&d=mm&r=g\",\"contentUrl\":\"https:\\\/\\\/secure.gravatar.com\\\/avatar\\\/3d52632c54176dd50bae132f95905e1132d44852d60ad53b88613fee2cd0bfb7?s=96&d=mm&r=g\",\"caption\":\"C\u00e9dric Charles\"}}]}<\/script>\n<!-- \/ Yoast SEO Premium plugin. -->","yoast_head_json":{"title":"Des entreprises valaisannes feront-elles faillite pour avoir viol\u00e9 des normes en mati\u00e8re de protection des donn\u00e9es ? s - Lexing Switzerland","robots":{"index":"index","follow":"follow","max-snippet":"max-snippet:-1","max-image-preview":"max-image-preview:large","max-video-preview":"max-video-preview:-1"},"canonical":"https:\/\/lexing.ch\/entreprises-valaisannes-feront-faillite-viole-normes-matiere-de-protection-donnees-s\/","og_locale":"de_DE","og_type":"article","og_title":"Des entreprises valaisannes feront-elles faillite pour avoir viol\u00e9 des normes en mati\u00e8re de protection des donn\u00e9es ? s","og_description":"Vous trouvez la question saugrenue ? Le nouveau R\u00e8glement europ\u00e9en en mati\u00e8re de protection des donn\u00e9es (RGPD) pourrait toutefois vous inciter \u00e0 revoir votre copie. Ce texte est susceptible trouver application non seulement pour les entreprises helv\u00e9tiques (donc valaisannes), mais \u00e9galement pour toutes les collectivit\u00e9s publiques. Il concerne les organisations priv\u00e9es ou publiques \u00e9trang\u00e8res qui [&hellip;]","og_url":"https:\/\/lexing.ch\/entreprises-valaisannes-feront-faillite-viole-normes-matiere-de-protection-donnees-s\/","og_site_name":"Lexing Switzerland","article_publisher":"https:\/\/www.facebook.com\/Lexing.ch","article_published_time":"2017-10-20T08:40:21+00:00","author":"C\u00e9dric Charles","twitter_card":"summary_large_image","twitter_creator":"@sebastienfanti","twitter_site":"@sebastienfanti","twitter_misc":{"Verfasst von":"C\u00e9dric Charles","Gesch\u00e4tzte Lesezeit":"2\u00a0Minuten"},"schema":{"@context":"https:\/\/schema.org","@graph":[{"@type":"Article","@id":"https:\/\/lexing.ch\/entreprises-valaisannes-feront-faillite-viole-normes-matiere-de-protection-donnees-s\/#article","isPartOf":{"@id":"https:\/\/lexing.ch\/entreprises-valaisannes-feront-faillite-viole-normes-matiere-de-protection-donnees-s\/"},"author":{"name":"C\u00e9dric Charles","@id":"https:\/\/lexing.ch\/#\/schema\/person\/87d1e2eaa274b4698439c237565855d5"},"headline":"Des entreprises valaisannes feront-elles faillite pour avoir viol\u00e9 des normes en mati\u00e8re de protection des donn\u00e9es ? s","datePublished":"2017-10-20T08:40:21+00:00","mainEntityOfPage":{"@id":"https:\/\/lexing.ch\/entreprises-valaisannes-feront-faillite-viole-normes-matiere-de-protection-donnees-s\/"},"wordCount":357,"commentCount":0,"publisher":{"@id":"https:\/\/lexing.ch\/#organization"},"articleSection":["Les conseils de S\u00e9bastien Fanti","News"],"inLanguage":"de"},{"@type":"WebPage","@id":"https:\/\/lexing.ch\/entreprises-valaisannes-feront-faillite-viole-normes-matiere-de-protection-donnees-s\/","url":"https:\/\/lexing.ch\/entreprises-valaisannes-feront-faillite-viole-normes-matiere-de-protection-donnees-s\/","name":"Des entreprises valaisannes feront-elles faillite pour avoir viol\u00e9 des normes en mati\u00e8re de protection des donn\u00e9es ? s - Lexing Switzerland","isPartOf":{"@id":"https:\/\/lexing.ch\/#website"},"datePublished":"2017-10-20T08:40:21+00:00","breadcrumb":{"@id":"https:\/\/lexing.ch\/entreprises-valaisannes-feront-faillite-viole-normes-matiere-de-protection-donnees-s\/#breadcrumb"},"inLanguage":"de","potentialAction":[{"@type":"ReadAction","target":["https:\/\/lexing.ch\/entreprises-valaisannes-feront-faillite-viole-normes-matiere-de-protection-donnees-s\/"]}]},{"@type":"BreadcrumbList","@id":"https:\/\/lexing.ch\/entreprises-valaisannes-feront-faillite-viole-normes-matiere-de-protection-donnees-s\/#breadcrumb","itemListElement":[{"@type":"ListItem","position":1,"name":"Accueil","item":"https:\/\/lexing.ch\/de\/"},{"@type":"ListItem","position":2,"name":"Des entreprises valaisannes feront-elles faillite pour avoir viol\u00e9 des normes en mati\u00e8re de protection des donn\u00e9es ? s"}]},{"@type":"WebSite","@id":"https:\/\/lexing.ch\/#website","url":"https:\/\/lexing.ch\/","name":"Lexing Switzerland","description":"Common sense. Innovative solutions.","publisher":{"@id":"https:\/\/lexing.ch\/#organization"},"potentialAction":[{"@type":"SearchAction","target":{"@type":"EntryPoint","urlTemplate":"https:\/\/lexing.ch\/?s={search_term_string}"},"query-input":{"@type":"PropertyValueSpecification","valueRequired":true,"valueName":"search_term_string"}}],"inLanguage":"de"},{"@type":"Organization","@id":"https:\/\/lexing.ch\/#organization","name":"Lexing.ch","url":"https:\/\/lexing.ch\/","logo":{"@type":"ImageObject","inLanguage":"de","@id":"https:\/\/lexing.ch\/#\/schema\/logo\/image\/","url":"https:\/\/lexing.ch\/wp-content\/uploads\/2018\/02\/logo-lexing-ch.png","contentUrl":"https:\/\/lexing.ch\/wp-content\/uploads\/2018\/02\/logo-lexing-ch.png","width":"500","height":"174","caption":"Lexing.ch"},"image":{"@id":"https:\/\/lexing.ch\/#\/schema\/logo\/image\/"},"sameAs":["https:\/\/www.facebook.com\/Lexing.ch","https:\/\/x.com\/sebastienfanti"]},{"@type":"Person","@id":"https:\/\/lexing.ch\/#\/schema\/person\/87d1e2eaa274b4698439c237565855d5","name":"C\u00e9dric Charles","image":{"@type":"ImageObject","inLanguage":"de","@id":"https:\/\/secure.gravatar.com\/avatar\/3d52632c54176dd50bae132f95905e1132d44852d60ad53b88613fee2cd0bfb7?s=96&d=mm&r=g","url":"https:\/\/secure.gravatar.com\/avatar\/3d52632c54176dd50bae132f95905e1132d44852d60ad53b88613fee2cd0bfb7?s=96&d=mm&r=g","contentUrl":"https:\/\/secure.gravatar.com\/avatar\/3d52632c54176dd50bae132f95905e1132d44852d60ad53b88613fee2cd0bfb7?s=96&d=mm&r=g","caption":"C\u00e9dric Charles"}}]}},"acf":[],"_links":{"self":[{"href":"https:\/\/lexing.ch\/de\/wp-json\/wp\/v2\/posts\/37764","targetHints":{"allow":["GET"]}}],"collection":[{"href":"https:\/\/lexing.ch\/de\/wp-json\/wp\/v2\/posts"}],"about":[{"href":"https:\/\/lexing.ch\/de\/wp-json\/wp\/v2\/types\/post"}],"author":[{"embeddable":true,"href":"https:\/\/lexing.ch\/de\/wp-json\/wp\/v2\/users\/2"}],"replies":[{"embeddable":true,"href":"https:\/\/lexing.ch\/de\/wp-json\/wp\/v2\/comments?post=37764"}],"version-history":[{"count":0,"href":"https:\/\/lexing.ch\/de\/wp-json\/wp\/v2\/posts\/37764\/revisions"}],"wp:attachment":[{"href":"https:\/\/lexing.ch\/de\/wp-json\/wp\/v2\/media?parent=37764"}],"wp:term":[{"taxonomy":"category","embeddable":true,"href":"https:\/\/lexing.ch\/de\/wp-json\/wp\/v2\/categories?post=37764"},{"taxonomy":"post_tag","embeddable":true,"href":"https:\/\/lexing.ch\/de\/wp-json\/wp\/v2\/tags?post=37764"}],"curies":[{"name":"wp","href":"https:\/\/api.w.org\/{rel}","templated":true}]}}